{"id":1196,"date":"2024-09-08T20:48:00","date_gmt":"2024-09-08T20:48:00","guid":{"rendered":"https:\/\/fundaciongrupoalerta.org\/blog\/?p=1196"},"modified":"2026-07-23T22:43:09","modified_gmt":"2026-07-23T22:43:09","slug":"grupo-alerta-80-anos-creando-valor","status":"publish","type":"post","link":"https:\/\/fundaciongrupoalerta.org\/blog\/grupo-alerta-80-anos-creando-valor\/","title":{"rendered":"GRUPO ALERTA: 80 A\u00d1OS CREANDO VALOR"},"content":{"rendered":"\n<h2 class=\"wp-block-heading has-text-align-center has-medium-font-size\" style=\"line-height:1.6\">Descubre la historia, el crecimiento y el impacto de Grupo Alerta a trav\u00e9s de un recorrido por las empresas, proyectos y valores que han consolidado su presencia en distintos sectores del pa\u00eds.<\/h2>\n\n\n\n<figure class=\"wp-block-image size-large\"><img fetchpriority=\"high\" decoding=\"async\" width=\"1024\" height=\"576\" src=\"https:\/\/fundaciongrupoalerta.org\/blog\/wp-content\/uploads\/2024\/09\/80-anos_Fondo-de-pantalla-2-1024x576.png\" alt=\"\" class=\"wp-image-1205\" srcset=\"https:\/\/fundaciongrupoalerta.org\/blog\/wp-content\/uploads\/2024\/09\/80-anos_Fondo-de-pantalla-2-1024x576.png 1024w, https:\/\/fundaciongrupoalerta.org\/blog\/wp-content\/uploads\/2024\/09\/80-anos_Fondo-de-pantalla-2-300x169.png 300w, https:\/\/fundaciongrupoalerta.org\/blog\/wp-content\/uploads\/2024\/09\/80-anos_Fondo-de-pantalla-2-768x432.png 768w, https:\/\/fundaciongrupoalerta.org\/blog\/wp-content\/uploads\/2024\/09\/80-anos_Fondo-de-pantalla-2-1536x864.png 1536w, https:\/\/fundaciongrupoalerta.org\/blog\/wp-content\/uploads\/2024\/09\/80-anos_Fondo-de-pantalla-2-2048x1152.png 2048w\" sizes=\"(max-width: 1024px) 100vw, 1024px\" \/><\/figure>\n\n\n\n<h3 class=\"wp-block-heading has-white-color has-text-color has-background has-link-color has-medium-font-size wp-elements-f2ac21e9a11b4a143d2e4836f60b08c9\" style=\"background:linear-gradient(135deg,rgb(255,105,0) 0%,rgb(207,46,46) 11%);line-height:1.6\"><strong>Una historia de crecimiento y compromiso<\/strong><\/h3>\n\n\n\n<p class=\"wp-block-paragraph\" style=\"line-height:1.6\">Con m\u00e1s de ocho d\u00e9cadas de trayectoria, Grupo Alerta se ha consolidado como un corporativo con presencia en diversos sectores estrat\u00e9gicos de M\u00e9xico, impulsando el desarrollo econ\u00f3mico, la innovaci\u00f3n y la generaci\u00f3n de oportunidades en las comunidades donde opera.<\/p>\n\n\n\n<figure class=\"wp-block-embed is-type-video is-provider-youtube wp-block-embed-youtube wp-embed-aspect-16-9 wp-has-aspect-ratio\"><div class=\"wp-block-embed__wrapper\">\n<iframe title=\"Video institucional Grupo Alerta 2024\" width=\"800\" height=\"450\" src=\"https:\/\/www.youtube.com\/embed\/oIz7p8h2vrA?feature=oembed\" frameborder=\"0\" allow=\"accelerometer; autoplay; clipboard-write; encrypted-media; gyroscope; picture-in-picture; web-share\" referrerpolicy=\"strict-origin-when-cross-origin\" allowfullscreen><\/iframe>\n<\/div><\/figure>\n\n\n\n<p class=\"wp-block-paragraph\" style=\"line-height:1.6\">En este video institucional conocer\u00e1s c\u00f3mo, a trav\u00e9s de empresas dedicadas a los sectores energ\u00e9tico, inmobiliario, automotriz, educativo, de telecomunicaciones, comunicaci\u00f3n y entretenimiento, Grupo Alerta ha construido una historia basada en el crecimiento, la confianza y la excelencia en el servicio.<\/p>\n\n\n\n<p class=\"wp-block-paragraph\" style=\"line-height:1.6\">Descubre proyectos y marcas que forman parte de esta visi\u00f3n, como Gaspasa, Diesgas, Caligas, Proceram, Gaspasa Gasolinas, Vicasa Desarrollos, TVP, Fullcolor, Popul Auto Mazatl\u00e1n, Ford Bajacal, Colegio Andes y G M\u00f3vil, entre otras, que reflejan la diversidad y fortaleza del grupo empresarial.<\/p>\n\n\n\n<figure class=\"wp-block-image aligncenter size-full\"><img decoding=\"async\" width=\"826\" height=\"447\" src=\"https:\/\/fundaciongrupoalerta.org\/blog\/wp-content\/uploads\/2026\/07\/image-25.png\" alt=\"\" class=\"wp-image-1198\" srcset=\"https:\/\/fundaciongrupoalerta.org\/blog\/wp-content\/uploads\/2026\/07\/image-25.png 826w, https:\/\/fundaciongrupoalerta.org\/blog\/wp-content\/uploads\/2026\/07\/image-25-300x162.png 300w, https:\/\/fundaciongrupoalerta.org\/blog\/wp-content\/uploads\/2026\/07\/image-25-768x416.png 768w\" sizes=\"(max-width: 826px) 100vw, 826px\" \/><figcaption class=\"wp-element-caption\"><em><sub>Conoce a las empresas, las personas y los valores que impulsan a Grupo Alerta.<\/sub><\/em><\/figcaption><\/figure>\n\n\n\n<p class=\"wp-block-paragraph\" style=\"line-height:1.6\">El recorrido tambi\u00e9n muestra el compromiso de Grupo Alerta con el desarrollo social mediante programas de becas universitarias y de posgrado, as\u00ed como las acciones que impulsa Fundaci\u00f3n Grupo Alerta en beneficio de la comunidad y el medio ambiente.<\/p>\n\n\n\n<figure class=\"wp-block-image aligncenter size-large\"><img decoding=\"async\" width=\"1024\" height=\"576\" src=\"https:\/\/fundaciongrupoalerta.org\/blog\/wp-content\/uploads\/2026\/07\/ChatGPT-Image-23-jul-2026-15_08_19-1024x576.png\" alt=\"\" class=\"wp-image-1203\" srcset=\"https:\/\/fundaciongrupoalerta.org\/blog\/wp-content\/uploads\/2026\/07\/ChatGPT-Image-23-jul-2026-15_08_19-1024x576.png 1024w, https:\/\/fundaciongrupoalerta.org\/blog\/wp-content\/uploads\/2026\/07\/ChatGPT-Image-23-jul-2026-15_08_19-300x169.png 300w, https:\/\/fundaciongrupoalerta.org\/blog\/wp-content\/uploads\/2026\/07\/ChatGPT-Image-23-jul-2026-15_08_19-768x432.png 768w, https:\/\/fundaciongrupoalerta.org\/blog\/wp-content\/uploads\/2026\/07\/ChatGPT-Image-23-jul-2026-15_08_19-1536x864.png 1536w, https:\/\/fundaciongrupoalerta.org\/blog\/wp-content\/uploads\/2026\/07\/ChatGPT-Image-23-jul-2026-15_08_19.png 1672w\" sizes=\"(max-width: 1024px) 100vw, 1024px\" \/><figcaption class=\"wp-element-caption\"><em><sub>Impulsamos el talento, fortalecemos la educaci\u00f3n y abrimos camino hacia un futuro con m\u00e1s oportunidades.<\/sub><\/em><\/figcaption><\/figure>\n\n\n\n<p class=\"wp-block-paragraph\" style=\"line-height:1.6\">Te invitamos a conocer esta historia de crecimiento, innovaci\u00f3n y compromiso, y descubrir c\u00f3mo el trabajo de m\u00e1s de 3,500 colaboradores contin\u00faa construyendo un legado que genera valor para M\u00e9xico.<\/p>\n","protected":false},"excerpt":{"rendered":"<p>Descubre la historia, el crecimiento y el impacto de Grupo Alerta a trav\u00e9s de un recorrido por las empresas, proyectos y valores que han consolidado su presencia en distintos sectores del pa\u00eds. Una historia de crecimiento y compromiso Con m\u00e1s de ocho d\u00e9cadas de trayectoria, Grupo Alerta se ha consolidado como un corporativo con presencia [&hellip;]<\/p>\n","protected":false},"author":4,"featured_media":1205,"comment_status":"open","ping_status":"open","sticky":false,"template":"","format":"standard","meta":{"footnotes":""},"categories":[17,1],"tags":[],"class_list":["post-1196","post","type-post","status-publish","format-standard","has-post-thumbnail","hentry","category-comunidad","category-uncategorized"],"_links":{"self":[{"href":"https:\/\/fundaciongrupoalerta.org\/blog\/wp-json\/wp\/v2\/posts\/1196","targetHints":{"allow":["GET"]}}],"collection":[{"href":"https:\/\/fundaciongrupoalerta.org\/blog\/wp-json\/wp\/v2\/posts"}],"about":[{"href":"https:\/\/fundaciongrupoalerta.org\/blog\/wp-json\/wp\/v2\/types\/post"}],"author":[{"embeddable":true,"href":"https:\/\/fundaciongrupoalerta.org\/blog\/wp-json\/wp\/v2\/users\/4"}],"replies":[{"embeddable":true,"href":"https:\/\/fundaciongrupoalerta.org\/blog\/wp-json\/wp\/v2\/comments?post=1196"}],"version-history":[{"count":2,"href":"https:\/\/fundaciongrupoalerta.org\/blog\/wp-json\/wp\/v2\/posts\/1196\/revisions"}],"predecessor-version":[{"id":1207,"href":"https:\/\/fundaciongrupoalerta.org\/blog\/wp-json\/wp\/v2\/posts\/1196\/revisions\/1207"}],"wp:featuredmedia":[{"embeddable":true,"href":"https:\/\/fundaciongrupoalerta.org\/blog\/wp-json\/wp\/v2\/media\/1205"}],"wp:attachment":[{"href":"https:\/\/fundaciongrupoalerta.org\/blog\/wp-json\/wp\/v2\/media?parent=1196"}],"wp:term":[{"taxonomy":"category","embeddable":true,"href":"https:\/\/fundaciongrupoalerta.org\/blog\/wp-json\/wp\/v2\/categories?post=1196"},{"taxonomy":"post_tag","embeddable":true,"href":"https:\/\/fundaciongrupoalerta.org\/blog\/wp-json\/wp\/v2\/tags?post=1196"}],"curies":[{"name":"wp","href":"https:\/\/api.w.org\/{rel}","templated":true}]}}