{"id":1208,"date":"2024-12-03T22:21:00","date_gmt":"2024-12-03T22:21:00","guid":{"rendered":"https:\/\/fundaciongrupoalerta.org\/blog\/?p=1208"},"modified":"2026-07-31T23:04:25","modified_gmt":"2026-07-31T23:04:25","slug":"transformando-vidas-con-teleton","status":"publish","type":"post","link":"https:\/\/fundaciongrupoalerta.org\/blog\/transformando-vidas-con-teleton\/","title":{"rendered":"TRANSFORMANDO VIDAS CON TELET\u00d3N"},"content":{"rendered":"\n<h2 class=\"wp-block-heading has-text-align-center has-medium-font-size\" style=\"line-height:1.6\">La historia de \u00c1ngela refleja c\u00f3mo la solidaridad y el compromiso con la inclusi\u00f3n pueden abrir nuevas oportunidades para ni\u00f1as y ni\u00f1os que requieren atenci\u00f3n especializada.<\/h2>\n\n\n\n<figure class=\"wp-block-image aligncenter size-full\"><img fetchpriority=\"high\" decoding=\"async\" width=\"824\" height=\"446\" src=\"https:\/\/fundaciongrupoalerta.org\/blog\/wp-content\/uploads\/2026\/07\/image-28.png\" alt=\"\" class=\"wp-image-1210\" srcset=\"https:\/\/fundaciongrupoalerta.org\/blog\/wp-content\/uploads\/2026\/07\/image-28.png 824w, https:\/\/fundaciongrupoalerta.org\/blog\/wp-content\/uploads\/2026\/07\/image-28-300x162.png 300w, https:\/\/fundaciongrupoalerta.org\/blog\/wp-content\/uploads\/2026\/07\/image-28-768x416.png 768w\" sizes=\"(max-width: 824px) 100vw, 824px\" \/><\/figure>\n\n\n\n<p class=\"wp-block-paragraph\" style=\"line-height:1.6\">\u00c1ngela es hija de Simara Moreno, colaboradora de Grupo Alerta, y su historia es un testimonio del impacto que la rehabilitaci\u00f3n integral puede tener en la vida de una familia.<\/p>\n\n\n\n<p class=\"wp-block-paragraph\" style=\"line-height:1.6\">Naci\u00f3 con s\u00edndrome de Down, una condici\u00f3n que represent\u00f3 diversos retos para su movilidad y desarrollo. Gracias a la atenci\u00f3n especializada que recibi\u00f3 en el CRIT Telet\u00f3n Baja California Sur, \u00c1ngela inici\u00f3 un proceso de rehabilitaci\u00f3n que le permiti\u00f3 alcanzar importantes avances en su desarrollo f\u00edsico y fortalecer su autonom\u00eda.<\/p>\n\n\n\n<figure class=\"wp-block-embed aligncenter is-type-video is-provider-youtube wp-block-embed-youtube wp-embed-aspect-16-9 wp-has-aspect-ratio\"><div class=\"wp-block-embed__wrapper\">\n<iframe title=\"\u00a1En Grupo Alerta todos somos Telet\u00f3n!\" width=\"800\" height=\"450\" src=\"https:\/\/www.youtube.com\/embed\/r0VcthHKpEA?feature=oembed\" frameborder=\"0\" allow=\"accelerometer; autoplay; clipboard-write; encrypted-media; gyroscope; picture-in-picture; web-share\" referrerpolicy=\"strict-origin-when-cross-origin\" allowfullscreen><\/iframe>\n<\/div><figcaption class=\"wp-element-caption\"><em><sub>Conoce la historia de \u00c1ngela y descubre c\u00f3mo el apoyo de miles de personas puede transformar la vida de una familia y abrir nuevas oportunidades para el futuro.<\/sub><\/em><\/figcaption><\/figure>\n\n\n\n<p class=\"wp-block-paragraph\" style=\"line-height:1.6\">Hoy puede caminar, jugar y disfrutar de su infancia con mayor independencia, logros que han sido posibles gracias al trabajo de profesionales, el acompa\u00f1amiento de su familia y el apoyo de miles de personas que, con sus donativos, hacen posible la labor de Telet\u00f3n.<\/p>\n\n\n\n<p class=\"wp-block-paragraph\" style=\"line-height:1.6\">En Grupo Alerta creemos que cada aportaci\u00f3n representa una oportunidad para transformar vidas y construir un futuro con mayor inclusi\u00f3n. Por ello, reafirmamos nuestro compromiso con esta causa que, a\u00f1o con a\u00f1o, brinda esperanza a ni\u00f1as, ni\u00f1os y adolescentes que requieren servicios de rehabilitaci\u00f3n.<\/p>\n\n\n\n<figure class=\"wp-block-image aligncenter size-full\"><img decoding=\"async\" width=\"817\" height=\"443\" src=\"https:\/\/fundaciongrupoalerta.org\/blog\/wp-content\/uploads\/2026\/07\/image-29.png\" alt=\"\" class=\"wp-image-1211\" srcset=\"https:\/\/fundaciongrupoalerta.org\/blog\/wp-content\/uploads\/2026\/07\/image-29.png 817w, https:\/\/fundaciongrupoalerta.org\/blog\/wp-content\/uploads\/2026\/07\/image-29-300x163.png 300w, https:\/\/fundaciongrupoalerta.org\/blog\/wp-content\/uploads\/2026\/07\/image-29-768x416.png 768w\" sizes=\"(max-width: 817px) 100vw, 817px\" \/><figcaption class=\"wp-element-caption\"><em><sub>Porque cuando una comunidad se une para apoyar, los sue\u00f1os encuentran el camino para hacerse realidad.<\/sub><\/em><\/figcaption><\/figure>\n\n\n\n<p class=\"wp-block-paragraph\"><\/p>\n","protected":false},"excerpt":{"rendered":"<p>La historia de \u00c1ngela refleja c\u00f3mo la solidaridad y el compromiso con la inclusi\u00f3n pueden abrir nuevas oportunidades para ni\u00f1as y ni\u00f1os que requieren atenci\u00f3n especializada. \u00c1ngela es hija de Simara Moreno, colaboradora de Grupo Alerta, y su historia es un testimonio del impacto que la rehabilitaci\u00f3n integral puede tener en la vida de una [&hellip;]<\/p>\n","protected":false},"author":4,"featured_media":1210,"comment_status":"open","ping_status":"open","sticky":false,"template":"","format":"standard","meta":{"footnotes":""},"categories":[16],"tags":[],"class_list":["post-1208","post","type-post","status-publish","format-standard","has-post-thumbnail","hentry","category-donatarias"],"_links":{"self":[{"href":"https:\/\/fundaciongrupoalerta.org\/blog\/wp-json\/wp\/v2\/posts\/1208","targetHints":{"allow":["GET"]}}],"collection":[{"href":"https:\/\/fundaciongrupoalerta.org\/blog\/wp-json\/wp\/v2\/posts"}],"about":[{"href":"https:\/\/fundaciongrupoalerta.org\/blog\/wp-json\/wp\/v2\/types\/post"}],"author":[{"embeddable":true,"href":"https:\/\/fundaciongrupoalerta.org\/blog\/wp-json\/wp\/v2\/users\/4"}],"replies":[{"embeddable":true,"href":"https:\/\/fundaciongrupoalerta.org\/blog\/wp-json\/wp\/v2\/comments?post=1208"}],"version-history":[{"count":1,"href":"https:\/\/fundaciongrupoalerta.org\/blog\/wp-json\/wp\/v2\/posts\/1208\/revisions"}],"predecessor-version":[{"id":1212,"href":"https:\/\/fundaciongrupoalerta.org\/blog\/wp-json\/wp\/v2\/posts\/1208\/revisions\/1212"}],"wp:featuredmedia":[{"embeddable":true,"href":"https:\/\/fundaciongrupoalerta.org\/blog\/wp-json\/wp\/v2\/media\/1210"}],"wp:attachment":[{"href":"https:\/\/fundaciongrupoalerta.org\/blog\/wp-json\/wp\/v2\/media?parent=1208"}],"wp:term":[{"taxonomy":"category","embeddable":true,"href":"https:\/\/fundaciongrupoalerta.org\/blog\/wp-json\/wp\/v2\/categories?post=1208"},{"taxonomy":"post_tag","embeddable":true,"href":"https:\/\/fundaciongrupoalerta.org\/blog\/wp-json\/wp\/v2\/tags?post=1208"}],"curies":[{"name":"wp","href":"https:\/\/api.w.org\/{rel}","templated":true}]}}