{"id":1213,"date":"2025-10-06T23:28:00","date_gmt":"2025-10-06T23:28:00","guid":{"rendered":"https:\/\/fundaciongrupoalerta.org\/blog\/?p=1213"},"modified":"2026-07-23T23:50:32","modified_gmt":"2026-07-23T23:50:32","slug":"80-anos-inspirando-historias","status":"publish","type":"post","link":"https:\/\/fundaciongrupoalerta.org\/blog\/80-anos-inspirando-historias\/","title":{"rendered":"80 A\u00d1OS INSPIRANDO HISTORIAS"},"content":{"rendered":"\n<h2 class=\"wp-block-heading has-text-align-center has-medium-font-size\" style=\"line-height:1.6\">Ocho d\u00e9cadas de crecimiento, compromiso e innovaci\u00f3n que han consolidado a Grupo Alerta como un referente empresarial, impulsando el desarrollo de miles de familias y comunidades.<\/h2>\n\n\n\n<figure class=\"wp-block-image aligncenter size-large\"><img fetchpriority=\"high\" decoding=\"async\" width=\"1024\" height=\"576\" src=\"https:\/\/fundaciongrupoalerta.org\/blog\/wp-content\/uploads\/2026\/07\/80-anos_Fondo-de-pantalla-3-copia-1024x576.png\" alt=\"\" class=\"wp-image-1215\" srcset=\"https:\/\/fundaciongrupoalerta.org\/blog\/wp-content\/uploads\/2026\/07\/80-anos_Fondo-de-pantalla-3-copia-1024x576.png 1024w, https:\/\/fundaciongrupoalerta.org\/blog\/wp-content\/uploads\/2026\/07\/80-anos_Fondo-de-pantalla-3-copia-300x169.png 300w, https:\/\/fundaciongrupoalerta.org\/blog\/wp-content\/uploads\/2026\/07\/80-anos_Fondo-de-pantalla-3-copia-768x432.png 768w, https:\/\/fundaciongrupoalerta.org\/blog\/wp-content\/uploads\/2026\/07\/80-anos_Fondo-de-pantalla-3-copia-1536x864.png 1536w, https:\/\/fundaciongrupoalerta.org\/blog\/wp-content\/uploads\/2026\/07\/80-anos_Fondo-de-pantalla-3-copia-2048x1152.png 2048w\" sizes=\"(max-width: 1024px) 100vw, 1024px\" \/><\/figure>\n\n\n\n<p class=\"wp-block-paragraph\" style=\"line-height:1.6\">Toda gran historia comienza con una visi\u00f3n. En 1945, Rodolfo Rodr\u00edguez Arnold fund\u00f3 Distribuidora de Estufas y Gas (Diesgas), dando origen a un proyecto empresarial que, con el paso de los a\u00f1os, evolucionar\u00eda hasta convertirse en lo que hoy conocemos como Grupo Alerta.<\/p>\n\n\n\n<div class=\"wp-block-columns is-layout-flex wp-container-core-columns-is-layout-7387b849 wp-block-columns-is-layout-flex\">\n<div class=\"wp-block-column is-layout-flow wp-block-column-is-layout-flow\" style=\"flex-basis:50%\">\n<figure class=\"wp-block-image aligncenter size-full\"><img decoding=\"async\" width=\"658\" height=\"423\" src=\"https:\/\/fundaciongrupoalerta.org\/blog\/wp-content\/uploads\/2026\/07\/image-32.png\" alt=\"\" class=\"wp-image-1217\" style=\"aspect-ratio:4\/3;object-fit:cover\" srcset=\"https:\/\/fundaciongrupoalerta.org\/blog\/wp-content\/uploads\/2026\/07\/image-32.png 658w, https:\/\/fundaciongrupoalerta.org\/blog\/wp-content\/uploads\/2026\/07\/image-32-300x193.png 300w\" sizes=\"(max-width: 658px) 100vw, 658px\" \/><figcaption class=\"wp-element-caption\"><em><sub>Rodolfo Rodr\u00edguez Arnold, fundador de Grupo Alerta, cuya visi\u00f3n dio origen a 80 a\u00f1os de crecimiento, compromiso e innovaci\u00f3n.<\/sub><\/em><\/figcaption><\/figure>\n<\/div>\n\n\n\n<div class=\"wp-block-column is-layout-flow wp-block-column-is-layout-flow\" style=\"flex-basis:50%\">\n<figure class=\"wp-block-image aligncenter size-full\"><img decoding=\"async\" width=\"614\" height=\"407\" src=\"https:\/\/fundaciongrupoalerta.org\/blog\/wp-content\/uploads\/2026\/07\/Captura-de-pantalla-2026-07-23-160822.png\" alt=\"\" class=\"wp-image-1220\" style=\"aspect-ratio:4\/3;object-fit:cover\" srcset=\"https:\/\/fundaciongrupoalerta.org\/blog\/wp-content\/uploads\/2026\/07\/Captura-de-pantalla-2026-07-23-160822.png 614w, https:\/\/fundaciongrupoalerta.org\/blog\/wp-content\/uploads\/2026\/07\/Captura-de-pantalla-2026-07-23-160822-300x199.png 300w\" sizes=\"(max-width: 614px) 100vw, 614px\" \/><figcaption class=\"wp-element-caption\"><em><sub>Los inicios de Diesgas marcaron el comienzo de una historia de crecimiento y compromiso.<\/sub><\/em><\/figcaption><\/figure>\n<\/div>\n<\/div>\n\n\n\n<p class=\"wp-block-paragraph\" style=\"line-height:1.6\">A lo largo de ocho d\u00e9cadas, el compromiso con la calidad, la innovaci\u00f3n y el servicio ha permitido consolidar un grupo empresarial con presencia en nueve estados del pa\u00eds, integrando empresas l\u00edderes en sectores como energ\u00eda, inmobiliario, automotriz, educaci\u00f3n y entretenimiento.<\/p>\n\n\n\n<figure class=\"wp-block-embed is-type-video is-provider-youtube wp-block-embed-youtube wp-embed-aspect-16-9 wp-has-aspect-ratio\"><div class=\"wp-block-embed__wrapper\">\n<iframe title=\"Grupo Alerta 80 aniversario\" width=\"800\" height=\"450\" src=\"https:\/\/www.youtube.com\/embed\/jyBCf6PvfrI?feature=oembed\" frameborder=\"0\" allow=\"accelerometer; autoplay; clipboard-write; encrypted-media; gyroscope; picture-in-picture; web-share\" referrerpolicy=\"strict-origin-when-cross-origin\" allowfullscreen><\/iframe>\n<\/div><\/figure>\n\n\n\n<p class=\"wp-block-paragraph\" style=\"line-height:1.6\">El crecimiento de Grupo Alerta ha sido posible gracias al esfuerzo y dedicaci\u00f3n de m\u00e1s de 3,500 colaboradores, quienes d\u00eda a d\u00eda contribuyen con su talento y compromiso para ofrecer productos y servicios que generan valor a clientes, aliados comerciales y comunidades.<\/p>\n\n\n\n<div class=\"wp-block-columns is-layout-flex wp-container-core-columns-is-layout-7387b849 wp-block-columns-is-layout-flex\">\n<div class=\"wp-block-column is-layout-flow wp-block-column-is-layout-flow\" style=\"flex-basis:50%\">\n<figure class=\"wp-block-image size-full\"><img loading=\"lazy\" decoding=\"async\" width=\"567\" height=\"423\" src=\"https:\/\/fundaciongrupoalerta.org\/blog\/wp-content\/uploads\/2026\/07\/Captura-de-pantalla-2026-07-23-161117.png\" alt=\"\" class=\"wp-image-1222\" style=\"aspect-ratio:4\/3;object-fit:cover\" srcset=\"https:\/\/fundaciongrupoalerta.org\/blog\/wp-content\/uploads\/2026\/07\/Captura-de-pantalla-2026-07-23-161117.png 567w, https:\/\/fundaciongrupoalerta.org\/blog\/wp-content\/uploads\/2026\/07\/Captura-de-pantalla-2026-07-23-161117-300x224.png 300w\" sizes=\"(max-width: 567px) 100vw, 567px\" \/><\/figure>\n<\/div>\n\n\n\n<div class=\"wp-block-column is-layout-flow wp-block-column-is-layout-flow\" style=\"flex-basis:50%\">\n<figure class=\"wp-block-image size-full\"><img loading=\"lazy\" decoding=\"async\" width=\"595\" height=\"428\" src=\"https:\/\/fundaciongrupoalerta.org\/blog\/wp-content\/uploads\/2026\/07\/Captura-de-pantalla-2026-07-23-161637.png\" alt=\"\" class=\"wp-image-1223\" style=\"aspect-ratio:4\/3;object-fit:cover\" srcset=\"https:\/\/fundaciongrupoalerta.org\/blog\/wp-content\/uploads\/2026\/07\/Captura-de-pantalla-2026-07-23-161637.png 595w, https:\/\/fundaciongrupoalerta.org\/blog\/wp-content\/uploads\/2026\/07\/Captura-de-pantalla-2026-07-23-161637-300x216.png 300w\" sizes=\"(max-width: 595px) 100vw, 595px\" \/><\/figure>\n<\/div>\n<\/div>\n\n\n\n<h1 class=\"wp-block-heading has-text-align-center has-white-color has-vivid-red-background-color has-text-color has-background has-link-color wp-elements-c52420893d5484d7e5f8fc603bbdb6ad\" style=\"line-height:1.6\"><strong>EL TALENTO, LA DEDICACI\u00d3N Y EL COMPROMISO DE NUESTRA GENTE HACEN POSIBLE CADA PASO QUE DAMOS.<\/strong><\/h1>\n\n\n\n<div class=\"wp-block-columns is-layout-flex wp-container-core-columns-is-layout-7387b849 wp-block-columns-is-layout-flex\">\n<div class=\"wp-block-column is-layout-flow wp-block-column-is-layout-flow\" style=\"flex-basis:50%\">\n<figure class=\"wp-block-image size-full\"><img loading=\"lazy\" decoding=\"async\" width=\"704\" height=\"414\" src=\"https:\/\/fundaciongrupoalerta.org\/blog\/wp-content\/uploads\/2026\/07\/Captura-de-pantalla-2026-07-23-161235.png\" alt=\"\" class=\"wp-image-1225\" style=\"aspect-ratio:4\/3;object-fit:cover\" srcset=\"https:\/\/fundaciongrupoalerta.org\/blog\/wp-content\/uploads\/2026\/07\/Captura-de-pantalla-2026-07-23-161235.png 704w, https:\/\/fundaciongrupoalerta.org\/blog\/wp-content\/uploads\/2026\/07\/Captura-de-pantalla-2026-07-23-161235-300x176.png 300w\" sizes=\"(max-width: 704px) 100vw, 704px\" \/><\/figure>\n<\/div>\n\n\n\n<div class=\"wp-block-column is-layout-flow wp-block-column-is-layout-flow\" style=\"flex-basis:50%\">\n<figure class=\"wp-block-image size-full\"><img loading=\"lazy\" decoding=\"async\" width=\"771\" height=\"439\" src=\"https:\/\/fundaciongrupoalerta.org\/blog\/wp-content\/uploads\/2026\/07\/Captura-de-pantalla-2026-07-23-162449-1.png\" alt=\"\" class=\"wp-image-1234\" style=\"aspect-ratio:4\/3;object-fit:cover\" srcset=\"https:\/\/fundaciongrupoalerta.org\/blog\/wp-content\/uploads\/2026\/07\/Captura-de-pantalla-2026-07-23-162449-1.png 771w, https:\/\/fundaciongrupoalerta.org\/blog\/wp-content\/uploads\/2026\/07\/Captura-de-pantalla-2026-07-23-162449-1-300x171.png 300w, https:\/\/fundaciongrupoalerta.org\/blog\/wp-content\/uploads\/2026\/07\/Captura-de-pantalla-2026-07-23-162449-1-768x437.png 768w\" sizes=\"(max-width: 771px) 100vw, 771px\" \/><\/figure>\n<\/div>\n<\/div>\n\n\n\n<p class=\"wp-block-paragraph\" style=\"line-height:1.6\">M\u00e1s all\u00e1 del desarrollo empresarial, Grupo Alerta mantiene un firme compromiso con la responsabilidad social, impulsando iniciativas que fortalecen el bienestar de la sociedad y reflejan los valores que han acompa\u00f1ado a la organizaci\u00f3n desde sus inicios.<\/p>\n\n\n\n<figure class=\"wp-block-image aligncenter size-full\"><img loading=\"lazy\" decoding=\"async\" width=\"812\" height=\"419\" src=\"https:\/\/fundaciongrupoalerta.org\/blog\/wp-content\/uploads\/2026\/07\/Captura-de-pantalla-2026-07-23-164753.png\" alt=\"\" class=\"wp-image-1236\" srcset=\"https:\/\/fundaciongrupoalerta.org\/blog\/wp-content\/uploads\/2026\/07\/Captura-de-pantalla-2026-07-23-164753.png 812w, https:\/\/fundaciongrupoalerta.org\/blog\/wp-content\/uploads\/2026\/07\/Captura-de-pantalla-2026-07-23-164753-300x155.png 300w, https:\/\/fundaciongrupoalerta.org\/blog\/wp-content\/uploads\/2026\/07\/Captura-de-pantalla-2026-07-23-164753-768x396.png 768w\" sizes=\"(max-width: 812px) 100vw, 812px\" \/><\/figure>\n\n\n\n<div class=\"wp-block-columns is-layout-flex wp-container-core-columns-is-layout-7387b849 wp-block-columns-is-layout-flex\">\n<div class=\"wp-block-column is-layout-flow wp-block-column-is-layout-flow\" style=\"flex-basis:50.01%\">\n<figure class=\"wp-block-image size-full\"><img loading=\"lazy\" decoding=\"async\" width=\"536\" height=\"378\" src=\"https:\/\/fundaciongrupoalerta.org\/blog\/wp-content\/uploads\/2026\/07\/Captura-de-pantalla-2026-07-23-162350.png\" alt=\"\" class=\"wp-image-1228\" style=\"aspect-ratio:4\/3;object-fit:cover\" srcset=\"https:\/\/fundaciongrupoalerta.org\/blog\/wp-content\/uploads\/2026\/07\/Captura-de-pantalla-2026-07-23-162350.png 536w, https:\/\/fundaciongrupoalerta.org\/blog\/wp-content\/uploads\/2026\/07\/Captura-de-pantalla-2026-07-23-162350-300x212.png 300w\" sizes=\"(max-width: 536px) 100vw, 536px\" \/><\/figure>\n<\/div>\n\n\n\n<div class=\"wp-block-column is-layout-flow wp-block-column-is-layout-flow\" style=\"flex-basis:49.99%\">\n<figure class=\"wp-block-image size-full\"><img loading=\"lazy\" decoding=\"async\" width=\"740\" height=\"415\" src=\"https:\/\/fundaciongrupoalerta.org\/blog\/wp-content\/uploads\/2026\/07\/Captura-de-pantalla-2026-07-23-162528.png\" alt=\"\" class=\"wp-image-1229\" style=\"aspect-ratio:4\/3;object-fit:cover\" srcset=\"https:\/\/fundaciongrupoalerta.org\/blog\/wp-content\/uploads\/2026\/07\/Captura-de-pantalla-2026-07-23-162528.png 740w, https:\/\/fundaciongrupoalerta.org\/blog\/wp-content\/uploads\/2026\/07\/Captura-de-pantalla-2026-07-23-162528-300x168.png 300w\" sizes=\"(max-width: 740px) 100vw, 740px\" \/><\/figure>\n<\/div>\n<\/div>\n\n\n\n<h1 class=\"wp-block-heading has-text-align-center has-white-color has-vivid-red-background-color has-text-color has-background has-link-color wp-elements-31a41a6cc29867826e0c7fa033fe268c\" style=\"line-height:1.6\"><strong>NUESTRO COMPROMISO TRASCIENDE LOS NEGOCIOS: SE REFLEJA EN EL SERVICIO A NUESTROS CLIENTES Y EN LAS ACCIONES QUE GENERAN UN IMPACTO POSITIVO EN NUESTRA COMUNIDAD<\/strong><\/h1>\n\n\n\n<p class=\"wp-block-paragraph\" style=\"line-height:1.6\">Celebrar 80 a\u00f1os representa reconocer el camino recorrido, agradecer la confianza de quienes han formado parte de esta historia y renovar el compromiso de seguir construyendo un futuro de crecimiento, innovaci\u00f3n y desarrollo para las pr\u00f3ximas generaciones.<\/p>\n\n\n\n<div class=\"wp-block-group is-layout-constrained wp-block-group-is-layout-constrained\">\n<figure class=\"wp-block-image aligncenter size-full\"><img loading=\"lazy\" decoding=\"async\" width=\"743\" height=\"435\" src=\"https:\/\/fundaciongrupoalerta.org\/blog\/wp-content\/uploads\/2026\/07\/Captura-de-pantalla-2026-07-23-161321.png\" alt=\"\" class=\"wp-image-1230\" srcset=\"https:\/\/fundaciongrupoalerta.org\/blog\/wp-content\/uploads\/2026\/07\/Captura-de-pantalla-2026-07-23-161321.png 743w, https:\/\/fundaciongrupoalerta.org\/blog\/wp-content\/uploads\/2026\/07\/Captura-de-pantalla-2026-07-23-161321-300x176.png 300w\" sizes=\"(max-width: 743px) 100vw, 743px\" \/><figcaption class=\"wp-element-caption\"><em><sub>El crecimiento de Grupo Alerta se construye gracias al talento, compromiso y dedicaci\u00f3n de quienes forman parte de esta gran familia.<\/sub><\/em><\/figcaption><\/figure>\n<\/div>\n","protected":false},"excerpt":{"rendered":"<p>Ocho d\u00e9cadas de crecimiento, compromiso e innovaci\u00f3n que han consolidado a Grupo Alerta como un referente empresarial, impulsando el desarrollo de miles de familias y comunidades. Toda gran historia comienza con una visi\u00f3n. En 1945, Rodolfo Rodr\u00edguez Arnold fund\u00f3 Distribuidora de Estufas y Gas (Diesgas), dando origen a un proyecto empresarial que, con el paso [&hellip;]<\/p>\n","protected":false},"author":4,"featured_media":1215,"comment_status":"open","ping_status":"open","sticky":false,"template":"","format":"standard","meta":{"footnotes":""},"categories":[19],"tags":[],"class_list":["post-1213","post","type-post","status-publish","format-standard","has-post-thumbnail","hentry","category-quienes-somos"],"_links":{"self":[{"href":"https:\/\/fundaciongrupoalerta.org\/blog\/wp-json\/wp\/v2\/posts\/1213","targetHints":{"allow":["GET"]}}],"collection":[{"href":"https:\/\/fundaciongrupoalerta.org\/blog\/wp-json\/wp\/v2\/posts"}],"about":[{"href":"https:\/\/fundaciongrupoalerta.org\/blog\/wp-json\/wp\/v2\/types\/post"}],"author":[{"embeddable":true,"href":"https:\/\/fundaciongrupoalerta.org\/blog\/wp-json\/wp\/v2\/users\/4"}],"replies":[{"embeddable":true,"href":"https:\/\/fundaciongrupoalerta.org\/blog\/wp-json\/wp\/v2\/comments?post=1213"}],"version-history":[{"count":2,"href":"https:\/\/fundaciongrupoalerta.org\/blog\/wp-json\/wp\/v2\/posts\/1213\/revisions"}],"predecessor-version":[{"id":1238,"href":"https:\/\/fundaciongrupoalerta.org\/blog\/wp-json\/wp\/v2\/posts\/1213\/revisions\/1238"}],"wp:featuredmedia":[{"embeddable":true,"href":"https:\/\/fundaciongrupoalerta.org\/blog\/wp-json\/wp\/v2\/media\/1215"}],"wp:attachment":[{"href":"https:\/\/fundaciongrupoalerta.org\/blog\/wp-json\/wp\/v2\/media?parent=1213"}],"wp:term":[{"taxonomy":"category","embeddable":true,"href":"https:\/\/fundaciongrupoalerta.org\/blog\/wp-json\/wp\/v2\/categories?post=1213"},{"taxonomy":"post_tag","embeddable":true,"href":"https:\/\/fundaciongrupoalerta.org\/blog\/wp-json\/wp\/v2\/tags?post=1213"}],"curies":[{"name":"wp","href":"https:\/\/api.w.org\/{rel}","templated":true}]}}