{"id":195,"date":"2023-01-01T23:55:00","date_gmt":"2023-01-01T23:55:00","guid":{"rendered":"https:\/\/fundaciongrupoalerta.org\/blog\/?p=195"},"modified":"2026-07-31T22:30:40","modified_gmt":"2026-07-31T22:30:40","slug":"regalo-de-alegria-2023","status":"publish","type":"post","link":"https:\/\/fundaciongrupoalerta.org\/blog\/regalo-de-alegria-2023\/","title":{"rendered":"REGALO DE ALEGR\u00cdA 2023"},"content":{"rendered":"\n<p class=\"wp-block-paragraph\" style=\"line-height:1.6\">En Fundaci\u00f3n Grupo Alerta entregamos el coraz\u00f3n y trabajamos en equipo para regalar momentos de alegr\u00eda.<\/p>\n\n\n\n<figure class=\"wp-block-image aligncenter size-large\"><img fetchpriority=\"high\" decoding=\"async\" width=\"1024\" height=\"768\" src=\"https:\/\/fundaciongrupoalerta.org\/blog\/wp-content\/uploads\/2026\/07\/324112664_476005118060441_4110584693098432931_n-1-1024x768.jpg\" alt=\"\" class=\"wp-image-235\" srcset=\"https:\/\/fundaciongrupoalerta.org\/blog\/wp-content\/uploads\/2026\/07\/324112664_476005118060441_4110584693098432931_n-1-1024x768.jpg 1024w, https:\/\/fundaciongrupoalerta.org\/blog\/wp-content\/uploads\/2026\/07\/324112664_476005118060441_4110584693098432931_n-1-300x225.jpg 300w, https:\/\/fundaciongrupoalerta.org\/blog\/wp-content\/uploads\/2026\/07\/324112664_476005118060441_4110584693098432931_n-1-768x576.jpg 768w, https:\/\/fundaciongrupoalerta.org\/blog\/wp-content\/uploads\/2026\/07\/324112664_476005118060441_4110584693098432931_n-1.jpg 1280w\" sizes=\"(max-width: 1024px) 100vw, 1024px\" \/><\/figure>\n\n\n\n<p class=\"has-white-color has-text-color has-link-color wp-elements-c645e628e62f8fbab9d9726851472d16 wp-block-paragraph\"><\/p>\n\n\n\n<p class=\"wp-block-paragraph\" style=\"line-height:1.6\">Con el firme objetivo de encender la ilusi\u00f3n y celebrar el D\u00eda de Reyes, se llev\u00f3 a cabo con gran \u00e9xito la entrega de juguetes de la campa\u00f1a anual <strong>&#8220;Regalo de Alegr\u00eda 2023&#8221;<\/strong>, logrando dibujar miles de sonrisas en los rostros de ni\u00f1os y ni\u00f1as que viven en las zonas y comunidades m\u00e1s vulnerables del municipio.<\/p>\n\n\n\n<p class=\"has-white-color has-text-color has-link-color wp-elements-c645e628e62f8fbab9d9726851472d16 wp-block-paragraph\"><\/p>\n\n\n\n<figure class=\"wp-block-image aligncenter size-full\"><img decoding=\"async\" width=\"729\" height=\"547\" src=\"https:\/\/fundaciongrupoalerta.org\/blog\/wp-content\/uploads\/2026\/07\/REGALO-DE-ALEGRIA-2023-2-2.jpg\" alt=\"\" class=\"wp-image-236\" srcset=\"https:\/\/fundaciongrupoalerta.org\/blog\/wp-content\/uploads\/2026\/07\/REGALO-DE-ALEGRIA-2023-2-2.jpg 729w, https:\/\/fundaciongrupoalerta.org\/blog\/wp-content\/uploads\/2026\/07\/REGALO-DE-ALEGRIA-2023-2-2-300x225.jpg 300w\" sizes=\"(max-width: 729px) 100vw, 729px\" \/><\/figure>\n\n\n\n<p class=\"has-white-color has-text-color has-link-color wp-elements-c645e628e62f8fbab9d9726851472d16 wp-block-paragraph\"><\/p>\n\n\n\n<p class=\"wp-block-paragraph\" style=\"line-height:1.6\">La iniciativa, cobijada por el esp\u00edritu solidario de las empresas aliadas y un entusiasta equipo de voluntarios, logr\u00f3 cumplir la meta de recaudar juguetes nuevos, did\u00e1cticos y que no requieren bater\u00edas, asegurando que cada regalo detonara momentos de sana recreaci\u00f3n y sano desarrollo para la infancia.<\/p>\n\n\n\n<p class=\"has-white-color has-text-color has-link-color wp-elements-a3af0840b3fd8bec7b374a45769fcc39 wp-block-paragraph\" style=\"line-height:1.6\"><\/p>\n\n\n\n<figure class=\"wp-block-image size-large\"><img decoding=\"async\" width=\"1024\" height=\"703\" src=\"https:\/\/fundaciongrupoalerta.org\/blog\/wp-content\/uploads\/2026\/07\/324858042_480909150866432_7739424357500708576_n-3-1-1024x703.jpg\" alt=\"\" class=\"wp-image-247\" srcset=\"https:\/\/fundaciongrupoalerta.org\/blog\/wp-content\/uploads\/2026\/07\/324858042_480909150866432_7739424357500708576_n-3-1-1024x703.jpg 1024w, https:\/\/fundaciongrupoalerta.org\/blog\/wp-content\/uploads\/2026\/07\/324858042_480909150866432_7739424357500708576_n-3-1-300x206.jpg 300w, https:\/\/fundaciongrupoalerta.org\/blog\/wp-content\/uploads\/2026\/07\/324858042_480909150866432_7739424357500708576_n-3-1-768x527.jpg 768w, https:\/\/fundaciongrupoalerta.org\/blog\/wp-content\/uploads\/2026\/07\/324858042_480909150866432_7739424357500708576_n-3-1.jpg 1280w\" sizes=\"(max-width: 1024px) 100vw, 1024px\" \/><\/figure>\n","protected":false},"excerpt":{"rendered":"<p>En Fundaci\u00f3n Grupo Alerta entregamos el coraz\u00f3n y trabajamos en equipo para regalar momentos de alegr\u00eda. Con el firme objetivo de encender la ilusi\u00f3n y celebrar el D\u00eda de Reyes, se llev\u00f3 a cabo con gran \u00e9xito la entrega de juguetes de la campa\u00f1a anual &#8220;Regalo de Alegr\u00eda 2023&#8221;, logrando dibujar miles de sonrisas en [&hellip;]<\/p>\n","protected":false},"author":4,"featured_media":247,"comment_status":"open","ping_status":"open","sticky":false,"template":"","format":"standard","meta":{"footnotes":""},"categories":[17,15],"tags":[],"class_list":["post-195","post","type-post","status-publish","format-standard","has-post-thumbnail","hentry","category-comunidad","category-voluntariado"],"_links":{"self":[{"href":"https:\/\/fundaciongrupoalerta.org\/blog\/wp-json\/wp\/v2\/posts\/195","targetHints":{"allow":["GET"]}}],"collection":[{"href":"https:\/\/fundaciongrupoalerta.org\/blog\/wp-json\/wp\/v2\/posts"}],"about":[{"href":"https:\/\/fundaciongrupoalerta.org\/blog\/wp-json\/wp\/v2\/types\/post"}],"author":[{"embeddable":true,"href":"https:\/\/fundaciongrupoalerta.org\/blog\/wp-json\/wp\/v2\/users\/4"}],"replies":[{"embeddable":true,"href":"https:\/\/fundaciongrupoalerta.org\/blog\/wp-json\/wp\/v2\/comments?post=195"}],"version-history":[{"count":4,"href":"https:\/\/fundaciongrupoalerta.org\/blog\/wp-json\/wp\/v2\/posts\/195\/revisions"}],"predecessor-version":[{"id":312,"href":"https:\/\/fundaciongrupoalerta.org\/blog\/wp-json\/wp\/v2\/posts\/195\/revisions\/312"}],"wp:featuredmedia":[{"embeddable":true,"href":"https:\/\/fundaciongrupoalerta.org\/blog\/wp-json\/wp\/v2\/media\/247"}],"wp:attachment":[{"href":"https:\/\/fundaciongrupoalerta.org\/blog\/wp-json\/wp\/v2\/media?parent=195"}],"wp:term":[{"taxonomy":"category","embeddable":true,"href":"https:\/\/fundaciongrupoalerta.org\/blog\/wp-json\/wp\/v2\/categories?post=195"},{"taxonomy":"post_tag","embeddable":true,"href":"https:\/\/fundaciongrupoalerta.org\/blog\/wp-json\/wp\/v2\/tags?post=195"}],"curies":[{"name":"wp","href":"https:\/\/api.w.org\/{rel}","templated":true}]}}