{"id":404,"date":"2023-10-17T16:19:00","date_gmt":"2023-10-17T16:19:00","guid":{"rendered":"https:\/\/fundaciongrupoalerta.org\/blog\/?p=404"},"modified":"2026-07-31T22:37:53","modified_gmt":"2026-07-31T22:37:53","slug":"cuadrangular-del-bienestar-2023-fundacion-grupo-alerta-se-suma-a-la-lucha-contra-la-diabetes-infantil","status":"publish","type":"post","link":"https:\/\/fundaciongrupoalerta.org\/blog\/cuadrangular-del-bienestar-2023-fundacion-grupo-alerta-se-suma-a-la-lucha-contra-la-diabetes-infantil\/","title":{"rendered":"CUADRANGULAR DEL BIENESTAR 2023"},"content":{"rendered":"\n<h2 class=\"wp-block-heading has-text-align-center has-medium-font-size\" style=\"line-height:1.6\">Reafirmando nuestro compromiso inquebrantable con la salud y el bienestar de la infancia sinaloense, en Fundaci\u00f3n Grupo Alerta nos hemos sumado a la lucha contra la diabetes infantil (tipo 1 y 2).<\/h2>\n\n\n\n<figure class=\"wp-block-image aligncenter size-full is-resized\"><img fetchpriority=\"high\" decoding=\"async\" width=\"589\" height=\"331\" src=\"https:\/\/fundaciongrupoalerta.org\/blog\/wp-content\/uploads\/2026\/07\/Imagen20-1.jpg\" alt=\"\" class=\"wp-image-405\" style=\"aspect-ratio:1.7795078548588905;width:646px;height:auto\" srcset=\"https:\/\/fundaciongrupoalerta.org\/blog\/wp-content\/uploads\/2026\/07\/Imagen20-1.jpg 589w, https:\/\/fundaciongrupoalerta.org\/blog\/wp-content\/uploads\/2026\/07\/Imagen20-1-300x169.jpg 300w\" sizes=\"(max-width: 589px) 100vw, 589px\" \/><figcaption class=\"wp-element-caption\"><sub><em>El verdadero triunfo es sumar esfuerzos por quienes m\u00e1s lo necesitan.<\/em><\/sub><\/figcaption><\/figure>\n\n\n\n<p class=\"wp-block-paragraph\" style=\"line-height:1.6\">Como parte de nuestras acciones de responsabilidad social, realizamos un donativo al Sistema para el Desarrollo Integral de la Familia (DIF) de Sinaloa, apoyando directamente la iniciativa &#8220;Cuadrangular del Bienestar: Batea la Diabetes 2023&#8221;. Este evento deportivo busca sensibilizar a la sociedad sobre esta condici\u00f3n y recaudar fondos destinados a mejorar la calidad de vida de las ni\u00f1as y ni\u00f1os que la padecen.<\/p>\n\n\n\n<figure class=\"wp-block-image size-large\"><img decoding=\"async\" width=\"1024\" height=\"682\" src=\"https:\/\/fundaciongrupoalerta.org\/blog\/wp-content\/uploads\/2023\/10\/76538899-7a91-4494-9f3a-70ba5811524a-1024x682.jpg\" alt=\"\" class=\"wp-image-408\" srcset=\"https:\/\/fundaciongrupoalerta.org\/blog\/wp-content\/uploads\/2023\/10\/76538899-7a91-4494-9f3a-70ba5811524a-1024x682.jpg 1024w, https:\/\/fundaciongrupoalerta.org\/blog\/wp-content\/uploads\/2023\/10\/76538899-7a91-4494-9f3a-70ba5811524a-300x200.jpg 300w, https:\/\/fundaciongrupoalerta.org\/blog\/wp-content\/uploads\/2023\/10\/76538899-7a91-4494-9f3a-70ba5811524a-768x512.jpg 768w, https:\/\/fundaciongrupoalerta.org\/blog\/wp-content\/uploads\/2023\/10\/76538899-7a91-4494-9f3a-70ba5811524a-1536x1023.jpg 1536w, https:\/\/fundaciongrupoalerta.org\/blog\/wp-content\/uploads\/2023\/10\/76538899-7a91-4494-9f3a-70ba5811524a.jpg 1600w\" sizes=\"(max-width: 1024px) 100vw, 1024px\" \/><\/figure>\n\n\n\n<p class=\"wp-block-paragraph\" style=\"line-height:1.6\">El torneo se llevar\u00e1 a cabo con juegos simult\u00e1neos en los municipios de Mazatl\u00e1n, Guasave, Culiac\u00e1n y Los Mochis. Invitamos a toda nuestra comunidad a asistir y disfrutar de este encuentro, donde el deporte se convierte en el aliado m\u00e1s importante para la salud de nuestra ni\u00f1ez.<\/p>\n\n\n\n<p class=\"wp-block-paragraph\"><\/p>\n","protected":false},"excerpt":{"rendered":"<p>Reafirmando nuestro compromiso inquebrantable con la salud y el bienestar de la infancia sinaloense, en Fundaci\u00f3n Grupo Alerta nos hemos sumado a la lucha contra la diabetes infantil (tipo 1 y 2). Como parte de nuestras acciones de responsabilidad social, realizamos un donativo al Sistema para el Desarrollo Integral de la Familia (DIF) de Sinaloa, [&hellip;]<\/p>\n","protected":false},"author":4,"featured_media":408,"comment_status":"open","ping_status":"open","sticky":false,"template":"","format":"standard","meta":{"footnotes":""},"categories":[16],"tags":[],"class_list":["post-404","post","type-post","status-publish","format-standard","has-post-thumbnail","hentry","category-donatarias"],"_links":{"self":[{"href":"https:\/\/fundaciongrupoalerta.org\/blog\/wp-json\/wp\/v2\/posts\/404","targetHints":{"allow":["GET"]}}],"collection":[{"href":"https:\/\/fundaciongrupoalerta.org\/blog\/wp-json\/wp\/v2\/posts"}],"about":[{"href":"https:\/\/fundaciongrupoalerta.org\/blog\/wp-json\/wp\/v2\/types\/post"}],"author":[{"embeddable":true,"href":"https:\/\/fundaciongrupoalerta.org\/blog\/wp-json\/wp\/v2\/users\/4"}],"replies":[{"embeddable":true,"href":"https:\/\/fundaciongrupoalerta.org\/blog\/wp-json\/wp\/v2\/comments?post=404"}],"version-history":[{"count":5,"href":"https:\/\/fundaciongrupoalerta.org\/blog\/wp-json\/wp\/v2\/posts\/404\/revisions"}],"predecessor-version":[{"id":522,"href":"https:\/\/fundaciongrupoalerta.org\/blog\/wp-json\/wp\/v2\/posts\/404\/revisions\/522"}],"wp:featuredmedia":[{"embeddable":true,"href":"https:\/\/fundaciongrupoalerta.org\/blog\/wp-json\/wp\/v2\/media\/408"}],"wp:attachment":[{"href":"https:\/\/fundaciongrupoalerta.org\/blog\/wp-json\/wp\/v2\/media?parent=404"}],"wp:term":[{"taxonomy":"category","embeddable":true,"href":"https:\/\/fundaciongrupoalerta.org\/blog\/wp-json\/wp\/v2\/categories?post=404"},{"taxonomy":"post_tag","embeddable":true,"href":"https:\/\/fundaciongrupoalerta.org\/blog\/wp-json\/wp\/v2\/tags?post=404"}],"curies":[{"name":"wp","href":"https:\/\/api.w.org\/{rel}","templated":true}]}}