{"id":410,"date":"2023-11-17T16:33:00","date_gmt":"2023-11-17T16:33:00","guid":{"rendered":"https:\/\/fundaciongrupoalerta.org\/blog\/?p=410"},"modified":"2026-07-31T22:38:21","modified_gmt":"2026-07-31T22:38:21","slug":"transformando-nuestro-entorno-voluntarios-limpian-las-playas-para-cuidar-las-costas-de-mazatlan","status":"publish","type":"post","link":"https:\/\/fundaciongrupoalerta.org\/blog\/transformando-nuestro-entorno-voluntarios-limpian-las-playas-para-cuidar-las-costas-de-mazatlan\/","title":{"rendered":"CUIDAMOS NUESTRAS PLAYAS"},"content":{"rendered":"\n<h2 class=\"wp-block-heading has-text-align-center has-medium-font-size\" style=\"line-height:1.6\">Cada acci\u00f3n por el medio ambiente deja una huella positiva.<\/h2>\n\n\n\n<p class=\"wp-block-paragraph\" style=\"line-height:1.6\">J\u00f3venes y voluntarios se unieron a Fundaci\u00f3n Grupo Alerta en una jornada de limpieza para contribuir a la conservaci\u00f3n de las costas de Mazatl\u00e1n y promover una cultura de responsabilidad ambiental.<\/p>\n\n\n\n<figure class=\"wp-block-embed is-type-video is-provider-youtube wp-block-embed-youtube wp-embed-aspect-16-9 wp-has-aspect-ratio\"><div class=\"wp-block-embed__wrapper\">\n<iframe title=\"Grupo Alerta encabeza limpieza de playas y convoca a Operadora de Playas y escuelas de Mazatl\u00e1n\" width=\"800\" height=\"450\" src=\"https:\/\/www.youtube.com\/embed\/ey6ZklkIxVA?feature=oembed\" frameborder=\"0\" allow=\"accelerometer; autoplay; clipboard-write; encrypted-media; gyroscope; picture-in-picture; web-share\" referrerpolicy=\"strict-origin-when-cross-origin\" allowfullscreen><\/iframe>\n<\/div><\/figure>\n\n\n\n<p class=\"wp-block-paragraph\"><\/p>\n\n\n\n<p class=\"wp-block-paragraph\" style=\"line-height:1.6\">Con el objetivo de preservar la belleza natural de nuestro puerto y fomentar una cultura de responsabilidad ambiental, Fundaci\u00f3n Grupo Alerta organiz\u00f3 una jornada de limpieza integral en Playa Norte, espec\u00edficamente frente al hotel Aguamarina Talism\u00e1n.<\/p>\n\n\n\n<div class=\"wp-block-columns is-layout-flex wp-container-core-columns-is-layout-7387b849 wp-block-columns-is-layout-flex\">\n<div class=\"wp-block-column is-layout-flow wp-block-column-is-layout-flow\" style=\"flex-basis:50%\">\n<div class=\"wp-block-columns is-layout-flex wp-container-core-columns-is-layout-7387b849 wp-block-columns-is-layout-flex\">\n<div class=\"wp-block-column is-layout-flow wp-block-column-is-layout-flow\"><\/div>\n<\/div>\n<\/div>\n<\/div>\n\n\n\n<figure class=\"wp-block-image aligncenter size-full is-resized\"><img fetchpriority=\"high\" decoding=\"async\" width=\"589\" height=\"786\" src=\"https:\/\/fundaciongrupoalerta.org\/blog\/wp-content\/uploads\/2026\/07\/Imagen9-2-1.jpg\" alt=\"\" class=\"wp-image-414\" style=\"width:800px;height:auto\" srcset=\"https:\/\/fundaciongrupoalerta.org\/blog\/wp-content\/uploads\/2026\/07\/Imagen9-2-1.jpg 589w, https:\/\/fundaciongrupoalerta.org\/blog\/wp-content\/uploads\/2026\/07\/Imagen9-2-1-225x300.jpg 225w\" sizes=\"(max-width: 589px) 100vw, 589px\" \/><\/figure>\n\n\n\n<p class=\"wp-block-paragraph\" style=\"line-height:1.6\">Esta iniciativa fue posible gracias a la valiosa colaboraci\u00f3n de la Operadora y Administradora de Playas de Mazatl\u00e1n, as\u00ed como a la entusiasta participaci\u00f3n de estudiantes y voluntarios de Fundaci\u00f3n Grupo Alerta. Su presencia fue fundamental para lograr el objetivo de mantener nuestras costas libres de residuos.<\/p>\n\n\n\n<figure class=\"wp-block-image aligncenter size-full\"><img decoding=\"async\" width=\"640\" height=\"640\" src=\"https:\/\/fundaciongrupoalerta.org\/blog\/wp-content\/uploads\/2026\/07\/WhatsApp-Image-2026-07-08-at-10.34.09-PM.jpeg\" alt=\"\" class=\"wp-image-415\" srcset=\"https:\/\/fundaciongrupoalerta.org\/blog\/wp-content\/uploads\/2026\/07\/WhatsApp-Image-2026-07-08-at-10.34.09-PM.jpeg 640w, https:\/\/fundaciongrupoalerta.org\/blog\/wp-content\/uploads\/2026\/07\/WhatsApp-Image-2026-07-08-at-10.34.09-PM-300x300.jpeg 300w, https:\/\/fundaciongrupoalerta.org\/blog\/wp-content\/uploads\/2026\/07\/WhatsApp-Image-2026-07-08-at-10.34.09-PM-150x150.jpeg 150w\" sizes=\"(max-width: 640px) 100vw, 640px\" \/><\/figure>\n\n\n\n<p class=\"wp-block-paragraph\" style=\"line-height:1.6\">Acciones como esta reflejan el compromiso de Fundaci\u00f3n Grupo Alerta por preservar el patrimonio natural que nos define como ciudad.<\/p>\n\n\n\n<div class=\"wp-block-columns is-layout-flex wp-container-core-columns-is-layout-7387b849 wp-block-columns-is-layout-flex\">\n<div class=\"wp-block-column is-layout-flow wp-block-column-is-layout-flow\" style=\"flex-basis:50%\">\n<figure class=\"wp-block-image aligncenter size-large is-resized\"><img decoding=\"async\" width=\"1024\" height=\"768\" src=\"https:\/\/fundaciongrupoalerta.org\/blog\/wp-content\/uploads\/2026\/07\/PHOTO-2023-11-11-08-25-03-2-1024x768.jpg\" alt=\"\" class=\"wp-image-416\" style=\"width:435px;height:auto\" srcset=\"https:\/\/fundaciongrupoalerta.org\/blog\/wp-content\/uploads\/2026\/07\/PHOTO-2023-11-11-08-25-03-2-1024x768.jpg 1024w, https:\/\/fundaciongrupoalerta.org\/blog\/wp-content\/uploads\/2026\/07\/PHOTO-2023-11-11-08-25-03-2-300x225.jpg 300w, https:\/\/fundaciongrupoalerta.org\/blog\/wp-content\/uploads\/2026\/07\/PHOTO-2023-11-11-08-25-03-2-768x576.jpg 768w, https:\/\/fundaciongrupoalerta.org\/blog\/wp-content\/uploads\/2026\/07\/PHOTO-2023-11-11-08-25-03-2.jpg 1280w\" sizes=\"(max-width: 1024px) 100vw, 1024px\" \/><\/figure>\n<\/div>\n\n\n\n<div class=\"wp-block-column is-layout-flow wp-block-column-is-layout-flow\" style=\"flex-basis:50%\">\n<figure class=\"wp-block-image aligncenter size-large is-resized\"><img loading=\"lazy\" decoding=\"async\" width=\"1024\" height=\"957\" src=\"https:\/\/fundaciongrupoalerta.org\/blog\/wp-content\/uploads\/2026\/07\/Imagen-de-WhatsApp-2024-03-04-a-las-09.31.55_1112a211-3-2-1024x957.jpg\" alt=\"\" class=\"wp-image-418\" style=\"aspect-ratio:1.0700219761278924;width:315px;height:auto\" srcset=\"https:\/\/fundaciongrupoalerta.org\/blog\/wp-content\/uploads\/2026\/07\/Imagen-de-WhatsApp-2024-03-04-a-las-09.31.55_1112a211-3-2-1024x957.jpg 1024w, https:\/\/fundaciongrupoalerta.org\/blog\/wp-content\/uploads\/2026\/07\/Imagen-de-WhatsApp-2024-03-04-a-las-09.31.55_1112a211-3-2-300x281.jpg 300w, https:\/\/fundaciongrupoalerta.org\/blog\/wp-content\/uploads\/2026\/07\/Imagen-de-WhatsApp-2024-03-04-a-las-09.31.55_1112a211-3-2-768x718.jpg 768w, https:\/\/fundaciongrupoalerta.org\/blog\/wp-content\/uploads\/2026\/07\/Imagen-de-WhatsApp-2024-03-04-a-las-09.31.55_1112a211-3-2.jpg 1077w\" sizes=\"(max-width: 1024px) 100vw, 1024px\" \/><\/figure>\n<\/div>\n<\/div>\n\n\n\n<p class=\"wp-block-paragraph\"><\/p>\n","protected":false},"excerpt":{"rendered":"<p>Cada acci\u00f3n por el medio ambiente deja una huella positiva. J\u00f3venes y voluntarios se unieron a Fundaci\u00f3n Grupo Alerta en una jornada de limpieza para contribuir a la conservaci\u00f3n de las costas de Mazatl\u00e1n y promover una cultura de responsabilidad ambiental. Con el objetivo de preservar la belleza natural de nuestro puerto y fomentar una [&hellip;]<\/p>\n","protected":false},"author":4,"featured_media":415,"comment_status":"open","ping_status":"open","sticky":false,"template":"","format":"standard","meta":{"footnotes":""},"categories":[17,15],"tags":[],"class_list":["post-410","post","type-post","status-publish","format-standard","has-post-thumbnail","hentry","category-comunidad","category-voluntariado"],"_links":{"self":[{"href":"https:\/\/fundaciongrupoalerta.org\/blog\/wp-json\/wp\/v2\/posts\/410","targetHints":{"allow":["GET"]}}],"collection":[{"href":"https:\/\/fundaciongrupoalerta.org\/blog\/wp-json\/wp\/v2\/posts"}],"about":[{"href":"https:\/\/fundaciongrupoalerta.org\/blog\/wp-json\/wp\/v2\/types\/post"}],"author":[{"embeddable":true,"href":"https:\/\/fundaciongrupoalerta.org\/blog\/wp-json\/wp\/v2\/users\/4"}],"replies":[{"embeddable":true,"href":"https:\/\/fundaciongrupoalerta.org\/blog\/wp-json\/wp\/v2\/comments?post=410"}],"version-history":[{"count":5,"href":"https:\/\/fundaciongrupoalerta.org\/blog\/wp-json\/wp\/v2\/posts\/410\/revisions"}],"predecessor-version":[{"id":1343,"href":"https:\/\/fundaciongrupoalerta.org\/blog\/wp-json\/wp\/v2\/posts\/410\/revisions\/1343"}],"wp:featuredmedia":[{"embeddable":true,"href":"https:\/\/fundaciongrupoalerta.org\/blog\/wp-json\/wp\/v2\/media\/415"}],"wp:attachment":[{"href":"https:\/\/fundaciongrupoalerta.org\/blog\/wp-json\/wp\/v2\/media?parent=410"}],"wp:term":[{"taxonomy":"category","embeddable":true,"href":"https:\/\/fundaciongrupoalerta.org\/blog\/wp-json\/wp\/v2\/categories?post=410"},{"taxonomy":"post_tag","embeddable":true,"href":"https:\/\/fundaciongrupoalerta.org\/blog\/wp-json\/wp\/v2\/tags?post=410"}],"curies":[{"name":"wp","href":"https:\/\/api.w.org\/{rel}","templated":true}]}}