{"id":421,"date":"2023-11-21T17:04:00","date_gmt":"2023-11-21T17:04:00","guid":{"rendered":"https:\/\/fundaciongrupoalerta.org\/blog\/?p=421"},"modified":"2026-07-31T22:39:48","modified_gmt":"2026-07-31T22:39:48","slug":"alianza-con-vicasa-desarrollos-mejoramos-las-instalaciones-sanitarias-de-la-escuela-secundaria-martiniano-carvajal","status":"publish","type":"post","link":"https:\/\/fundaciongrupoalerta.org\/blog\/alianza-con-vicasa-desarrollos-mejoramos-las-instalaciones-sanitarias-de-la-escuela-secundaria-martiniano-carvajal\/","title":{"rendered":"ALIANZA CON VICASA DESARROLLOS"},"content":{"rendered":"\t\t<div data-elementor-type=\"wp-post\" data-elementor-id=\"421\" class=\"elementor elementor-421\" data-elementor-post-type=\"post\">\n\t\t\t\t<div class=\"elementor-element elementor-element-40a01c43 e-flex e-con-boxed e-con e-parent\" data-id=\"40a01c43\" data-element_type=\"container\" data-e-type=\"container\">\n\t\t\t\t\t<div class=\"e-con-inner\">\n\t\t\t\t<div class=\"elementor-element elementor-element-172df131 elementor-widget elementor-widget-text-editor\" data-id=\"172df131\" data-element_type=\"widget\" data-e-type=\"widget\" data-widget_type=\"text-editor.default\">\n\t\t\t\t\t\t\t\t\t\n<figure class=\"wp-block-embed is-type-video is-provider-youtube wp-block-embed-youtube wp-embed-aspect-16-9 wp-has-aspect-ratio\"><div class=\"wp-block-embed__wrapper\">\n<iframe title=\"Vicasa apoya con 28 nuevos ba\u00f1os a secundaria de Mazatl\u00e1n\" width=\"800\" height=\"450\" src=\"https:\/\/www.youtube.com\/embed\/ThVYnlrRjvQ?feature=oembed\" frameborder=\"0\" allow=\"accelerometer; autoplay; clipboard-write; encrypted-media; gyroscope; picture-in-picture; web-share\" referrerpolicy=\"strict-origin-when-cross-origin\" allowfullscreen><\/iframe>\n<\/div><\/figure>\n\n\n\n<p class=\"wp-block-paragraph\" style=\"line-height:1.6\">Con el firme prop\u00f3sito de fortalecer las condiciones de bienestar en nuestras instituciones educativas, <strong>Vicasa Desarrollos<\/strong> a trav\u00e9s de <strong>Fundaci\u00f3n Grupo Alerta<\/strong> realiz\u00f3 la donaci\u00f3n de 28 inodoros a la Escuela Secundaria General #5 \u201cMartiniano Carvajal\u201d en Mazatl\u00e1n.<br><br>Gracias al proyecto de sostenibilidad &#8220;Educaci\u00f3n que Construye&#8221; m\u00e1s de mil estudiantes contar\u00e1n a partir de ahora con instalaciones sanitarias m\u00e1s seguras, dignas e higi\u00e9nicas, un elemento clave para el desarrollo escolar y la salud de la comunidad estudiantil.<\/p>\n\n\n\n<figure class=\"wp-block-image aligncenter size-full is-resized\"><img fetchpriority=\"high\" decoding=\"async\" width=\"489\" height=\"653\" src=\"https:\/\/fundaciongrupoalerta.org\/blog\/wp-content\/uploads\/2026\/07\/Imagen5-1-1.jpg\" alt=\"\" class=\"wp-image-422\" style=\"width:496px;height:auto\" srcset=\"https:\/\/fundaciongrupoalerta.org\/blog\/wp-content\/uploads\/2026\/07\/Imagen5-1-1.jpg 489w, https:\/\/fundaciongrupoalerta.org\/blog\/wp-content\/uploads\/2026\/07\/Imagen5-1-1-225x300.jpg 225w\" sizes=\"(max-width: 489px) 100vw, 489px\" \/><\/figure>\n\n\n\n<p class=\"wp-block-paragraph\" style=\"line-height:1.6\">En la Fundaci\u00f3n Grupo Alerta, estamos convencidos de que crear espacios adecuados es el primer paso para impulsar un mejor aprendizaje. Seguiremos trabajando de la mano con nuestros aliados para asegurar que nuestras escuelas sean entornos donde los j\u00f3venes puedan alcanzar su m\u00e1ximo potencial.<\/p>\n\n\n\n<figure class=\"wp-block-image aligncenter size-full\"><img decoding=\"async\" width=\"589\" height=\"327\" src=\"https:\/\/fundaciongrupoalerta.org\/blog\/wp-content\/uploads\/2026\/07\/Imagen3-1.png\" alt=\"\" class=\"wp-image-423\" srcset=\"https:\/\/fundaciongrupoalerta.org\/blog\/wp-content\/uploads\/2026\/07\/Imagen3-1.png 589w, https:\/\/fundaciongrupoalerta.org\/blog\/wp-content\/uploads\/2026\/07\/Imagen3-1-300x167.png 300w\" sizes=\"(max-width: 589px) 100vw, 589px\" \/><\/figure>\n\t\t\t\t\t\t\t\t<\/div>\n\t\t\t\t\t<\/div>\n\t\t\t\t<\/div>\n\t\t<div class=\"elementor-element elementor-element-1f63fdd e-con-full e-flex e-con e-parent\" data-id=\"1f63fdd\" data-element_type=\"container\" data-e-type=\"container\">\n\t\t\t\t<div class=\"elementor-element elementor-element-857017f elementor-widget elementor-widget-facebook-embed\" data-id=\"857017f\" data-element_type=\"widget\" data-e-type=\"widget\" data-widget_type=\"facebook-embed.default\">\n\t\t\t\t\t<div style=\"min-height: 1px\" class=\"elementor-facebook-widget fb-video\" data-href=\"https:\/\/www.facebook.com\/reel\/2119840738358999\" data-show-text=\"false\" data-allowfullscreen=\"false\" data-autoplay=\"false\" data-show-captions=\"false\"><\/div>\t\t\t\t<\/div>\n\t\t\t\t<\/div>\n\t\t\t\t<\/div>\n\t\t","protected":false},"excerpt":{"rendered":"<p>Vicasa Desarrollos y Fundaci\u00f3n Grupo Alerta mejoran la higiene escolar en Mazatl\u00e1n. <\/p>\n","protected":false},"author":4,"featured_media":423,"comment_status":"open","ping_status":"open","sticky":false,"template":"","format":"standard","meta":{"footnotes":""},"categories":[17,15],"tags":[],"class_list":["post-421","post","type-post","status-publish","format-standard","has-post-thumbnail","hentry","category-comunidad","category-voluntariado"],"_links":{"self":[{"href":"https:\/\/fundaciongrupoalerta.org\/blog\/wp-json\/wp\/v2\/posts\/421","targetHints":{"allow":["GET"]}}],"collection":[{"href":"https:\/\/fundaciongrupoalerta.org\/blog\/wp-json\/wp\/v2\/posts"}],"about":[{"href":"https:\/\/fundaciongrupoalerta.org\/blog\/wp-json\/wp\/v2\/types\/post"}],"author":[{"embeddable":true,"href":"https:\/\/fundaciongrupoalerta.org\/blog\/wp-json\/wp\/v2\/users\/4"}],"replies":[{"embeddable":true,"href":"https:\/\/fundaciongrupoalerta.org\/blog\/wp-json\/wp\/v2\/comments?post=421"}],"version-history":[{"count":6,"href":"https:\/\/fundaciongrupoalerta.org\/blog\/wp-json\/wp\/v2\/posts\/421\/revisions"}],"predecessor-version":[{"id":1296,"href":"https:\/\/fundaciongrupoalerta.org\/blog\/wp-json\/wp\/v2\/posts\/421\/revisions\/1296"}],"wp:featuredmedia":[{"embeddable":true,"href":"https:\/\/fundaciongrupoalerta.org\/blog\/wp-json\/wp\/v2\/media\/423"}],"wp:attachment":[{"href":"https:\/\/fundaciongrupoalerta.org\/blog\/wp-json\/wp\/v2\/media?parent=421"}],"wp:term":[{"taxonomy":"category","embeddable":true,"href":"https:\/\/fundaciongrupoalerta.org\/blog\/wp-json\/wp\/v2\/categories?post=421"},{"taxonomy":"post_tag","embeddable":true,"href":"https:\/\/fundaciongrupoalerta.org\/blog\/wp-json\/wp\/v2\/tags?post=421"}],"curies":[{"name":"wp","href":"https:\/\/api.w.org\/{rel}","templated":true}]}}