{"id":429,"date":"2023-12-13T17:28:00","date_gmt":"2023-12-13T17:28:00","guid":{"rendered":"https:\/\/fundaciongrupoalerta.org\/blog\/?p=429"},"modified":"2026-07-31T22:39:55","modified_gmt":"2026-07-31T22:39:55","slug":"alianza-con-vicasa-desarrollos-mejoramos-las-instalaciones-sanitarias-de-la-escuela-secundaria-martiniano-carvajal-2","status":"publish","type":"post","link":"https:\/\/fundaciongrupoalerta.org\/blog\/alianza-con-vicasa-desarrollos-mejoramos-las-instalaciones-sanitarias-de-la-escuela-secundaria-martiniano-carvajal-2\/","title":{"rendered":"ALIANZA CON VICASA DESARROLLOS"},"content":{"rendered":"\t\t<div data-elementor-type=\"wp-post\" data-elementor-id=\"429\" class=\"elementor elementor-429\" data-elementor-post-type=\"post\">\n\t\t\t\t<div class=\"elementor-element elementor-element-1530bc2e e-flex e-con-boxed e-con e-parent\" data-id=\"1530bc2e\" data-element_type=\"container\" data-e-type=\"container\">\n\t\t\t\t\t<div class=\"e-con-inner\">\n\t\t\t\t<div class=\"elementor-element elementor-element-57dc9a2c elementor-widget elementor-widget-text-editor\" data-id=\"57dc9a2c\" data-element_type=\"widget\" data-e-type=\"widget\" data-widget_type=\"text-editor.default\">\n\t\t\t\t\t\t\t\t\t\n<figure class=\"wp-block-embed is-type-video is-provider-youtube wp-block-embed-youtube wp-embed-aspect-16-9 wp-has-aspect-ratio\"><div class=\"wp-block-embed__wrapper\">\n<iframe title=\"Vicasa Desarrollos y Grupo Alerta entregan remodelaci\u00f3n de Ba\u00f1os en primaria Rafael Liz\u00e1rraga\" width=\"800\" height=\"450\" src=\"https:\/\/www.youtube.com\/embed\/o8TFFiI7Lv0?feature=oembed\" frameborder=\"0\" allow=\"accelerometer; autoplay; clipboard-write; encrypted-media; gyroscope; picture-in-picture; web-share\" referrerpolicy=\"strict-origin-when-cross-origin\" allowfullscreen><\/iframe>\n<\/div><\/figure>\n\n\n\n<p class=\"wp-block-paragraph\" style=\"line-height:1.6\">Con el firme prop\u00f3sito de contribuir al bienestar y al desarrollo acad\u00e9mico de nuestra ni\u00f1ez, <strong>Vicasa Desarrollos<\/strong>, empresa de Grupo Alerta, en conjunto con la <strong>Fundaci\u00f3n Grupo Alerta<\/strong>, llev\u00f3 a cabo una importante labor de remodelaci\u00f3n en los servicios sanitarios de la Escuela Primaria &#8220;Rafael Liz\u00e1rraga Zazueta&#8221;, ubicada en el Fraccionamiento Misiones, en Mazatl\u00e1n.<\/p>\n\n\n\n<figure class=\"wp-block-image aligncenter size-full\"><img fetchpriority=\"high\" decoding=\"async\" width=\"442\" height=\"295\" src=\"https:\/\/fundaciongrupoalerta.org\/blog\/wp-content\/uploads\/2026\/07\/Imagen6-1.png\" alt=\"\" class=\"wp-image-430\" srcset=\"https:\/\/fundaciongrupoalerta.org\/blog\/wp-content\/uploads\/2026\/07\/Imagen6-1.png 442w, https:\/\/fundaciongrupoalerta.org\/blog\/wp-content\/uploads\/2026\/07\/Imagen6-1-300x200.png 300w\" sizes=\"(max-width: 442px) 100vw, 442px\" \/><\/figure>\n\n\n\n<p class=\"wp-block-paragraph\"><\/p>\n\t\t\t\t\t\t\t\t<\/div>\n\t\t\t\t\t<\/div>\n\t\t\t\t<\/div>\n\t\t<div class=\"elementor-element elementor-element-37c01d0 e-con-full e-flex e-con e-parent\" data-id=\"37c01d0\" data-element_type=\"container\" data-e-type=\"container\">\n\t\t\t\t<div class=\"elementor-element elementor-element-186d4ff elementor-widget elementor-widget-facebook-embed\" data-id=\"186d4ff\" data-element_type=\"widget\" data-e-type=\"widget\" data-widget_type=\"facebook-embed.default\">\n\t\t\t\t\t<div style=\"min-height: 1px\" class=\"elementor-facebook-widget fb-video\" data-href=\"https:\/\/www.facebook.com\/reel\/183140998160633\" data-show-text=\"false\" data-allowfullscreen=\"false\" data-autoplay=\"false\" data-show-captions=\"false\"><\/div>\t\t\t\t<\/div>\n\t\t\t\t<\/div>\n\t\t\t\t<\/div>\n\t\t","protected":false},"excerpt":{"rendered":"<p>Fundaci\u00f3n Grupo Alerta y Vicasa Desarrollos remodelan los servicios sanitarios en la escuela Primaria Rafael Liz\u00e1rraga Zazueta.<\/p>\n","protected":false},"author":4,"featured_media":430,"comment_status":"open","ping_status":"open","sticky":false,"template":"","format":"standard","meta":{"footnotes":""},"categories":[17,15],"tags":[],"class_list":["post-429","post","type-post","status-publish","format-standard","has-post-thumbnail","hentry","category-comunidad","category-voluntariado"],"_links":{"self":[{"href":"https:\/\/fundaciongrupoalerta.org\/blog\/wp-json\/wp\/v2\/posts\/429","targetHints":{"allow":["GET"]}}],"collection":[{"href":"https:\/\/fundaciongrupoalerta.org\/blog\/wp-json\/wp\/v2\/posts"}],"about":[{"href":"https:\/\/fundaciongrupoalerta.org\/blog\/wp-json\/wp\/v2\/types\/post"}],"author":[{"embeddable":true,"href":"https:\/\/fundaciongrupoalerta.org\/blog\/wp-json\/wp\/v2\/users\/4"}],"replies":[{"embeddable":true,"href":"https:\/\/fundaciongrupoalerta.org\/blog\/wp-json\/wp\/v2\/comments?post=429"}],"version-history":[{"count":9,"href":"https:\/\/fundaciongrupoalerta.org\/blog\/wp-json\/wp\/v2\/posts\/429\/revisions"}],"predecessor-version":[{"id":1342,"href":"https:\/\/fundaciongrupoalerta.org\/blog\/wp-json\/wp\/v2\/posts\/429\/revisions\/1342"}],"wp:featuredmedia":[{"embeddable":true,"href":"https:\/\/fundaciongrupoalerta.org\/blog\/wp-json\/wp\/v2\/media\/430"}],"wp:attachment":[{"href":"https:\/\/fundaciongrupoalerta.org\/blog\/wp-json\/wp\/v2\/media?parent=429"}],"wp:term":[{"taxonomy":"category","embeddable":true,"href":"https:\/\/fundaciongrupoalerta.org\/blog\/wp-json\/wp\/v2\/categories?post=429"},{"taxonomy":"post_tag","embeddable":true,"href":"https:\/\/fundaciongrupoalerta.org\/blog\/wp-json\/wp\/v2\/tags?post=429"}],"curies":[{"name":"wp","href":"https:\/\/api.w.org\/{rel}","templated":true}]}}