{"id":440,"date":"2023-12-19T18:17:00","date_gmt":"2023-12-19T18:17:00","guid":{"rendered":"https:\/\/fundaciongrupoalerta.org\/blog\/?p=440"},"modified":"2026-07-31T22:40:13","modified_gmt":"2026-07-31T22:40:13","slug":"fundacion-grupo-alerta-se-suma-a-teleton-2023","status":"publish","type":"post","link":"https:\/\/fundaciongrupoalerta.org\/blog\/fundacion-grupo-alerta-se-suma-a-teleton-2023\/","title":{"rendered":"FUNDACI\u00d3N GRUPO ALERTA SE SUMA A TELET\u00d3N 2023"},"content":{"rendered":"\t\t<div data-elementor-type=\"wp-post\" data-elementor-id=\"440\" class=\"elementor elementor-440\" data-elementor-post-type=\"post\">\n\t\t\t\t<div class=\"elementor-element elementor-element-826a37 e-flex e-con-boxed e-con e-parent\" data-id=\"826a37\" data-element_type=\"container\" data-e-type=\"container\">\n\t\t\t\t\t<div class=\"e-con-inner\">\n\t\t\t\t<div class=\"elementor-element elementor-element-5538fce5 elementor-widget elementor-widget-text-editor\" data-id=\"5538fce5\" data-element_type=\"widget\" data-e-type=\"widget\" data-widget_type=\"text-editor.default\">\n\t\t\t\t\t\t\t\t\t\n<figure class=\"wp-block-embed is-type-video is-provider-youtube wp-block-embed-youtube wp-embed-aspect-16-9 wp-has-aspect-ratio\"><div class=\"wp-block-embed__wrapper\">\n<iframe title=\"En Grupo Alerta estamos de coraz\u00f3n con Telet\u00f3n M\u00e9xico \ud83d\udc9c\ud83d\udc9b\" width=\"800\" height=\"450\" src=\"https:\/\/www.youtube.com\/embed\/CbtTHXZoCyw?feature=oembed\" frameborder=\"0\" allow=\"accelerometer; autoplay; clipboard-write; encrypted-media; gyroscope; picture-in-picture; web-share\" referrerpolicy=\"strict-origin-when-cross-origin\" allowfullscreen><\/iframe>\n<\/div><\/figure>\n\n\n\n<p class=\"wp-block-paragraph\" style=\"line-height:1.6\">En <strong>Fundaci\u00f3n Grupo Alerta<\/strong>, nos llena de orgullo haber formado parte de la campa\u00f1a Telet\u00f3n 2023. Como parte de nuestro compromiso inquebrantable con el bienestar y el desarrollo de nuestra comunidad, nos sumamos a esta noble causa con un significativo donativo, convencidos de que el poder de la solidaridad es el camino para construir un futuro m\u00e1s inclusivo.<\/p>\n\n\n\n<p class=\"wp-block-paragraph\"><\/p>\n\n\n\n<figure class=\"wp-block-image aligncenter size-large\"><img fetchpriority=\"high\" decoding=\"async\" width=\"768\" height=\"1024\" src=\"https:\/\/fundaciongrupoalerta.org\/blog\/wp-content\/uploads\/2026\/07\/WhatsApp-Image-2024-03-06-at-12.54.37-PM-3-2-768x1024.jpeg\" alt=\"\" class=\"wp-image-441\" srcset=\"https:\/\/fundaciongrupoalerta.org\/blog\/wp-content\/uploads\/2026\/07\/WhatsApp-Image-2024-03-06-at-12.54.37-PM-3-2-768x1024.jpeg 768w, https:\/\/fundaciongrupoalerta.org\/blog\/wp-content\/uploads\/2026\/07\/WhatsApp-Image-2024-03-06-at-12.54.37-PM-3-2-225x300.jpeg 225w, https:\/\/fundaciongrupoalerta.org\/blog\/wp-content\/uploads\/2026\/07\/WhatsApp-Image-2024-03-06-at-12.54.37-PM-3-2-1152x1536.jpeg 1152w, https:\/\/fundaciongrupoalerta.org\/blog\/wp-content\/uploads\/2026\/07\/WhatsApp-Image-2024-03-06-at-12.54.37-PM-3-2.jpeg 1200w\" sizes=\"(max-width: 768px) 100vw, 768px\" \/><\/figure>\n\n\n\n<p class=\"wp-block-paragraph\" style=\"line-height:1.6\">Agradecemos a todo el equipo de Telet\u00f3n por su incansable labor. Nos sentimos privilegiados de caminar a su lado en esta misi\u00f3n. Juntos, demostramos una vez m\u00e1s que cuando nos unimos por M\u00e9xico, grandes cambios son posibles.<\/p>\n\n\n\n<figure class=\"wp-block-image size-large\"><img decoding=\"async\" width=\"1024\" height=\"1024\" src=\"https:\/\/fundaciongrupoalerta.org\/blog\/wp-content\/uploads\/2026\/07\/407486737_658455883117080_63221666592908148_n-1-1024x1024.jpg\" alt=\"\" class=\"wp-image-442\" srcset=\"https:\/\/fundaciongrupoalerta.org\/blog\/wp-content\/uploads\/2026\/07\/407486737_658455883117080_63221666592908148_n-1-1024x1024.jpg 1024w, https:\/\/fundaciongrupoalerta.org\/blog\/wp-content\/uploads\/2026\/07\/407486737_658455883117080_63221666592908148_n-1-300x300.jpg 300w, https:\/\/fundaciongrupoalerta.org\/blog\/wp-content\/uploads\/2026\/07\/407486737_658455883117080_63221666592908148_n-1-150x150.jpg 150w, https:\/\/fundaciongrupoalerta.org\/blog\/wp-content\/uploads\/2026\/07\/407486737_658455883117080_63221666592908148_n-1-768x768.jpg 768w, https:\/\/fundaciongrupoalerta.org\/blog\/wp-content\/uploads\/2026\/07\/407486737_658455883117080_63221666592908148_n-1.jpg 1280w\" sizes=\"(max-width: 1024px) 100vw, 1024px\" \/><\/figure>\n\n\n\n<p class=\"wp-block-paragraph\" style=\"line-height:1.6\">Gracias a la suma de voluntades, <strong>\u00a1logramos llegar a la meta!<\/strong> Con nuestro apoyo, contribuimos a que m\u00e1s ni\u00f1as y ni\u00f1os de nuestro pa\u00eds tengan acceso a servicios de salud y rehabilitaci\u00f3n de calidad.<\/p>\n\n\n\n<p class=\"wp-block-paragraph\"><\/p>\n\t\t\t\t\t\t\t\t<\/div>\n\t\t\t\t\t<\/div>\n\t\t\t\t<\/div>\n\t\t<div class=\"elementor-element elementor-element-ea0b0e6 e-con-full e-flex e-con e-parent\" data-id=\"ea0b0e6\" data-element_type=\"container\" data-e-type=\"container\">\n\t\t\t\t<div class=\"elementor-element elementor-element-8b56733 elementor-widget elementor-widget-facebook-embed\" data-id=\"8b56733\" data-element_type=\"widget\" data-e-type=\"widget\" data-widget_type=\"facebook-embed.default\">\n\t\t\t\t\t<div style=\"min-height: 1px\" class=\"elementor-facebook-widget fb-video\" data-href=\"https:\/\/www.facebook.com\/reel\/1566703450739165\" data-show-text=\"false\" data-allowfullscreen=\"false\" data-autoplay=\"false\" data-show-captions=\"false\"><\/div>\t\t\t\t<\/div>\n\t\t\t\t<\/div>\n\t\t\t\t<\/div>\n\t\t","protected":false},"excerpt":{"rendered":"<p>\u00a1Coraz\u00f3n Telet\u00f3n! Fundaci\u00f3n Grupo Alerta suma esfuerzos por la inclusi\u00f3n y la salud.<\/p>\n","protected":false},"author":4,"featured_media":441,"comment_status":"open","ping_status":"open","sticky":false,"template":"","format":"standard","meta":{"footnotes":""},"categories":[16],"tags":[],"class_list":["post-440","post","type-post","status-publish","format-standard","has-post-thumbnail","hentry","category-donatarias"],"_links":{"self":[{"href":"https:\/\/fundaciongrupoalerta.org\/blog\/wp-json\/wp\/v2\/posts\/440","targetHints":{"allow":["GET"]}}],"collection":[{"href":"https:\/\/fundaciongrupoalerta.org\/blog\/wp-json\/wp\/v2\/posts"}],"about":[{"href":"https:\/\/fundaciongrupoalerta.org\/blog\/wp-json\/wp\/v2\/types\/post"}],"author":[{"embeddable":true,"href":"https:\/\/fundaciongrupoalerta.org\/blog\/wp-json\/wp\/v2\/users\/4"}],"replies":[{"embeddable":true,"href":"https:\/\/fundaciongrupoalerta.org\/blog\/wp-json\/wp\/v2\/comments?post=440"}],"version-history":[{"count":5,"href":"https:\/\/fundaciongrupoalerta.org\/blog\/wp-json\/wp\/v2\/posts\/440\/revisions"}],"predecessor-version":[{"id":1341,"href":"https:\/\/fundaciongrupoalerta.org\/blog\/wp-json\/wp\/v2\/posts\/440\/revisions\/1341"}],"wp:featuredmedia":[{"embeddable":true,"href":"https:\/\/fundaciongrupoalerta.org\/blog\/wp-json\/wp\/v2\/media\/441"}],"wp:attachment":[{"href":"https:\/\/fundaciongrupoalerta.org\/blog\/wp-json\/wp\/v2\/media?parent=440"}],"wp:term":[{"taxonomy":"category","embeddable":true,"href":"https:\/\/fundaciongrupoalerta.org\/blog\/wp-json\/wp\/v2\/categories?post=440"},{"taxonomy":"post_tag","embeddable":true,"href":"https:\/\/fundaciongrupoalerta.org\/blog\/wp-json\/wp\/v2\/tags?post=440"}],"curies":[{"name":"wp","href":"https:\/\/api.w.org\/{rel}","templated":true}]}}