{"id":444,"date":"2024-01-05T18:38:00","date_gmt":"2024-01-05T18:38:00","guid":{"rendered":"https:\/\/fundaciongrupoalerta.org\/blog\/?p=444"},"modified":"2026-07-17T18:54:43","modified_gmt":"2026-07-17T18:54:43","slug":"regalo-de-alegria-2024","status":"publish","type":"post","link":"https:\/\/fundaciongrupoalerta.org\/blog\/regalo-de-alegria-2024\/","title":{"rendered":"REGALO DE ALEGR\u00cdA 2024"},"content":{"rendered":"\n<figure class=\"wp-block-embed is-type-video is-provider-youtube wp-block-embed-youtube wp-embed-aspect-16-9 wp-has-aspect-ratio\"><div class=\"wp-block-embed__wrapper\">\n<iframe title=\"\u00a1Llegaron los Reyes Magos! Realizan la entrega de m\u00e1s de mil juguetes de Regalo de Alegr\u00eda\" width=\"800\" height=\"450\" src=\"https:\/\/www.youtube.com\/embed\/vG0zOtwu34Y?feature=oembed\" frameborder=\"0\" allow=\"accelerometer; autoplay; clipboard-write; encrypted-media; gyroscope; picture-in-picture; web-share\" referrerpolicy=\"strict-origin-when-cross-origin\" allowfullscreen><\/iframe>\n<\/div><\/figure>\n\n\n\n<p class=\"wp-block-paragraph\">El pasado viernes, la magia del D\u00eda de Reyes lleg\u00f3 a diversos rincones de nuestro puerto a trav\u00e9s de nuestra jornada <strong>&#8220;Regalo de Alegr\u00eda 2024&#8221;<\/strong>. Con gran entusiasmo, recorrimos diversas colonias para hacer entrega de m\u00e1s de mil juguetes, transformando la ma\u00f1ana en una celebraci\u00f3n inolvidable para la ni\u00f1ez mazatleca.<\/p>\n\n\n\n<figure class=\"wp-block-image aligncenter size-full\"><img fetchpriority=\"high\" decoding=\"async\" width=\"768\" height=\"768\" src=\"https:\/\/fundaciongrupoalerta.org\/blog\/wp-content\/uploads\/2026\/07\/IMG-20240228-WA0058-3-edited.jpg\" alt=\"\" class=\"wp-image-446\" srcset=\"https:\/\/fundaciongrupoalerta.org\/blog\/wp-content\/uploads\/2026\/07\/IMG-20240228-WA0058-3-edited.jpg 768w, https:\/\/fundaciongrupoalerta.org\/blog\/wp-content\/uploads\/2026\/07\/IMG-20240228-WA0058-3-edited-300x300.jpg 300w, https:\/\/fundaciongrupoalerta.org\/blog\/wp-content\/uploads\/2026\/07\/IMG-20240228-WA0058-3-edited-150x150.jpg 150w\" sizes=\"(max-width: 768px) 100vw, 768px\" \/><\/figure>\n\n\n\n<p class=\"wp-block-paragraph\">La caravana de alegr\u00eda visit\u00f3 las colonias Mar\u00eda Elena, Invasi\u00f3n Buganvilia e Invasi\u00f3n San Antonio, llevando un momento de ilusi\u00f3n a cada hogar. Este logro fue posible gracias a la suma de voluntades y el compromiso social de <strong>Fundaci\u00f3n Grupo Alerta, TVP, Gaspasa, Gaspasa Gasolinas, Camino al Mar Plaza Comercial y Grupo Alerta.<\/strong><\/p>\n\n\n\n<figure class=\"wp-block-image size-large\"><img decoding=\"async\" width=\"1024\" height=\"576\" src=\"https:\/\/fundaciongrupoalerta.org\/blog\/wp-content\/uploads\/2026\/07\/IMG-20240228-WA0068-1024x576.jpg\" alt=\"\" class=\"wp-image-447\" srcset=\"https:\/\/fundaciongrupoalerta.org\/blog\/wp-content\/uploads\/2026\/07\/IMG-20240228-WA0068-1024x576.jpg 1024w, https:\/\/fundaciongrupoalerta.org\/blog\/wp-content\/uploads\/2026\/07\/IMG-20240228-WA0068-300x169.jpg 300w, https:\/\/fundaciongrupoalerta.org\/blog\/wp-content\/uploads\/2026\/07\/IMG-20240228-WA0068-768x432.jpg 768w, https:\/\/fundaciongrupoalerta.org\/blog\/wp-content\/uploads\/2026\/07\/IMG-20240228-WA0068.jpg 1280w\" sizes=\"(max-width: 1024px) 100vw, 1024px\" \/><\/figure>\n\n\n\n<p class=\"wp-block-paragraph\">En Fundaci\u00f3n Grupo Alerta, estamos profundamente agradecidos con todos los colaboradores y aliados que dedicaron su tiempo y esfuerzo para hacer realidad esta entrega. Acciones como esta nos recuerdan que, al trabajar en equipo, podemos construir momentos de felicidad que dejan una huella imborrable en el coraz\u00f3n de nuestra comunidad.<\/p>\n\n\n\n<figure class=\"wp-block-image size-large\"><img decoding=\"async\" width=\"1024\" height=\"768\" src=\"https:\/\/fundaciongrupoalerta.org\/blog\/wp-content\/uploads\/2026\/07\/IMG-20240228-WA0063-2-1024x768.jpg\" alt=\"\" class=\"wp-image-448\" srcset=\"https:\/\/fundaciongrupoalerta.org\/blog\/wp-content\/uploads\/2026\/07\/IMG-20240228-WA0063-2-1024x768.jpg 1024w, https:\/\/fundaciongrupoalerta.org\/blog\/wp-content\/uploads\/2026\/07\/IMG-20240228-WA0063-2-300x225.jpg 300w, https:\/\/fundaciongrupoalerta.org\/blog\/wp-content\/uploads\/2026\/07\/IMG-20240228-WA0063-2-768x576.jpg 768w, https:\/\/fundaciongrupoalerta.org\/blog\/wp-content\/uploads\/2026\/07\/IMG-20240228-WA0063-2.jpg 1280w\" sizes=\"(max-width: 1024px) 100vw, 1024px\" \/><\/figure>\n\n\n\n<p class=\"wp-block-paragraph\"><\/p>\n\n\n\n<div class=\"wp-block-columns is-layout-flex wp-container-core-columns-is-layout-7387b849 wp-block-columns-is-layout-flex\">\n<div class=\"wp-block-column is-layout-flow wp-block-column-is-layout-flow\" style=\"flex-basis:100%\">\n<figure class=\"wp-block-image aligncenter size-large\"><img loading=\"lazy\" decoding=\"async\" width=\"1024\" height=\"768\" src=\"https:\/\/fundaciongrupoalerta.org\/blog\/wp-content\/uploads\/2026\/07\/Imagen-de-WhatsApp-2024-02-28-a-las-16.33.35_4c278b15-1024x768.jpg\" alt=\"\" class=\"wp-image-449\" srcset=\"https:\/\/fundaciongrupoalerta.org\/blog\/wp-content\/uploads\/2026\/07\/Imagen-de-WhatsApp-2024-02-28-a-las-16.33.35_4c278b15-1024x768.jpg 1024w, https:\/\/fundaciongrupoalerta.org\/blog\/wp-content\/uploads\/2026\/07\/Imagen-de-WhatsApp-2024-02-28-a-las-16.33.35_4c278b15-300x225.jpg 300w, https:\/\/fundaciongrupoalerta.org\/blog\/wp-content\/uploads\/2026\/07\/Imagen-de-WhatsApp-2024-02-28-a-las-16.33.35_4c278b15-768x576.jpg 768w, https:\/\/fundaciongrupoalerta.org\/blog\/wp-content\/uploads\/2026\/07\/Imagen-de-WhatsApp-2024-02-28-a-las-16.33.35_4c278b15.jpg 1156w\" sizes=\"(max-width: 1024px) 100vw, 1024px\" \/><\/figure>\n\n\n\n<figure class=\"wp-block-image aligncenter size-large is-resized\"><img loading=\"lazy\" decoding=\"async\" width=\"720\" height=\"720\" src=\"https:\/\/fundaciongrupoalerta.org\/blog\/wp-content\/uploads\/2026\/07\/IMG-20240228-WA0059-edited.jpg\" alt=\"\" class=\"wp-image-451\" style=\"width:716px;height:auto\" srcset=\"https:\/\/fundaciongrupoalerta.org\/blog\/wp-content\/uploads\/2026\/07\/IMG-20240228-WA0059-edited.jpg 720w, https:\/\/fundaciongrupoalerta.org\/blog\/wp-content\/uploads\/2026\/07\/IMG-20240228-WA0059-edited-300x300.jpg 300w, https:\/\/fundaciongrupoalerta.org\/blog\/wp-content\/uploads\/2026\/07\/IMG-20240228-WA0059-edited-150x150.jpg 150w\" sizes=\"(max-width: 720px) 100vw, 720px\" \/><\/figure>\n<\/div>\n<\/div>\n\n\n\n<p class=\"has-medium-font-size wp-block-paragraph\"><strong>\u00a1Gracias a todos por ayudarnos a llevar alegr\u00eda a los ni\u00f1os de Mazatl\u00e1n!<\/strong><\/p>\n\n\n\n<p class=\"wp-block-paragraph\"><\/p>\n","protected":false},"excerpt":{"rendered":"<p>M\u00e1s de mil sonrisas. Fundaci\u00f3n Grupo Alerta y aliados celebran Regalo de Alegr\u00eda 2024.<\/p>\n","protected":false},"author":4,"featured_media":446,"comment_status":"open","ping_status":"open","sticky":false,"template":"","format":"standard","meta":{"footnotes":""},"categories":[17,15],"tags":[],"class_list":["post-444","post","type-post","status-publish","format-standard","has-post-thumbnail","hentry","category-comunidad","category-voluntariado"],"_links":{"self":[{"href":"https:\/\/fundaciongrupoalerta.org\/blog\/wp-json\/wp\/v2\/posts\/444","targetHints":{"allow":["GET"]}}],"collection":[{"href":"https:\/\/fundaciongrupoalerta.org\/blog\/wp-json\/wp\/v2\/posts"}],"about":[{"href":"https:\/\/fundaciongrupoalerta.org\/blog\/wp-json\/wp\/v2\/types\/post"}],"author":[{"embeddable":true,"href":"https:\/\/fundaciongrupoalerta.org\/blog\/wp-json\/wp\/v2\/users\/4"}],"replies":[{"embeddable":true,"href":"https:\/\/fundaciongrupoalerta.org\/blog\/wp-json\/wp\/v2\/comments?post=444"}],"version-history":[{"count":1,"href":"https:\/\/fundaciongrupoalerta.org\/blog\/wp-json\/wp\/v2\/posts\/444\/revisions"}],"predecessor-version":[{"id":452,"href":"https:\/\/fundaciongrupoalerta.org\/blog\/wp-json\/wp\/v2\/posts\/444\/revisions\/452"}],"wp:featuredmedia":[{"embeddable":true,"href":"https:\/\/fundaciongrupoalerta.org\/blog\/wp-json\/wp\/v2\/media\/446"}],"wp:attachment":[{"href":"https:\/\/fundaciongrupoalerta.org\/blog\/wp-json\/wp\/v2\/media?parent=444"}],"wp:term":[{"taxonomy":"category","embeddable":true,"href":"https:\/\/fundaciongrupoalerta.org\/blog\/wp-json\/wp\/v2\/categories?post=444"},{"taxonomy":"post_tag","embeddable":true,"href":"https:\/\/fundaciongrupoalerta.org\/blog\/wp-json\/wp\/v2\/tags?post=444"}],"curies":[{"name":"wp","href":"https:\/\/api.w.org\/{rel}","templated":true}]}}