{"id":454,"date":"2024-02-14T18:56:00","date_gmt":"2024-02-14T18:56:00","guid":{"rendered":"https:\/\/fundaciongrupoalerta.org\/blog\/?p=454"},"modified":"2026-07-31T22:42:32","modified_gmt":"2026-07-31T22:42:32","slug":"20-aniversario-de-fundacion-letty-coppel","status":"publish","type":"post","link":"https:\/\/fundaciongrupoalerta.org\/blog\/20-aniversario-de-fundacion-letty-coppel\/","title":{"rendered":"20 ANIVERSARIO DE FUNDACI\u00d3N LETTY COPPEL"},"content":{"rendered":"\n<figure class=\"wp-block-image aligncenter size-large is-resized\"><img fetchpriority=\"high\" decoding=\"async\" width=\"1024\" height=\"1024\" src=\"https:\/\/fundaciongrupoalerta.org\/blog\/wp-content\/uploads\/2026\/07\/grupo-matute-aniversario-fundacion.jpg-1024x1024.webp\" alt=\"\" class=\"wp-image-455\" style=\"width:567px;height:auto\" srcset=\"https:\/\/fundaciongrupoalerta.org\/blog\/wp-content\/uploads\/2026\/07\/grupo-matute-aniversario-fundacion.jpg-1024x1024.webp 1024w, https:\/\/fundaciongrupoalerta.org\/blog\/wp-content\/uploads\/2026\/07\/grupo-matute-aniversario-fundacion.jpg-300x300.webp 300w, https:\/\/fundaciongrupoalerta.org\/blog\/wp-content\/uploads\/2026\/07\/grupo-matute-aniversario-fundacion.jpg-150x150.webp 150w, https:\/\/fundaciongrupoalerta.org\/blog\/wp-content\/uploads\/2026\/07\/grupo-matute-aniversario-fundacion.jpg-768x768.webp 768w, https:\/\/fundaciongrupoalerta.org\/blog\/wp-content\/uploads\/2026\/07\/grupo-matute-aniversario-fundacion.jpg.webp 1080w\" sizes=\"(max-width: 1024px) 100vw, 1024px\" \/><\/figure>\n\n\n\n<p class=\"wp-block-paragraph\" style=\"line-height:1.6\">Para conmemorar dos d\u00e9cadas de impacto social y dedicaci\u00f3n, la <strong>Fundaci\u00f3n Letty Coppel<\/strong> organiz\u00f3 un espectacular concierto ben\u00e9fico de la agrupaci\u00f3n <strong>Matute<\/strong>. Este evento especial, realizado en el emblem\u00e1tico entorno de Quivira Los Cabos, reuni\u00f3 a la comunidad en una noche inolvidable con un prop\u00f3sito superior.<\/p>\n\n\n\n<figure class=\"wp-block-image aligncenter size-large is-resized\"><img decoding=\"async\" width=\"1024\" height=\"683\" src=\"https:\/\/fundaciongrupoalerta.org\/blog\/wp-content\/uploads\/2026\/07\/20-aniversario-Fundacion-Letty-Coppel_6-scaled-1-1024x683.jpg\" alt=\"\" class=\"wp-image-456\" style=\"width:731px;height:auto\" srcset=\"https:\/\/fundaciongrupoalerta.org\/blog\/wp-content\/uploads\/2026\/07\/20-aniversario-Fundacion-Letty-Coppel_6-scaled-1-1024x683.jpg 1024w, https:\/\/fundaciongrupoalerta.org\/blog\/wp-content\/uploads\/2026\/07\/20-aniversario-Fundacion-Letty-Coppel_6-scaled-1-300x200.jpg 300w, https:\/\/fundaciongrupoalerta.org\/blog\/wp-content\/uploads\/2026\/07\/20-aniversario-Fundacion-Letty-Coppel_6-scaled-1-768x512.jpg 768w, https:\/\/fundaciongrupoalerta.org\/blog\/wp-content\/uploads\/2026\/07\/20-aniversario-Fundacion-Letty-Coppel_6-scaled-1-1536x1024.jpg 1536w, https:\/\/fundaciongrupoalerta.org\/blog\/wp-content\/uploads\/2026\/07\/20-aniversario-Fundacion-Letty-Coppel_6-scaled-1-2048x1366.jpg 2048w\" sizes=\"(max-width: 1024px) 100vw, 1024px\" \/><\/figure>\n\n\n\n<p class=\"wp-block-paragraph\" style=\"line-height:1.6\">En <strong>Fundaci\u00f3n Grupo Alerta<\/strong>, nos enorgullece haber formado parte de este acontecimiento, contribuyendo a la recaudaci\u00f3n de fondos vitales para el fortalecimiento de los programas sociales de la Fundaci\u00f3n Letty Coppel. La totalidad de los ingresos obtenidos durante el concierto ser\u00e1n destinados a sostener la invaluable labor que realizan en favor de comunidades y personas en situaci\u00f3n de vulnerabilidad.<\/p>\n\n\n\n<figure class=\"wp-block-image aligncenter size-full is-resized\"><img decoding=\"async\" width=\"1024\" height=\"874\" src=\"https:\/\/fundaciongrupoalerta.org\/blog\/wp-content\/uploads\/2026\/07\/20-aniversario-Fundacion-Letty-Coppel_3-1024x874-1.jpg\" alt=\"\" class=\"wp-image-457\" style=\"width:707px;height:auto\" srcset=\"https:\/\/fundaciongrupoalerta.org\/blog\/wp-content\/uploads\/2026\/07\/20-aniversario-Fundacion-Letty-Coppel_3-1024x874-1.jpg 1024w, https:\/\/fundaciongrupoalerta.org\/blog\/wp-content\/uploads\/2026\/07\/20-aniversario-Fundacion-Letty-Coppel_3-1024x874-1-300x256.jpg 300w, https:\/\/fundaciongrupoalerta.org\/blog\/wp-content\/uploads\/2026\/07\/20-aniversario-Fundacion-Letty-Coppel_3-1024x874-1-768x656.jpg 768w\" sizes=\"(max-width: 1024px) 100vw, 1024px\" \/><\/figure>\n\n\n\n<p class=\"wp-block-paragraph\" style=\"line-height:1.6\">Esta colaboraci\u00f3n reafirma el compromiso compartido de ambas fundaciones por impulsar el bienestar social y el desarrollo comunitario. Felicitamos a Fundaci\u00f3n Letty Coppel por estos 20 a\u00f1os de trayectoria y renovamos nuestra convicci\u00f3n de continuar trabajando en conjunto para construir un futuro m\u00e1s solidario para M\u00e9xico.<\/p>\n\n\n\n<p class=\"wp-block-paragraph\"><\/p>\n","protected":false},"excerpt":{"rendered":"<p>Fundaci\u00f3n Grupo Alerta se suma a la celebraci\u00f3n del 20 Aniversario de Fundaci\u00f3n Letty Coppel<\/p>\n","protected":false},"author":4,"featured_media":455,"comment_status":"open","ping_status":"open","sticky":false,"template":"","format":"standard","meta":{"footnotes":""},"categories":[16],"tags":[],"class_list":["post-454","post","type-post","status-publish","format-standard","has-post-thumbnail","hentry","category-donatarias"],"_links":{"self":[{"href":"https:\/\/fundaciongrupoalerta.org\/blog\/wp-json\/wp\/v2\/posts\/454","targetHints":{"allow":["GET"]}}],"collection":[{"href":"https:\/\/fundaciongrupoalerta.org\/blog\/wp-json\/wp\/v2\/posts"}],"about":[{"href":"https:\/\/fundaciongrupoalerta.org\/blog\/wp-json\/wp\/v2\/types\/post"}],"author":[{"embeddable":true,"href":"https:\/\/fundaciongrupoalerta.org\/blog\/wp-json\/wp\/v2\/users\/4"}],"replies":[{"embeddable":true,"href":"https:\/\/fundaciongrupoalerta.org\/blog\/wp-json\/wp\/v2\/comments?post=454"}],"version-history":[{"count":1,"href":"https:\/\/fundaciongrupoalerta.org\/blog\/wp-json\/wp\/v2\/posts\/454\/revisions"}],"predecessor-version":[{"id":458,"href":"https:\/\/fundaciongrupoalerta.org\/blog\/wp-json\/wp\/v2\/posts\/454\/revisions\/458"}],"wp:featuredmedia":[{"embeddable":true,"href":"https:\/\/fundaciongrupoalerta.org\/blog\/wp-json\/wp\/v2\/media\/455"}],"wp:attachment":[{"href":"https:\/\/fundaciongrupoalerta.org\/blog\/wp-json\/wp\/v2\/media?parent=454"}],"wp:term":[{"taxonomy":"category","embeddable":true,"href":"https:\/\/fundaciongrupoalerta.org\/blog\/wp-json\/wp\/v2\/categories?post=454"},{"taxonomy":"post_tag","embeddable":true,"href":"https:\/\/fundaciongrupoalerta.org\/blog\/wp-json\/wp\/v2\/tags?post=454"}],"curies":[{"name":"wp","href":"https:\/\/api.w.org\/{rel}","templated":true}]}}