{"id":459,"date":"2024-02-15T19:09:00","date_gmt":"2024-02-15T19:09:00","guid":{"rendered":"https:\/\/fundaciongrupoalerta.org\/blog\/?p=459"},"modified":"2026-07-31T22:43:20","modified_gmt":"2026-07-31T22:43:20","slug":"se-entregan-cuatro-camionetas-llenas-de-tapitas","status":"publish","type":"post","link":"https:\/\/fundaciongrupoalerta.org\/blog\/se-entregan-cuatro-camionetas-llenas-de-tapitas\/","title":{"rendered":"SE ENTREGAN CUATRO CAMIONETAS LLENAS DE TAPITAS"},"content":{"rendered":"\n<figure class=\"wp-block-embed aligncenter is-type-video is-provider-youtube wp-block-embed-youtube wp-embed-aspect-16-9 wp-has-aspect-ratio\"><div class=\"wp-block-embed__wrapper\">\n<iframe title=\"\u00a1Entregan cuatro camionetas llenas de tapitas! Fundaci\u00f3n Grupo Alerta se une a Tapat\u00f3n y Librot\u00f3n\" width=\"800\" height=\"450\" src=\"https:\/\/www.youtube.com\/embed\/rGy7esWE0Gg?feature=oembed\" frameborder=\"0\" allow=\"accelerometer; autoplay; clipboard-write; encrypted-media; gyroscope; picture-in-picture; web-share\" referrerpolicy=\"strict-origin-when-cross-origin\" allowfullscreen><\/iframe>\n<\/div><\/figure>\n\n\n\n<p class=\"wp-block-paragraph\" style=\"line-height:1.6\">En el marco del <strong>D\u00eda Internacional de la Lucha contra el C\u00e1ncer Infantil<\/strong>, desde Fundaci\u00f3n Grupo Alerta reafirmamos nuestro compromiso inquebrantable con la ni\u00f1ez sinaloense. Como parte de nuestras acciones de responsabilidad social, hemos realizado la entrega de miles de tapitas a <strong>Casa Valentina IAP<\/strong>, contribuyendo directamente a mejorar la calidad de vida de los ni\u00f1os y ni\u00f1as que enfrentan esta enfermedad.<\/p>\n\n\n\n<figure class=\"wp-block-image size-large\"><img fetchpriority=\"high\" decoding=\"async\" width=\"1280\" height=\"720\" src=\"https:\/\/fundaciongrupoalerta.org\/blog\/wp-content\/uploads\/2026\/07\/Imagen-de-WhatsApp-2024-02-28-a-las-16.33.35_71ccd6ac-edited.jpg\" alt=\"\" class=\"wp-image-461\" srcset=\"https:\/\/fundaciongrupoalerta.org\/blog\/wp-content\/uploads\/2026\/07\/Imagen-de-WhatsApp-2024-02-28-a-las-16.33.35_71ccd6ac-edited.jpg 1280w, https:\/\/fundaciongrupoalerta.org\/blog\/wp-content\/uploads\/2026\/07\/Imagen-de-WhatsApp-2024-02-28-a-las-16.33.35_71ccd6ac-edited-300x169.jpg 300w, https:\/\/fundaciongrupoalerta.org\/blog\/wp-content\/uploads\/2026\/07\/Imagen-de-WhatsApp-2024-02-28-a-las-16.33.35_71ccd6ac-edited-1024x576.jpg 1024w, https:\/\/fundaciongrupoalerta.org\/blog\/wp-content\/uploads\/2026\/07\/Imagen-de-WhatsApp-2024-02-28-a-las-16.33.35_71ccd6ac-edited-768x432.jpg 768w\" sizes=\"(max-width: 1280px) 100vw, 1280px\" \/><\/figure>\n\n\n\n<p class=\"wp-block-paragraph\" style=\"line-height:1.6\">Este donativo es el resultado de la campa\u00f1a <strong>&#8220;Tapat\u00f3n y Librot\u00f3n&#8221;<\/strong>, un esfuerzo que realizamos a\u00f1o con a\u00f1o y que cuenta con una respuesta extraordinaria de nuestros colaboradores. Gracias a la solidaridad de quienes se sumaron donando tapitas y botellas PET, logramos consolidar una aportaci\u00f3n significativa que impactar\u00e1 positivamente a las familias beneficiarias.<\/p>\n\n\n\n<figure class=\"wp-block-image aligncenter size-large\"><img decoding=\"async\" width=\"768\" height=\"1024\" src=\"https:\/\/fundaciongrupoalerta.org\/blog\/wp-content\/uploads\/2026\/07\/Imagen-de-WhatsApp-2024-02-28-a-las-16.33.35_f7fc9d66-768x1024.jpg\" alt=\"\" class=\"wp-image-463\" srcset=\"https:\/\/fundaciongrupoalerta.org\/blog\/wp-content\/uploads\/2026\/07\/Imagen-de-WhatsApp-2024-02-28-a-las-16.33.35_f7fc9d66-768x1024.jpg 768w, https:\/\/fundaciongrupoalerta.org\/blog\/wp-content\/uploads\/2026\/07\/Imagen-de-WhatsApp-2024-02-28-a-las-16.33.35_f7fc9d66-225x300.jpg 225w, https:\/\/fundaciongrupoalerta.org\/blog\/wp-content\/uploads\/2026\/07\/Imagen-de-WhatsApp-2024-02-28-a-las-16.33.35_f7fc9d66.jpg 960w\" sizes=\"(max-width: 768px) 100vw, 768px\" \/><\/figure>\n\n\n\n<p class=\"wp-block-paragraph\" style=\"line-height:1.6\">Agradecemos profundamente a cada uno de nuestros colaboradores por su empat\u00eda y por convertir su ayuda en esperanza. Acciones como esta nos demuestran que, cuando trabajamos en equipo, podemos transformar los peque\u00f1os gestos en grandes soluciones.<\/p>\n\n\n\n<p class=\"wp-block-paragraph\"><strong>\u00a1Sigamos juntos haciendo la diferencia!<\/strong><\/p>\n\n\n\n<p class=\"wp-block-paragraph\"><\/p>\n","protected":false},"excerpt":{"rendered":"<p>Uniendo esfuerzos por la ni\u00f1ez. Fundaci\u00f3n Grupo Alerta se suma a la lucha contra el c\u00e1ncer infantil. <\/p>\n","protected":false},"author":4,"featured_media":461,"comment_status":"open","ping_status":"open","sticky":false,"template":"","format":"standard","meta":{"footnotes":""},"categories":[17,16,15],"tags":[],"class_list":["post-459","post","type-post","status-publish","format-standard","has-post-thumbnail","hentry","category-comunidad","category-donatarias","category-voluntariado"],"_links":{"self":[{"href":"https:\/\/fundaciongrupoalerta.org\/blog\/wp-json\/wp\/v2\/posts\/459","targetHints":{"allow":["GET"]}}],"collection":[{"href":"https:\/\/fundaciongrupoalerta.org\/blog\/wp-json\/wp\/v2\/posts"}],"about":[{"href":"https:\/\/fundaciongrupoalerta.org\/blog\/wp-json\/wp\/v2\/types\/post"}],"author":[{"embeddable":true,"href":"https:\/\/fundaciongrupoalerta.org\/blog\/wp-json\/wp\/v2\/users\/4"}],"replies":[{"embeddable":true,"href":"https:\/\/fundaciongrupoalerta.org\/blog\/wp-json\/wp\/v2\/comments?post=459"}],"version-history":[{"count":3,"href":"https:\/\/fundaciongrupoalerta.org\/blog\/wp-json\/wp\/v2\/posts\/459\/revisions"}],"predecessor-version":[{"id":466,"href":"https:\/\/fundaciongrupoalerta.org\/blog\/wp-json\/wp\/v2\/posts\/459\/revisions\/466"}],"wp:featuredmedia":[{"embeddable":true,"href":"https:\/\/fundaciongrupoalerta.org\/blog\/wp-json\/wp\/v2\/media\/461"}],"wp:attachment":[{"href":"https:\/\/fundaciongrupoalerta.org\/blog\/wp-json\/wp\/v2\/media?parent=459"}],"wp:term":[{"taxonomy":"category","embeddable":true,"href":"https:\/\/fundaciongrupoalerta.org\/blog\/wp-json\/wp\/v2\/categories?post=459"},{"taxonomy":"post_tag","embeddable":true,"href":"https:\/\/fundaciongrupoalerta.org\/blog\/wp-json\/wp\/v2\/tags?post=459"}],"curies":[{"name":"wp","href":"https:\/\/api.w.org\/{rel}","templated":true}]}}