{"id":523,"date":"2023-10-28T22:02:00","date_gmt":"2023-10-28T22:02:00","guid":{"rendered":"https:\/\/fundaciongrupoalerta.org\/blog\/?p=523"},"modified":"2026-07-31T22:38:01","modified_gmt":"2026-07-31T22:38:01","slug":"guerrero-nos-necesita","status":"publish","type":"post","link":"https:\/\/fundaciongrupoalerta.org\/blog\/guerrero-nos-necesita\/","title":{"rendered":"GUERRERO NOS NECESITA"},"content":{"rendered":"\t\t<div data-elementor-type=\"wp-post\" data-elementor-id=\"523\" class=\"elementor elementor-523\" data-elementor-post-type=\"post\">\n\t\t\t\t<div class=\"elementor-element elementor-element-ec93b7e e-flex e-con-boxed e-con e-parent\" data-id=\"ec93b7e\" data-element_type=\"container\" data-e-type=\"container\">\n\t\t\t\t\t<div class=\"e-con-inner\">\n\t\t\t\t<div class=\"elementor-element elementor-element-1c37b524 elementor-widget elementor-widget-text-editor\" data-id=\"1c37b524\" data-element_type=\"widget\" data-e-type=\"widget\" data-widget_type=\"text-editor.default\">\n\t\t\t\t\t\t\t\t\t\n<h2 class=\"wp-block-heading has-text-align-center has-medium-font-size\" style=\"line-height:1.6\">Habilitamos siete centros de acopio para reunir ayuda destinada a las familias afectadas por el hurac\u00e1n Otis, invitando a la ciudadan\u00eda a sumarse a esta causa solidaria.<\/h2>\n\n\n\n<figure class=\"wp-block-image aligncenter size-full is-resized\"><img fetchpriority=\"high\" decoding=\"async\" width=\"589\" height=\"527\" src=\"https:\/\/fundaciongrupoalerta.org\/blog\/wp-content\/uploads\/2026\/07\/Imagen29.jpg\" alt=\"\" class=\"wp-image-524\" style=\"aspect-ratio:1.3333333333333333;object-fit:cover;width:627px;height:auto\" srcset=\"https:\/\/fundaciongrupoalerta.org\/blog\/wp-content\/uploads\/2026\/07\/Imagen29.jpg 589w, https:\/\/fundaciongrupoalerta.org\/blog\/wp-content\/uploads\/2026\/07\/Imagen29-300x268.jpg 300w\" sizes=\"(max-width: 589px) 100vw, 589px\" \/><figcaption class=\"wp-element-caption\"><sub><em>Ciudadanos y voluntarios unieron esfuerzos en los centros de acopio para brindar apoyo a quienes m\u00e1s lo necesitaban.<\/em><\/sub><\/figcaption><\/figure>\n\n\n\n<h3 class=\"wp-block-heading\" style=\"line-height:1.6\">Una red de apoyo para Guerrero<\/h3>\n\n\n\n<p class=\"wp-block-paragraph\" style=\"line-height:1.6\">Ante los efectos ocasionados por el hurac\u00e1n Otis en el estado de Guerrero, Fundaci\u00f3n Grupo Alerta puso en marcha una campa\u00f1a de apoyo para brindar asistencia a las familias afectadas. Como parte de esta iniciativa, se habilitaron siete centros de acopio con el prop\u00f3sito de recibir donaciones de la ciudadan\u00eda y canalizar art\u00edculos de primera necesidad a las comunidades que enfrentaban esta emergencia.<\/p>\n\n\n\n<p class=\"wp-block-paragraph\" style=\"line-height:1.6\">La respuesta de colaboradores, empresas y sociedad civil permiti\u00f3 reunir v\u00edveres, productos de higiene y otros insumos indispensables, demostrando que la solidaridad cobra mayor fuerza cuando las personas trabajan por un mismo objetivo.<\/p>\n\n\n\n<figure class=\"wp-block-embed is-type-video is-provider-youtube wp-block-embed-youtube wp-embed-aspect-16-9 wp-has-aspect-ratio\"><div class=\"wp-block-embed__wrapper\">\n<iframe title=\"\u00a1Es momento de ayudar! Guerrero nos necesita\" width=\"800\" height=\"450\" src=\"https:\/\/www.youtube.com\/embed\/xs4xGNFCy9c?feature=oembed\" frameborder=\"0\" allow=\"accelerometer; autoplay; clipboard-write; encrypted-media; gyroscope; picture-in-picture; web-share\" referrerpolicy=\"strict-origin-when-cross-origin\" allowfullscreen><\/iframe>\n<\/div><figcaption class=\"wp-element-caption\"><sub><em>La solidaridad comienza con la voluntad de ayudar. A trav\u00e9s de los centros de acopio, la ciudadan\u00eda tuvo la oportunidad de aportar productos esenciales para quienes m\u00e1s lo necesitaban.<\/em><\/sub><\/figcaption><\/figure>\n\n\n\n<h3 class=\"wp-block-heading\" style=\"line-height:1.6\">La fuerza de la solidaridad<\/h3>\n\n\n\n<p class=\"wp-block-paragraph\" style=\"line-height:1.6\">Cada donaci\u00f3n represent\u00f3 un gesto de esperanza para quienes enfrentaban las consecuencias del desastre natural. A trav\u00e9s de la colaboraci\u00f3n de la comunidad, fue posible sumar esfuerzos para llevar ayuda a quienes m\u00e1s lo necesitaban, reafirmando el valor de la empat\u00eda y la participaci\u00f3n ciudadana en momentos de adversidad.<\/p>\n\n\n\n<div class=\"wp-block-columns is-layout-flex wp-container-core-columns-is-layout-7387b849 wp-block-columns-is-layout-flex\">\n<div class=\"wp-block-column has-pale-cyan-blue-background-color has-background is-layout-flow wp-block-column-is-layout-flow\" style=\"flex-basis:50%\">\n<figure class=\"wp-block-image size-full has-custom-border\" style=\"margin-top:0;margin-right:0;margin-bottom:0;margin-left:0\"><img decoding=\"async\" width=\"589\" height=\"786\" src=\"https:\/\/fundaciongrupoalerta.org\/blog\/wp-content\/uploads\/2023\/11\/Imagen31.jpg\" alt=\"\" class=\"has-border-color has-pale-cyan-blue-border-color wp-image-533\" style=\"border-width:100px\" srcset=\"https:\/\/fundaciongrupoalerta.org\/blog\/wp-content\/uploads\/2023\/11\/Imagen31.jpg 589w, https:\/\/fundaciongrupoalerta.org\/blog\/wp-content\/uploads\/2023\/11\/Imagen31-225x300.jpg 225w\" sizes=\"(max-width: 589px) 100vw, 589px\" \/><\/figure>\n<\/div>\n\n\n\n<div class=\"wp-block-column has-light-green-cyan-background-color has-background is-layout-flow wp-block-column-is-layout-flow\" style=\"flex-basis:50%\">\n<figure class=\"wp-block-image size-full\"><img decoding=\"async\" width=\"589\" height=\"786\" src=\"https:\/\/fundaciongrupoalerta.org\/blog\/wp-content\/uploads\/2023\/11\/Imagen30.jpg\" alt=\"\" class=\"wp-image-534\" srcset=\"https:\/\/fundaciongrupoalerta.org\/blog\/wp-content\/uploads\/2023\/11\/Imagen30.jpg 589w, https:\/\/fundaciongrupoalerta.org\/blog\/wp-content\/uploads\/2023\/11\/Imagen30-225x300.jpg 225w\" sizes=\"(max-width: 589px) 100vw, 589px\" \/><\/figure>\n<\/div>\n<\/div>\n\n\n\n<p class=\"wp-block-paragraph\" style=\"line-height:1.6\">M\u00e1s all\u00e1 de reunir art\u00edculos de primera necesidad, esta iniciativa represent\u00f3 una muestra del compromiso y la empat\u00eda de quienes decidieron sumarse para apoyar a las familias afectadas. La participaci\u00f3n de la comunidad permiti\u00f3 fortalecer una red de ayuda que reflej\u00f3 que, en momentos de adversidad, cada acci\u00f3n cuenta y puede generar un impacto positivo en quienes m\u00e1s lo necesitan.<\/p>\n\n\n\n<p class=\"wp-block-paragraph\" style=\"line-height:1.6\">A trav\u00e9s de esta campa\u00f1a, Fundaci\u00f3n Grupo Alerta reafirm\u00f3 la importancia de trabajar de manera colaborativa para brindar respaldo a las comunidades que enfrentan situaciones dif\u00edciles.<\/p>\n\n\n\n<figure class=\"wp-block-embed is-type-video is-provider-youtube wp-block-embed-youtube wp-embed-aspect-16-9 wp-has-aspect-ratio\"><div class=\"wp-block-embed__wrapper\">\n<iframe title=\"Fundaci\u00f3n Grupo Alerta se une para apoyar a los afectados por el Hurac\u00e1n Otis en Guerrero.\" width=\"800\" height=\"450\" src=\"https:\/\/www.youtube.com\/embed\/jBTe7A8FaVY?feature=oembed\" frameborder=\"0\" allow=\"accelerometer; autoplay; clipboard-write; encrypted-media; gyroscope; picture-in-picture; web-share\" referrerpolicy=\"strict-origin-when-cross-origin\" allowfullscreen><\/iframe>\n<\/div><figcaption class=\"wp-element-caption\"><sub><em>Conoce parte del esfuerzo realizado durante esta jornada de apoyo y la manera en que la solidaridad de la ciudadan\u00eda se convirti\u00f3 en ayuda para Guerrero.<\/em><\/sub><\/figcaption><\/figure>\n\n\n\n<figure class=\"wp-block-image aligncenter size-full\"><img loading=\"lazy\" decoding=\"async\" width=\"488\" height=\"867\" src=\"https:\/\/fundaciongrupoalerta.org\/blog\/wp-content\/uploads\/2023\/11\/Imagen28.jpg\" alt=\"\" class=\"wp-image-540\" srcset=\"https:\/\/fundaciongrupoalerta.org\/blog\/wp-content\/uploads\/2023\/11\/Imagen28.jpg 488w, https:\/\/fundaciongrupoalerta.org\/blog\/wp-content\/uploads\/2023\/11\/Imagen28-169x300.jpg 169w\" sizes=\"(max-width: 488px) 100vw, 488px\" \/><figcaption class=\"wp-element-caption\"><sub><em>Cada aportaci\u00f3n, sin importar su tama\u00f1o, represent\u00f3 una muestra de solidaridad y compromiso con las familias de Guerrero que necesitaban apoyo tras el paso del hurac\u00e1n Otis.<\/em><\/sub><\/figcaption><\/figure>\n\n\n\n<p class=\"wp-block-paragraph\"><\/p>\n\t\t\t\t\t\t\t\t<\/div>\n\t\t\t\t\t<\/div>\n\t\t\t\t<\/div>\n\t\t<div class=\"elementor-element elementor-element-c671787 e-con-full e-flex e-con e-parent\" data-id=\"c671787\" data-element_type=\"container\" data-e-type=\"container\">\n\t\t\t\t<div class=\"elementor-element elementor-element-39f600e elementor-widget elementor-widget-facebook-embed\" data-id=\"39f600e\" data-element_type=\"widget\" data-e-type=\"widget\" data-widget_type=\"facebook-embed.default\">\n\t\t\t\t\t<div style=\"min-height: 1px\" class=\"elementor-facebook-widget fb-post\" data-href=\"https:\/\/www.facebook.com\/photo\/?fbid=639336601695675&#038;set=a.398718879090783\" data-show-text=\"false\"><\/div>\t\t\t\t<\/div>\n\t\t\t\t<\/div>\n\t\t\t\t<\/div>\n\t\t","protected":false},"excerpt":{"rendered":"<p>Habilitamos siete centros de acopio para reunir ayuda destinada a las familias afectadas por el hurac\u00e1n Otis, invitando a la ciudadan\u00eda a sumarse a esta causa solidaria. Una red de apoyo para Guerrero Ante los efectos ocasionados por el hurac\u00e1n Otis en el estado de Guerrero, Fundaci\u00f3n Grupo Alerta puso en marcha una campa\u00f1a de [&hellip;]<\/p>\n","protected":false},"author":4,"featured_media":524,"comment_status":"open","ping_status":"open","sticky":false,"template":"","format":"standard","meta":{"footnotes":""},"categories":[17,15],"tags":[],"class_list":["post-523","post","type-post","status-publish","format-standard","has-post-thumbnail","hentry","category-comunidad","category-voluntariado"],"_links":{"self":[{"href":"https:\/\/fundaciongrupoalerta.org\/blog\/wp-json\/wp\/v2\/posts\/523","targetHints":{"allow":["GET"]}}],"collection":[{"href":"https:\/\/fundaciongrupoalerta.org\/blog\/wp-json\/wp\/v2\/posts"}],"about":[{"href":"https:\/\/fundaciongrupoalerta.org\/blog\/wp-json\/wp\/v2\/types\/post"}],"author":[{"embeddable":true,"href":"https:\/\/fundaciongrupoalerta.org\/blog\/wp-json\/wp\/v2\/users\/4"}],"replies":[{"embeddable":true,"href":"https:\/\/fundaciongrupoalerta.org\/blog\/wp-json\/wp\/v2\/comments?post=523"}],"version-history":[{"count":7,"href":"https:\/\/fundaciongrupoalerta.org\/blog\/wp-json\/wp\/v2\/posts\/523\/revisions"}],"predecessor-version":[{"id":1344,"href":"https:\/\/fundaciongrupoalerta.org\/blog\/wp-json\/wp\/v2\/posts\/523\/revisions\/1344"}],"wp:featuredmedia":[{"embeddable":true,"href":"https:\/\/fundaciongrupoalerta.org\/blog\/wp-json\/wp\/v2\/media\/524"}],"wp:attachment":[{"href":"https:\/\/fundaciongrupoalerta.org\/blog\/wp-json\/wp\/v2\/media?parent=523"}],"wp:term":[{"taxonomy":"category","embeddable":true,"href":"https:\/\/fundaciongrupoalerta.org\/blog\/wp-json\/wp\/v2\/categories?post=523"},{"taxonomy":"post_tag","embeddable":true,"href":"https:\/\/fundaciongrupoalerta.org\/blog\/wp-json\/wp\/v2\/tags?post=523"}],"curies":[{"name":"wp","href":"https:\/\/api.w.org\/{rel}","templated":true}]}}