{"id":555,"date":"2024-08-17T22:55:00","date_gmt":"2024-08-17T22:55:00","guid":{"rendered":"https:\/\/fundaciongrupoalerta.org\/blog\/?p=555"},"modified":"2026-07-17T23:13:33","modified_gmt":"2026-07-17T23:13:33","slug":"alianza-con-proeduca-sinaloa","status":"publish","type":"post","link":"https:\/\/fundaciongrupoalerta.org\/blog\/alianza-con-proeduca-sinaloa\/","title":{"rendered":"ALIANZA CON PROEDUCA SINALOA"},"content":{"rendered":"\n<figure class=\"wp-block-embed is-type-video is-provider-youtube wp-block-embed-youtube wp-embed-aspect-16-9 wp-has-aspect-ratio\"><div class=\"wp-block-embed__wrapper\">\n<iframe title=\"Primaria Ricardo Flores Mag\u00f3n gana concurso de Proeduca en Mazatl\u00e1n\" width=\"800\" height=\"450\" src=\"https:\/\/www.youtube.com\/embed\/4TEkk-c37BE?feature=oembed\" frameborder=\"0\" allow=\"accelerometer; autoplay; clipboard-write; encrypted-media; gyroscope; picture-in-picture; web-share\" referrerpolicy=\"strict-origin-when-cross-origin\" allowfullscreen><\/iframe>\n<\/div><\/figure>\n\n\n\n<p class=\"wp-block-paragraph\" style=\"line-height:1.6\">Convencidos de que la educaci\u00f3n es la base fundamental para el desarrollo sostenible, <strong>Fundaci\u00f3n Grupo Alerta<\/strong> ha formalizado una alianza estrat\u00e9gica con <strong>PROEDUCA Sinaloa<\/strong>. A trav\u00e9s de un donativo significativo, nos unimos a los programas liderados por esta organizaci\u00f3n con el objetivo de impulsar la mejora integral de 10 planteles educativos en nuestro municipio.<br><br><\/p>\n\n\n\n<figure class=\"wp-block-image aligncenter size-full is-resized\"><img fetchpriority=\"high\" decoding=\"async\" width=\"750\" height=\"750\" src=\"https:\/\/fundaciongrupoalerta.org\/blog\/wp-content\/uploads\/2026\/07\/271727515_4616540995107876_8338514990982902295_n.jpg\" alt=\"\" class=\"wp-image-559\" style=\"width:583px;height:auto\" srcset=\"https:\/\/fundaciongrupoalerta.org\/blog\/wp-content\/uploads\/2026\/07\/271727515_4616540995107876_8338514990982902295_n.jpg 750w, https:\/\/fundaciongrupoalerta.org\/blog\/wp-content\/uploads\/2026\/07\/271727515_4616540995107876_8338514990982902295_n-300x300.jpg 300w, https:\/\/fundaciongrupoalerta.org\/blog\/wp-content\/uploads\/2026\/07\/271727515_4616540995107876_8338514990982902295_n-150x150.jpg 150w\" sizes=\"(max-width: 750px) 100vw, 750px\" \/><\/figure>\n\n\n\n<p class=\"wp-block-paragraph\" style=\"line-height:1.6\">Para nosotros, colaborar con expertos en el \u00e1mbito educativo como <strong>PROEDUCA Sinaloa<\/strong> nos permite canalizar esfuerzos de manera efectiva, asegurando que el apoyo llegue a quienes realmente transformar\u00e1n nuestra sociedad. Estamos listos para comenzar este camino de trabajo conjunto y ser testigos del impacto positivo que esta intervenci\u00f3n dejar\u00e1 en cientos de ni\u00f1as, ni\u00f1os y j\u00f3venes sinaloenses.<\/p>\n\n\n\n<p class=\"wp-block-paragraph\"><\/p>\n","protected":false},"excerpt":{"rendered":"<p>Fundaci\u00f3n Grupo Alerta y PROEDUCA Sinaloa: Una alianza por la transformaci\u00f3n educativa en Mazatl\u00e1n.<\/p>\n","protected":false},"author":4,"featured_media":559,"comment_status":"open","ping_status":"open","sticky":false,"template":"","format":"standard","meta":{"footnotes":""},"categories":[16],"tags":[],"class_list":["post-555","post","type-post","status-publish","format-standard","has-post-thumbnail","hentry","category-donatarias"],"_links":{"self":[{"href":"https:\/\/fundaciongrupoalerta.org\/blog\/wp-json\/wp\/v2\/posts\/555","targetHints":{"allow":["GET"]}}],"collection":[{"href":"https:\/\/fundaciongrupoalerta.org\/blog\/wp-json\/wp\/v2\/posts"}],"about":[{"href":"https:\/\/fundaciongrupoalerta.org\/blog\/wp-json\/wp\/v2\/types\/post"}],"author":[{"embeddable":true,"href":"https:\/\/fundaciongrupoalerta.org\/blog\/wp-json\/wp\/v2\/users\/4"}],"replies":[{"embeddable":true,"href":"https:\/\/fundaciongrupoalerta.org\/blog\/wp-json\/wp\/v2\/comments?post=555"}],"version-history":[{"count":1,"href":"https:\/\/fundaciongrupoalerta.org\/blog\/wp-json\/wp\/v2\/posts\/555\/revisions"}],"predecessor-version":[{"id":561,"href":"https:\/\/fundaciongrupoalerta.org\/blog\/wp-json\/wp\/v2\/posts\/555\/revisions\/561"}],"wp:featuredmedia":[{"embeddable":true,"href":"https:\/\/fundaciongrupoalerta.org\/blog\/wp-json\/wp\/v2\/media\/559"}],"wp:attachment":[{"href":"https:\/\/fundaciongrupoalerta.org\/blog\/wp-json\/wp\/v2\/media?parent=555"}],"wp:term":[{"taxonomy":"category","embeddable":true,"href":"https:\/\/fundaciongrupoalerta.org\/blog\/wp-json\/wp\/v2\/categories?post=555"},{"taxonomy":"post_tag","embeddable":true,"href":"https:\/\/fundaciongrupoalerta.org\/blog\/wp-json\/wp\/v2\/tags?post=555"}],"curies":[{"name":"wp","href":"https:\/\/api.w.org\/{rel}","templated":true}]}}