{"id":577,"date":"2024-08-26T23:40:00","date_gmt":"2024-08-26T23:40:00","guid":{"rendered":"https:\/\/fundaciongrupoalerta.org\/blog\/?p=577"},"modified":"2026-07-31T22:53:30","modified_gmt":"2026-07-31T22:53:30","slug":"rehabilitacion-escuela-primaria-francisco-madero-herrera","status":"publish","type":"post","link":"https:\/\/fundaciongrupoalerta.org\/blog\/rehabilitacion-escuela-primaria-francisco-madero-herrera\/","title":{"rendered":"REHABILITACI\u00d3N ESCUELA PRIMARIA &#8220;FRANCISCO MADERO HERRERA&#8221;"},"content":{"rendered":"\n<figure class=\"wp-block-embed is-type-video is-provider-youtube wp-block-embed-youtube wp-embed-aspect-16-9 wp-has-aspect-ratio\"><div class=\"wp-block-embed__wrapper\">\n<iframe title=\"Grupo Alerta y Fundaci\u00f3n Grupo Alerta rehabilitan Escuela Primaria \u201cFrancisco Madero Herrera&quot;\" width=\"800\" height=\"450\" src=\"https:\/\/www.youtube.com\/embed\/FNHSWO6Yrlk?feature=oembed\" frameborder=\"0\" allow=\"accelerometer; autoplay; clipboard-write; encrypted-media; gyroscope; picture-in-picture; web-share\" referrerpolicy=\"strict-origin-when-cross-origin\" allowfullscreen><\/iframe>\n<\/div><\/figure>\n\n\n\n<p class=\"wp-block-paragraph\" style=\"line-height:1.6\">En un ambiente lleno de entusiasmo y compromiso, <strong>Grupo Alerta<\/strong> y la <strong>Fundaci\u00f3n Grupo Alerta<\/strong> llevaron a cabo la entrega formal de la rehabilitaci\u00f3n integral de la Escuela Primaria &#8220;Francisco Madero Herrera&#8221;, ubicada en el Fraccionamiento Santa Fe.<\/p>\n\n\n\n<figure class=\"wp-block-image size-large\"><img fetchpriority=\"high\" decoding=\"async\" width=\"1024\" height=\"576\" src=\"https:\/\/fundaciongrupoalerta.org\/blog\/wp-content\/uploads\/2026\/07\/9a83c59c-be68-48d3-8ac4-c5b08a6daedf-1024x576.jpg\" alt=\"\" class=\"wp-image-580\" srcset=\"https:\/\/fundaciongrupoalerta.org\/blog\/wp-content\/uploads\/2026\/07\/9a83c59c-be68-48d3-8ac4-c5b08a6daedf-1024x576.jpg 1024w, https:\/\/fundaciongrupoalerta.org\/blog\/wp-content\/uploads\/2026\/07\/9a83c59c-be68-48d3-8ac4-c5b08a6daedf-300x169.jpg 300w, https:\/\/fundaciongrupoalerta.org\/blog\/wp-content\/uploads\/2026\/07\/9a83c59c-be68-48d3-8ac4-c5b08a6daedf-768x432.jpg 768w, https:\/\/fundaciongrupoalerta.org\/blog\/wp-content\/uploads\/2026\/07\/9a83c59c-be68-48d3-8ac4-c5b08a6daedf.jpg 1280w\" sizes=\"(max-width: 1024px) 100vw, 1024px\" \/><\/figure>\n\n\n\n<p class=\"wp-block-paragraph\" style=\"line-height:1.6\">Este importante evento, celebrado durante el tradicional lunes c\u00edvico, fue un momento de encuentro que reuni\u00f3 a autoridades educativas, padres de familia, alumnos, voluntarios y directivos del grupo empresarial, todos unidos por el objetivo com\u00fan de brindar mejores condiciones a nuestra ni\u00f1ez.<\/p>\n\n\n\n<figure class=\"wp-block-image size-large\"><img decoding=\"async\" width=\"1024\" height=\"768\" src=\"https:\/\/fundaciongrupoalerta.org\/blog\/wp-content\/uploads\/2026\/07\/IMG_9113-2-1-1024x768.jpg\" alt=\"\" class=\"wp-image-584\" srcset=\"https:\/\/fundaciongrupoalerta.org\/blog\/wp-content\/uploads\/2026\/07\/IMG_9113-2-1-1024x768.jpg 1024w, https:\/\/fundaciongrupoalerta.org\/blog\/wp-content\/uploads\/2026\/07\/IMG_9113-2-1-300x225.jpg 300w, https:\/\/fundaciongrupoalerta.org\/blog\/wp-content\/uploads\/2026\/07\/IMG_9113-2-1-768x576.jpg 768w, https:\/\/fundaciongrupoalerta.org\/blog\/wp-content\/uploads\/2026\/07\/IMG_9113-2-1-1536x1152.jpg 1536w, https:\/\/fundaciongrupoalerta.org\/blog\/wp-content\/uploads\/2026\/07\/IMG_9113-2-1-2048x1536.jpg 2048w\" sizes=\"(max-width: 1024px) 100vw, 1024px\" \/><\/figure>\n\n\n\n<p class=\"wp-block-paragraph\" style=\"line-height:1.6\">Las obras de mejora fueron exhaustivas, asegurando que el plantel cuente con instalaciones \u00f3ptimas para el desarrollo acad\u00e9mico y personal de los estudiantes. Los trabajos realizados incluyeron:<\/p>\n\n\n\n<ul class=\"wp-block-list\">\n<li style=\"line-height:1.6\"><strong>Infraestructura:<\/strong> Renovaci\u00f3n de pisos e impermeabilizaci\u00f3n de techos.<\/li>\n\n\n\n<li style=\"line-height:1.6\"><strong>Instalaciones sanitarias:<\/strong> Renovaci\u00f3n completa de los ba\u00f1os.<\/li>\n\n\n\n<li style=\"line-height:1.6\"><strong>Climatizaci\u00f3n:<\/strong> Mantenimiento preventivo y correctivo a los sistemas de aire acondicionado.<\/li>\n\n\n\n<li style=\"line-height:1.6\"><strong>Imagen y confort:<\/strong> Pintura general en todo el plantel e instalaci\u00f3n de cortinas nuevas.<\/li>\n<\/ul>\n\n\n\n<p class=\"wp-block-paragraph\"><\/p>\n\n\n\n<figure class=\"wp-block-image size-large\"><img decoding=\"async\" width=\"1024\" height=\"768\" src=\"https:\/\/fundaciongrupoalerta.org\/blog\/wp-content\/uploads\/2026\/07\/IMG_9106-1-2-1024x768.jpg\" alt=\"\" class=\"wp-image-585\" srcset=\"https:\/\/fundaciongrupoalerta.org\/blog\/wp-content\/uploads\/2026\/07\/IMG_9106-1-2-1024x768.jpg 1024w, https:\/\/fundaciongrupoalerta.org\/blog\/wp-content\/uploads\/2026\/07\/IMG_9106-1-2-300x225.jpg 300w, https:\/\/fundaciongrupoalerta.org\/blog\/wp-content\/uploads\/2026\/07\/IMG_9106-1-2-768x576.jpg 768w, https:\/\/fundaciongrupoalerta.org\/blog\/wp-content\/uploads\/2026\/07\/IMG_9106-1-2-1536x1152.jpg 1536w, https:\/\/fundaciongrupoalerta.org\/blog\/wp-content\/uploads\/2026\/07\/IMG_9106-1-2-2048x1536.jpg 2048w\" sizes=\"(max-width: 1024px) 100vw, 1024px\" \/><\/figure>\n\n\n\n<p class=\"wp-block-paragraph\" style=\"line-height:1.6\">Para Fundaci\u00f3n Grupo Alerta, estas acciones trascienden la infraestructura; representan nuestra convicci\u00f3n de que los estudiantes merecen espacios dignos, seguros y funcionales para alcanzar su m\u00e1ximo potencial. Reafirmamos nuestro compromiso con la educaci\u00f3n en Mazatl\u00e1n y agradecemos a toda la comunidad escolar por permitirnos ser parte de esta transformaci\u00f3n.<\/p>\n\n\n\n<p class=\"wp-block-paragraph\"><\/p>\n","protected":false},"excerpt":{"rendered":"<p>Un entorno digno para aprender: Concluimos la remodelaci\u00f3n de la Primaria Francisco Madero Herrera.<\/p>\n","protected":false},"author":4,"featured_media":585,"comment_status":"open","ping_status":"open","sticky":false,"template":"","format":"standard","meta":{"footnotes":""},"categories":[17,15],"tags":[],"class_list":["post-577","post","type-post","status-publish","format-standard","has-post-thumbnail","hentry","category-comunidad","category-voluntariado"],"_links":{"self":[{"href":"https:\/\/fundaciongrupoalerta.org\/blog\/wp-json\/wp\/v2\/posts\/577","targetHints":{"allow":["GET"]}}],"collection":[{"href":"https:\/\/fundaciongrupoalerta.org\/blog\/wp-json\/wp\/v2\/posts"}],"about":[{"href":"https:\/\/fundaciongrupoalerta.org\/blog\/wp-json\/wp\/v2\/types\/post"}],"author":[{"embeddable":true,"href":"https:\/\/fundaciongrupoalerta.org\/blog\/wp-json\/wp\/v2\/users\/4"}],"replies":[{"embeddable":true,"href":"https:\/\/fundaciongrupoalerta.org\/blog\/wp-json\/wp\/v2\/comments?post=577"}],"version-history":[{"count":2,"href":"https:\/\/fundaciongrupoalerta.org\/blog\/wp-json\/wp\/v2\/posts\/577\/revisions"}],"predecessor-version":[{"id":587,"href":"https:\/\/fundaciongrupoalerta.org\/blog\/wp-json\/wp\/v2\/posts\/577\/revisions\/587"}],"wp:featuredmedia":[{"embeddable":true,"href":"https:\/\/fundaciongrupoalerta.org\/blog\/wp-json\/wp\/v2\/media\/585"}],"wp:attachment":[{"href":"https:\/\/fundaciongrupoalerta.org\/blog\/wp-json\/wp\/v2\/media?parent=577"}],"wp:term":[{"taxonomy":"category","embeddable":true,"href":"https:\/\/fundaciongrupoalerta.org\/blog\/wp-json\/wp\/v2\/categories?post=577"},{"taxonomy":"post_tag","embeddable":true,"href":"https:\/\/fundaciongrupoalerta.org\/blog\/wp-json\/wp\/v2\/tags?post=577"}],"curies":[{"name":"wp","href":"https:\/\/api.w.org\/{rel}","templated":true}]}}