{"id":591,"date":"2024-09-23T15:57:00","date_gmt":"2024-09-23T15:57:00","guid":{"rendered":"https:\/\/fundaciongrupoalerta.org\/blog\/?p=591"},"modified":"2026-07-31T23:02:08","modified_gmt":"2026-07-31T23:02:08","slug":"alianza-con-vicasa-desarrollos-2","status":"publish","type":"post","link":"https:\/\/fundaciongrupoalerta.org\/blog\/alianza-con-vicasa-desarrollos-2\/","title":{"rendered":"ALIANZA CON VICASA DESARROLLOS"},"content":{"rendered":"\n<figure class=\"wp-block-embed is-type-video is-provider-youtube wp-block-embed-youtube wp-embed-aspect-16-9 wp-has-aspect-ratio\"><div class=\"wp-block-embed__wrapper\">\n<iframe title=\"Vicasa Desarrollos, Grupo Alerta y Fundaci\u00f3n Grupo Alerta rehabilitan ba\u00f1os en el CIA\" width=\"800\" height=\"450\" src=\"https:\/\/www.youtube.com\/embed\/OKT9DoRLo5M?feature=oembed\" frameborder=\"0\" allow=\"accelerometer; autoplay; clipboard-write; encrypted-media; gyroscope; picture-in-picture; web-share\" referrerpolicy=\"strict-origin-when-cross-origin\" allowfullscreen><\/iframe>\n<\/div><\/figure>\n\n\n\n<p class=\"wp-block-paragraph\" style=\"line-height:1.6\">Con el firme compromiso de mejorar las condiciones y la calidad de los espacios que benefician a nuestra comunidad, <strong>Vicasa Desarrollos<\/strong> y <strong>Fundaci\u00f3n Grupo Alerta<\/strong> unieron esfuerzos para concretar la rehabilitaci\u00f3n integral de los ba\u00f1os en las instalaciones de la Escuela Primaria 13 de septiembre turno matutino y el Centro de Iniciaci\u00f3n Art\u00edstica (<strong>CIA)<\/strong> en turno vespertino. <\/p>\n\n\n\n<figure class=\"wp-block-image size-full\"><img fetchpriority=\"high\" decoding=\"async\" width=\"1024\" height=\"576\" src=\"https:\/\/fundaciongrupoalerta.org\/blog\/wp-content\/uploads\/2026\/07\/image.png\" alt=\"\" class=\"wp-image-592\" srcset=\"https:\/\/fundaciongrupoalerta.org\/blog\/wp-content\/uploads\/2026\/07\/image.png 1024w, https:\/\/fundaciongrupoalerta.org\/blog\/wp-content\/uploads\/2026\/07\/image-300x169.png 300w, https:\/\/fundaciongrupoalerta.org\/blog\/wp-content\/uploads\/2026\/07\/image-768x432.png 768w\" sizes=\"(max-width: 1024px) 100vw, 1024px\" \/><\/figure>\n\n\n\n<p class=\"wp-block-paragraph\" style=\"line-height:1.6\">Esta iniciativa forma parte de las acciones constantes de responsabilidad social impulsadas por las empresas y la fundaci\u00f3n, enfocadas en dotar de infraestructura digna, segura y funcional a los espacios que atienden a la ciudadan\u00eda. Las obras incluyeron la renovaci\u00f3n total de los sanitarios, optimizando las instalaciones hidr\u00e1ulicas, sanitarias y de acabados para garantizar una estancia m\u00e1s c\u00f3moda y adecuada para todos los usuarios.<\/p>\n\n\n\n<figure class=\"wp-block-image size-large\"><img decoding=\"async\" width=\"1024\" height=\"768\" src=\"https:\/\/fundaciongrupoalerta.org\/blog\/wp-content\/uploads\/2026\/07\/image-1-1024x768.png\" alt=\"\" class=\"wp-image-593\" srcset=\"https:\/\/fundaciongrupoalerta.org\/blog\/wp-content\/uploads\/2026\/07\/image-1-1024x768.png 1024w, https:\/\/fundaciongrupoalerta.org\/blog\/wp-content\/uploads\/2026\/07\/image-1-300x225.png 300w, https:\/\/fundaciongrupoalerta.org\/blog\/wp-content\/uploads\/2026\/07\/image-1-768x576.png 768w, https:\/\/fundaciongrupoalerta.org\/blog\/wp-content\/uploads\/2026\/07\/image-1-1536x1152.png 1536w, https:\/\/fundaciongrupoalerta.org\/blog\/wp-content\/uploads\/2026\/07\/image-1-2048x1536.png 2048w\" sizes=\"(max-width: 1024px) 100vw, 1024px\" \/><\/figure>\n\n\n\n<p class=\"wp-block-paragraph\" style=\"line-height:1.6\">Con acciones como esta, Vicasa Desarrollos y Fundaci\u00f3n Grupo Alerta reiteran su cercan\u00eda con la comunidad y su visi\u00f3n de seguir sumando voluntades para generar un impacto positivo y duradero en la regi\u00f3n.<\/p>\n\n\n\n<p class=\"wp-block-paragraph\"><\/p>\n","protected":false},"excerpt":{"rendered":"<p>VICASA Desarrollos y Fundaci\u00f3n Grupo Alerta renuevan los sanitarios del CIA<\/p>\n","protected":false},"author":4,"featured_media":592,"comment_status":"open","ping_status":"open","sticky":false,"template":"","format":"standard","meta":{"footnotes":""},"categories":[17,15],"tags":[],"class_list":["post-591","post","type-post","status-publish","format-standard","has-post-thumbnail","hentry","category-comunidad","category-voluntariado"],"_links":{"self":[{"href":"https:\/\/fundaciongrupoalerta.org\/blog\/wp-json\/wp\/v2\/posts\/591","targetHints":{"allow":["GET"]}}],"collection":[{"href":"https:\/\/fundaciongrupoalerta.org\/blog\/wp-json\/wp\/v2\/posts"}],"about":[{"href":"https:\/\/fundaciongrupoalerta.org\/blog\/wp-json\/wp\/v2\/types\/post"}],"author":[{"embeddable":true,"href":"https:\/\/fundaciongrupoalerta.org\/blog\/wp-json\/wp\/v2\/users\/4"}],"replies":[{"embeddable":true,"href":"https:\/\/fundaciongrupoalerta.org\/blog\/wp-json\/wp\/v2\/comments?post=591"}],"version-history":[{"count":1,"href":"https:\/\/fundaciongrupoalerta.org\/blog\/wp-json\/wp\/v2\/posts\/591\/revisions"}],"predecessor-version":[{"id":594,"href":"https:\/\/fundaciongrupoalerta.org\/blog\/wp-json\/wp\/v2\/posts\/591\/revisions\/594"}],"wp:featuredmedia":[{"embeddable":true,"href":"https:\/\/fundaciongrupoalerta.org\/blog\/wp-json\/wp\/v2\/media\/592"}],"wp:attachment":[{"href":"https:\/\/fundaciongrupoalerta.org\/blog\/wp-json\/wp\/v2\/media?parent=591"}],"wp:term":[{"taxonomy":"category","embeddable":true,"href":"https:\/\/fundaciongrupoalerta.org\/blog\/wp-json\/wp\/v2\/categories?post=591"},{"taxonomy":"post_tag","embeddable":true,"href":"https:\/\/fundaciongrupoalerta.org\/blog\/wp-json\/wp\/v2\/tags?post=591"}],"curies":[{"name":"wp","href":"https:\/\/api.w.org\/{rel}","templated":true}]}}