{"id":619,"date":"2024-10-18T17:25:00","date_gmt":"2024-10-18T17:25:00","guid":{"rendered":"https:\/\/fundaciongrupoalerta.org\/blog\/?p=619"},"modified":"2026-07-31T23:02:40","modified_gmt":"2026-07-31T23:02:40","slug":"apoyo-al-asilo-de-ancianos-la-inmaculada","status":"publish","type":"post","link":"https:\/\/fundaciongrupoalerta.org\/blog\/apoyo-al-asilo-de-ancianos-la-inmaculada\/","title":{"rendered":"APOYO AL ASILO DE ANCIANOS &#8220;LA INMACULADA&#8221;"},"content":{"rendered":"\n<figure class=\"wp-block-embed is-type-video is-provider-youtube wp-block-embed-youtube wp-embed-aspect-16-9 wp-has-aspect-ratio\"><div class=\"wp-block-embed__wrapper\">\n<iframe title=\"\ud83d\udc99 \u00a1Juntos transformamos vidas! | Asilo de Ancianos &quot;La Inmaculada&quot;\" width=\"800\" height=\"450\" src=\"https:\/\/www.youtube.com\/embed\/jtmo23gisO4?feature=oembed\" frameborder=\"0\" allow=\"accelerometer; autoplay; clipboard-write; encrypted-media; gyroscope; picture-in-picture; web-share\" referrerpolicy=\"strict-origin-when-cross-origin\" allowfullscreen><\/iframe>\n<\/div><\/figure>\n\n\n\n<p class=\"wp-block-paragraph\" style=\"line-height:1.6\">En <strong>Fundaci\u00f3n Grupo Alerta<\/strong> estamos convencidos de que las peque\u00f1as acciones tienen el poder de generar grandes diferencias. Con este firme prop\u00f3sito, realizamos con gran entusiasmo la donaci\u00f3n de m\u00e1s de <strong>8,000 art\u00edculos<\/strong> en beneficio del asilo de ancianos <strong>&#8220;La Inmaculada&#8221;<\/strong> en Mazatl\u00e1n, Sinaloa, reafirmando nuestro compromiso permanente de apoyar a quienes m\u00e1s lo necesitan. <\/p>\n\n\n\n<figure class=\"wp-block-image aligncenter size-large\"><img fetchpriority=\"high\" decoding=\"async\" width=\"1024\" height=\"767\" src=\"https:\/\/fundaciongrupoalerta.org\/blog\/wp-content\/uploads\/2026\/07\/4e4716ca-2c6c-4b5a-a320-e916297ec0bb-1024x767.jpg\" alt=\"\" class=\"wp-image-620\" srcset=\"https:\/\/fundaciongrupoalerta.org\/blog\/wp-content\/uploads\/2026\/07\/4e4716ca-2c6c-4b5a-a320-e916297ec0bb-1024x767.jpg 1024w, https:\/\/fundaciongrupoalerta.org\/blog\/wp-content\/uploads\/2026\/07\/4e4716ca-2c6c-4b5a-a320-e916297ec0bb-300x225.jpg 300w, https:\/\/fundaciongrupoalerta.org\/blog\/wp-content\/uploads\/2026\/07\/4e4716ca-2c6c-4b5a-a320-e916297ec0bb-768x575.jpg 768w, https:\/\/fundaciongrupoalerta.org\/blog\/wp-content\/uploads\/2026\/07\/4e4716ca-2c6c-4b5a-a320-e916297ec0bb.jpg 1280w\" sizes=\"(max-width: 1024px) 100vw, 1024px\" \/><\/figure>\n\n\n\n<p class=\"wp-block-paragraph\" style=\"line-height:1.6\">Durante la entrega, se vivi\u00f3 un momento muy especial que refleja el valor de la empat\u00eda y el cuidado hacia quienes han dado tanto por nuestra sociedad. Acciones como esta nos recuerdan que el verdadero desarrollo de una comunidad se mide por la forma en que cuidamos de su gente.<\/p>\n\n\n\n<figure class=\"wp-block-image size-large\"><img decoding=\"async\" width=\"1024\" height=\"657\" src=\"https:\/\/fundaciongrupoalerta.org\/blog\/wp-content\/uploads\/2026\/07\/346831912_638149704426855_1099942863852285458_n-1-1-1024x657.jpg\" alt=\"\" class=\"wp-image-621\" srcset=\"https:\/\/fundaciongrupoalerta.org\/blog\/wp-content\/uploads\/2026\/07\/346831912_638149704426855_1099942863852285458_n-1-1-1024x657.jpg 1024w, https:\/\/fundaciongrupoalerta.org\/blog\/wp-content\/uploads\/2026\/07\/346831912_638149704426855_1099942863852285458_n-1-1-300x192.jpg 300w, https:\/\/fundaciongrupoalerta.org\/blog\/wp-content\/uploads\/2026\/07\/346831912_638149704426855_1099942863852285458_n-1-1-768x493.jpg 768w, https:\/\/fundaciongrupoalerta.org\/blog\/wp-content\/uploads\/2026\/07\/346831912_638149704426855_1099942863852285458_n-1-1-1536x986.jpg 1536w, https:\/\/fundaciongrupoalerta.org\/blog\/wp-content\/uploads\/2026\/07\/346831912_638149704426855_1099942863852285458_n-1-1.jpg 2048w\" sizes=\"(max-width: 1024px) 100vw, 1024px\" \/><\/figure>\n\n\n\n<p class=\"wp-block-paragraph\" style=\"line-height:1.6\">Con iniciativas de este tipo, Fundaci\u00f3n Grupo Alerta contin\u00faa fortaleciendo su cercan\u00eda con los sectores m\u00e1s vulnerables, demostrando que trabajando juntos podemos llevar esperanza y bienestar a cada rinc\u00f3n de la regi\u00f3n.<\/p>\n\n\n\n<p class=\"wp-block-paragraph\"><\/p>\n","protected":false},"excerpt":{"rendered":"<p>Fundaci\u00f3n Grupo Alerta y Colaboradores de Grupo Alerta donan m\u00e1s de 8,000 art\u00edculos al Asilo La Inmaculada<\/p>\n","protected":false},"author":4,"featured_media":620,"comment_status":"open","ping_status":"open","sticky":false,"template":"","format":"standard","meta":{"footnotes":""},"categories":[17,16,15],"tags":[],"class_list":["post-619","post","type-post","status-publish","format-standard","has-post-thumbnail","hentry","category-comunidad","category-donatarias","category-voluntariado"],"_links":{"self":[{"href":"https:\/\/fundaciongrupoalerta.org\/blog\/wp-json\/wp\/v2\/posts\/619","targetHints":{"allow":["GET"]}}],"collection":[{"href":"https:\/\/fundaciongrupoalerta.org\/blog\/wp-json\/wp\/v2\/posts"}],"about":[{"href":"https:\/\/fundaciongrupoalerta.org\/blog\/wp-json\/wp\/v2\/types\/post"}],"author":[{"embeddable":true,"href":"https:\/\/fundaciongrupoalerta.org\/blog\/wp-json\/wp\/v2\/users\/4"}],"replies":[{"embeddable":true,"href":"https:\/\/fundaciongrupoalerta.org\/blog\/wp-json\/wp\/v2\/comments?post=619"}],"version-history":[{"count":2,"href":"https:\/\/fundaciongrupoalerta.org\/blog\/wp-json\/wp\/v2\/posts\/619\/revisions"}],"predecessor-version":[{"id":623,"href":"https:\/\/fundaciongrupoalerta.org\/blog\/wp-json\/wp\/v2\/posts\/619\/revisions\/623"}],"wp:featuredmedia":[{"embeddable":true,"href":"https:\/\/fundaciongrupoalerta.org\/blog\/wp-json\/wp\/v2\/media\/620"}],"wp:attachment":[{"href":"https:\/\/fundaciongrupoalerta.org\/blog\/wp-json\/wp\/v2\/media?parent=619"}],"wp:term":[{"taxonomy":"category","embeddable":true,"href":"https:\/\/fundaciongrupoalerta.org\/blog\/wp-json\/wp\/v2\/categories?post=619"},{"taxonomy":"post_tag","embeddable":true,"href":"https:\/\/fundaciongrupoalerta.org\/blog\/wp-json\/wp\/v2\/tags?post=619"}],"curies":[{"name":"wp","href":"https:\/\/api.w.org\/{rel}","templated":true}]}}