{"id":624,"date":"2024-11-14T17:54:00","date_gmt":"2024-11-14T17:54:00","guid":{"rendered":"https:\/\/fundaciongrupoalerta.org\/blog\/?p=624"},"modified":"2026-07-20T18:07:02","modified_gmt":"2026-07-20T18:07:02","slug":"150-ninos-de-la-escuela-francisco-madero-herrera-disfrutan-de-un-dia-en-el-cine","status":"publish","type":"post","link":"https:\/\/fundaciongrupoalerta.org\/blog\/150-ninos-de-la-escuela-francisco-madero-herrera-disfrutan-de-un-dia-en-el-cine\/","title":{"rendered":"NI\u00d1OS DE LA ESCUELA FRANCISCO MADERO HERRERA DISFRUTAN DE UN D\u00cdA EN EL CINE"},"content":{"rendered":"\n<figure class=\"wp-block-embed is-type-video is-provider-youtube wp-block-embed-youtube wp-embed-aspect-16-9 wp-has-aspect-ratio\"><div class=\"wp-block-embed__wrapper\">\n<iframe title=\"Fundaci\u00f3n Grupo Alerta lleva al cine a m\u00e1s de 150 ni\u00f1os de la Primaria Francisco Madero Herrera\" width=\"800\" height=\"450\" src=\"https:\/\/www.youtube.com\/embed\/oVL8oAKunqY?feature=oembed\" frameborder=\"0\" allow=\"accelerometer; autoplay; clipboard-write; encrypted-media; gyroscope; picture-in-picture; web-share\" referrerpolicy=\"strict-origin-when-cross-origin\" allowfullscreen><\/iframe>\n<\/div><\/figure>\n\n\n\n<p class=\"wp-block-paragraph\" style=\"line-height:1.6\">Las risas, el asombro y la emoci\u00f3n se apoderaron de una gran tarde de cine, en la que <strong>Fundaci\u00f3n Grupo Alerta<\/strong> tuvo la dicha de llevar a m\u00e1s de <strong>150 ni\u00f1as y ni\u00f1os<\/strong> de la <strong>Escuela Primaria Francisco Madero Herrera<\/strong> a disfrutar de una funci\u00f3n muy especial de la pel\u00edcula <em>\u201cRobot Salvaje\u201d<\/em>. <\/p>\n\n\n\n<figure class=\"wp-block-image size-full\"><img fetchpriority=\"high\" decoding=\"async\" width=\"1024\" height=\"768\" src=\"https:\/\/fundaciongrupoalerta.org\/blog\/wp-content\/uploads\/2026\/07\/UN-DIA-EN-EL-CINE-2-2.webp\" alt=\"\" class=\"wp-image-631\" srcset=\"https:\/\/fundaciongrupoalerta.org\/blog\/wp-content\/uploads\/2026\/07\/UN-DIA-EN-EL-CINE-2-2.webp 1024w, https:\/\/fundaciongrupoalerta.org\/blog\/wp-content\/uploads\/2026\/07\/UN-DIA-EN-EL-CINE-2-2-300x225.webp 300w, https:\/\/fundaciongrupoalerta.org\/blog\/wp-content\/uploads\/2026\/07\/UN-DIA-EN-EL-CINE-2-2-768x576.webp 768w\" sizes=\"(max-width: 1024px) 100vw, 1024px\" \/><\/figure>\n\n\n\n<p class=\"wp-block-paragraph\" style=\"line-height:1.6\">Desde el momento de su llegada, la energ\u00eda de los peque\u00f1os era desbordante. Con gran ilusi\u00f3n recibieron sus tradicionales palomitas y refrescos, listos para sumergirse en la magia de la pantalla grande. Para algunos de los estudiantes, esta visita represent\u00f3 un momento verdaderamente m\u00e1gico e inolvidable, ya que <strong>cumplieron el gran sue\u00f1o de visitar un cine por primera vez en su vida<\/strong>. <\/p>\n\n\n\n<figure class=\"wp-block-image size-large\"><img decoding=\"async\" width=\"1024\" height=\"768\" src=\"https:\/\/fundaciongrupoalerta.org\/blog\/wp-content\/uploads\/2026\/07\/IMG_0210-1-1-1024x768.jpg\" alt=\"\" class=\"wp-image-627\" srcset=\"https:\/\/fundaciongrupoalerta.org\/blog\/wp-content\/uploads\/2026\/07\/IMG_0210-1-1-1024x768.jpg 1024w, https:\/\/fundaciongrupoalerta.org\/blog\/wp-content\/uploads\/2026\/07\/IMG_0210-1-1-300x225.jpg 300w, https:\/\/fundaciongrupoalerta.org\/blog\/wp-content\/uploads\/2026\/07\/IMG_0210-1-1-768x576.jpg 768w, https:\/\/fundaciongrupoalerta.org\/blog\/wp-content\/uploads\/2026\/07\/IMG_0210-1-1-1536x1152.jpg 1536w, https:\/\/fundaciongrupoalerta.org\/blog\/wp-content\/uploads\/2026\/07\/IMG_0210-1-1-2048x1536.jpg 2048w\" sizes=\"(max-width: 1024px) 100vw, 1024px\" \/><\/figure>\n\n\n\n<p class=\"wp-block-paragraph\" style=\"line-height:1.6\">Esta hermosa experiencia no hubiera sido posible sin la valiosa suma de voluntades. Un agradecimiento muy especial al <strong>equipo de voluntarios de la fundaci\u00f3n<\/strong>, quienes estuvieron en todo momento atentos al cuidado y seguridad de los ni\u00f1os, brindando un apoyo excepcional al personal docente de la escuela para garantizar que la salida fuera un \u00e9xito rotundo.<\/p>\n\n\n\n<figure class=\"wp-block-image size-full\"><img decoding=\"async\" width=\"1600\" height=\"1200\" src=\"https:\/\/fundaciongrupoalerta.org\/blog\/wp-content\/uploads\/2026\/07\/baff6d41-43ce-47f5-bfc2-144b2bc7051e-2.jpg\" alt=\"\" class=\"wp-image-629\" srcset=\"https:\/\/fundaciongrupoalerta.org\/blog\/wp-content\/uploads\/2026\/07\/baff6d41-43ce-47f5-bfc2-144b2bc7051e-2.jpg 1600w, https:\/\/fundaciongrupoalerta.org\/blog\/wp-content\/uploads\/2026\/07\/baff6d41-43ce-47f5-bfc2-144b2bc7051e-2-300x225.jpg 300w, https:\/\/fundaciongrupoalerta.org\/blog\/wp-content\/uploads\/2026\/07\/baff6d41-43ce-47f5-bfc2-144b2bc7051e-2-1024x768.jpg 1024w, https:\/\/fundaciongrupoalerta.org\/blog\/wp-content\/uploads\/2026\/07\/baff6d41-43ce-47f5-bfc2-144b2bc7051e-2-768x576.jpg 768w, https:\/\/fundaciongrupoalerta.org\/blog\/wp-content\/uploads\/2026\/07\/baff6d41-43ce-47f5-bfc2-144b2bc7051e-2-1536x1152.jpg 1536w\" sizes=\"(max-width: 1600px) 100vw, 1600px\" \/><\/figure>\n\n\n\n<p class=\"wp-block-paragraph\" style=\"line-height:1.6\">En Fundaci\u00f3n Grupo Alerta creemos firmemente que la infancia debe estar llena de momentos felices y memorias entra\u00f1ables. Ver la felicidad reflejada en el rostro de cada estudiante nos impulsa a seguir trabajando con el coraz\u00f3n, construyendo comunidad y creando recuerdos que durar\u00e1n toda la vida.<\/p>\n\n\n\n<figure class=\"wp-block-image size-full\"><img loading=\"lazy\" decoding=\"async\" width=\"1600\" height=\"1200\" src=\"https:\/\/fundaciongrupoalerta.org\/blog\/wp-content\/uploads\/2026\/07\/yOHfn9JIW35OzgDcVmvZ-2-1.webp\" alt=\"\" class=\"wp-image-632\" srcset=\"https:\/\/fundaciongrupoalerta.org\/blog\/wp-content\/uploads\/2026\/07\/yOHfn9JIW35OzgDcVmvZ-2-1.webp 1600w, https:\/\/fundaciongrupoalerta.org\/blog\/wp-content\/uploads\/2026\/07\/yOHfn9JIW35OzgDcVmvZ-2-1-300x225.webp 300w, https:\/\/fundaciongrupoalerta.org\/blog\/wp-content\/uploads\/2026\/07\/yOHfn9JIW35OzgDcVmvZ-2-1-1024x768.webp 1024w, https:\/\/fundaciongrupoalerta.org\/blog\/wp-content\/uploads\/2026\/07\/yOHfn9JIW35OzgDcVmvZ-2-1-768x576.webp 768w, https:\/\/fundaciongrupoalerta.org\/blog\/wp-content\/uploads\/2026\/07\/yOHfn9JIW35OzgDcVmvZ-2-1-1536x1152.webp 1536w\" sizes=\"(max-width: 1600px) 100vw, 1600px\" \/><\/figure>\n\n\n\n<p class=\"wp-block-paragraph\"><\/p>\n","protected":false},"excerpt":{"rendered":"<p>Una tarde inolvidable de cine y sonrisas: Fundaci\u00f3n Grupo Alerta consiente a la ni\u00f1ez Mazatleca<\/p>\n","protected":false},"author":4,"featured_media":627,"comment_status":"open","ping_status":"open","sticky":false,"template":"","format":"standard","meta":{"footnotes":""},"categories":[17,15],"tags":[],"class_list":["post-624","post","type-post","status-publish","format-standard","has-post-thumbnail","hentry","category-comunidad","category-voluntariado"],"_links":{"self":[{"href":"https:\/\/fundaciongrupoalerta.org\/blog\/wp-json\/wp\/v2\/posts\/624","targetHints":{"allow":["GET"]}}],"collection":[{"href":"https:\/\/fundaciongrupoalerta.org\/blog\/wp-json\/wp\/v2\/posts"}],"about":[{"href":"https:\/\/fundaciongrupoalerta.org\/blog\/wp-json\/wp\/v2\/types\/post"}],"author":[{"embeddable":true,"href":"https:\/\/fundaciongrupoalerta.org\/blog\/wp-json\/wp\/v2\/users\/4"}],"replies":[{"embeddable":true,"href":"https:\/\/fundaciongrupoalerta.org\/blog\/wp-json\/wp\/v2\/comments?post=624"}],"version-history":[{"count":2,"href":"https:\/\/fundaciongrupoalerta.org\/blog\/wp-json\/wp\/v2\/posts\/624\/revisions"}],"predecessor-version":[{"id":635,"href":"https:\/\/fundaciongrupoalerta.org\/blog\/wp-json\/wp\/v2\/posts\/624\/revisions\/635"}],"wp:featuredmedia":[{"embeddable":true,"href":"https:\/\/fundaciongrupoalerta.org\/blog\/wp-json\/wp\/v2\/media\/627"}],"wp:attachment":[{"href":"https:\/\/fundaciongrupoalerta.org\/blog\/wp-json\/wp\/v2\/media?parent=624"}],"wp:term":[{"taxonomy":"category","embeddable":true,"href":"https:\/\/fundaciongrupoalerta.org\/blog\/wp-json\/wp\/v2\/categories?post=624"},{"taxonomy":"post_tag","embeddable":true,"href":"https:\/\/fundaciongrupoalerta.org\/blog\/wp-json\/wp\/v2\/tags?post=624"}],"curies":[{"name":"wp","href":"https:\/\/api.w.org\/{rel}","templated":true}]}}