{"id":636,"date":"2024-12-14T18:07:00","date_gmt":"2024-12-14T18:07:00","guid":{"rendered":"https:\/\/fundaciongrupoalerta.org\/blog\/?p=636"},"modified":"2026-07-31T23:04:51","modified_gmt":"2026-07-31T23:04:51","slug":"kermess-teleton-2024","status":"publish","type":"post","link":"https:\/\/fundaciongrupoalerta.org\/blog\/kermess-teleton-2024\/","title":{"rendered":"KERMESS TELET\u00d3N 2024"},"content":{"rendered":"\n<p class=\"wp-block-paragraph\" style=\"line-height:1.6\">Con el firme objetivo de impulsar la inclusi\u00f3n y aportar nuestro granito de arena a una de las causas m\u00e1s nobles de nuestro pa\u00eds, <strong>Fundaci\u00f3n Grupo Alerta<\/strong> se sum\u00f3 de manera entusiasta a la gran <strong>Kerm\u00e9s y Magno Evento del Telet\u00f3n 2024<\/strong>, celebrada en las instalaciones del <strong>CRIT Sinaloa<\/strong>.<\/p>\n\n\n\n<figure class=\"wp-block-image size-large\"><img fetchpriority=\"high\" decoding=\"async\" width=\"1024\" height=\"682\" src=\"https:\/\/fundaciongrupoalerta.org\/blog\/wp-content\/uploads\/2026\/07\/image-2-1024x682.png\" alt=\"\" class=\"wp-image-637\" srcset=\"https:\/\/fundaciongrupoalerta.org\/blog\/wp-content\/uploads\/2026\/07\/image-2-1024x682.png 1024w, https:\/\/fundaciongrupoalerta.org\/blog\/wp-content\/uploads\/2026\/07\/image-2-300x200.png 300w, https:\/\/fundaciongrupoalerta.org\/blog\/wp-content\/uploads\/2026\/07\/image-2-768x512.png 768w, https:\/\/fundaciongrupoalerta.org\/blog\/wp-content\/uploads\/2026\/07\/image-2.png 1280w\" sizes=\"(max-width: 1024px) 100vw, 1024px\" \/><\/figure>\n\n\n\n<p class=\"wp-block-paragraph\" style=\"line-height:1.6\">Durante esta jornada llena de solidaridad, uni\u00f3n y esperanza, la fundaci\u00f3n particip\u00f3 activamente instalando un divertido brincol\u00edn, una atracci\u00f3n que llen\u00f3 de risas y energ\u00eda a los asistentes, contribuyendo al mismo tiempo a la recaudaci\u00f3n de fondos en beneficio de la ni\u00f1ez y las familias que m\u00e1s lo necesitan.<\/p>\n\n\n\n<figure class=\"wp-block-image aligncenter size-large is-resized\"><img decoding=\"async\" width=\"1024\" height=\"768\" src=\"https:\/\/fundaciongrupoalerta.org\/blog\/wp-content\/uploads\/2026\/07\/PHOTO-2024-12-14-12-57-37-1-1024x768.jpg\" alt=\"\" class=\"wp-image-638\" style=\"width:572px;height:auto\" srcset=\"https:\/\/fundaciongrupoalerta.org\/blog\/wp-content\/uploads\/2026\/07\/PHOTO-2024-12-14-12-57-37-1-1024x768.jpg 1024w, https:\/\/fundaciongrupoalerta.org\/blog\/wp-content\/uploads\/2026\/07\/PHOTO-2024-12-14-12-57-37-1-300x225.jpg 300w, https:\/\/fundaciongrupoalerta.org\/blog\/wp-content\/uploads\/2026\/07\/PHOTO-2024-12-14-12-57-37-1-768x576.jpg 768w, https:\/\/fundaciongrupoalerta.org\/blog\/wp-content\/uploads\/2026\/07\/PHOTO-2024-12-14-12-57-37-1-1536x1152.jpg 1536w, https:\/\/fundaciongrupoalerta.org\/blog\/wp-content\/uploads\/2026\/07\/PHOTO-2024-12-14-12-57-37-1.jpg 1600w\" sizes=\"(max-width: 1024px) 100vw, 1024px\" \/><\/figure>\n\n\n\n<p class=\"wp-block-paragraph\" style=\"line-height:1.6\">La presencia de nuestro equipo reflej\u00f3 una vez m\u00e1s el compromiso que tenemos con la comunidad mazatleca, demostrando que cuando nos unimos con el coraz\u00f3n, cada peque\u00f1a acci\u00f3n se transforma en una gran oportunidad para cambiar vidas.<\/p>\n\n\n\n<figure class=\"wp-block-image aligncenter size-large is-resized\"><img decoding=\"async\" width=\"960\" height=\"960\" src=\"https:\/\/fundaciongrupoalerta.org\/blog\/wp-content\/uploads\/2026\/07\/PHOTO-2024-12-14-12-55-50-1-2-edited.jpg\" alt=\"\" class=\"wp-image-644\" style=\"width:514px;height:auto\" srcset=\"https:\/\/fundaciongrupoalerta.org\/blog\/wp-content\/uploads\/2026\/07\/PHOTO-2024-12-14-12-55-50-1-2-edited.jpg 960w, https:\/\/fundaciongrupoalerta.org\/blog\/wp-content\/uploads\/2026\/07\/PHOTO-2024-12-14-12-55-50-1-2-edited-300x300.jpg 300w, https:\/\/fundaciongrupoalerta.org\/blog\/wp-content\/uploads\/2026\/07\/PHOTO-2024-12-14-12-55-50-1-2-edited-150x150.jpg 150w, https:\/\/fundaciongrupoalerta.org\/blog\/wp-content\/uploads\/2026\/07\/PHOTO-2024-12-14-12-55-50-1-2-edited-768x768.jpg 768w\" sizes=\"(max-width: 960px) 100vw, 960px\" \/><\/figure>\n\n\n\n<p class=\"wp-block-paragraph\" style=\"line-height:1.6\">Agradecemos a todos los que nos acompa\u00f1aron y apoyaron esta noble causa. En Fundaci\u00f3n Grupo Alerta reafirmamos que seguir apoyando al Telet\u00f3n es apostar por un futuro m\u00e1s inclusivo, emp\u00e1tico y lleno de oportunidades para todos. \u00a1Nos vemos en la pr\u00f3xima edici\u00f3n!<\/p>\n","protected":false},"excerpt":{"rendered":"<p>Con el firme objetivo de impulsar la inclusi\u00f3n y aportar nuestro granito de arena a una de las causas m\u00e1s nobles de nuestro pa\u00eds, Fundaci\u00f3n Grupo Alerta se sum\u00f3 de manera entusiasta a la gran Kerm\u00e9s y Magno Evento del Telet\u00f3n 2024, celebrada en las instalaciones del CRIT Sinaloa. Durante esta jornada llena de solidaridad, [&hellip;]<\/p>\n","protected":false},"author":4,"featured_media":637,"comment_status":"open","ping_status":"open","sticky":false,"template":"","format":"standard","meta":{"footnotes":""},"categories":[17,15],"tags":[],"class_list":["post-636","post","type-post","status-publish","format-standard","has-post-thumbnail","hentry","category-comunidad","category-voluntariado"],"_links":{"self":[{"href":"https:\/\/fundaciongrupoalerta.org\/blog\/wp-json\/wp\/v2\/posts\/636","targetHints":{"allow":["GET"]}}],"collection":[{"href":"https:\/\/fundaciongrupoalerta.org\/blog\/wp-json\/wp\/v2\/posts"}],"about":[{"href":"https:\/\/fundaciongrupoalerta.org\/blog\/wp-json\/wp\/v2\/types\/post"}],"author":[{"embeddable":true,"href":"https:\/\/fundaciongrupoalerta.org\/blog\/wp-json\/wp\/v2\/users\/4"}],"replies":[{"embeddable":true,"href":"https:\/\/fundaciongrupoalerta.org\/blog\/wp-json\/wp\/v2\/comments?post=636"}],"version-history":[{"count":1,"href":"https:\/\/fundaciongrupoalerta.org\/blog\/wp-json\/wp\/v2\/posts\/636\/revisions"}],"predecessor-version":[{"id":645,"href":"https:\/\/fundaciongrupoalerta.org\/blog\/wp-json\/wp\/v2\/posts\/636\/revisions\/645"}],"wp:featuredmedia":[{"embeddable":true,"href":"https:\/\/fundaciongrupoalerta.org\/blog\/wp-json\/wp\/v2\/media\/637"}],"wp:attachment":[{"href":"https:\/\/fundaciongrupoalerta.org\/blog\/wp-json\/wp\/v2\/media?parent=636"}],"wp:term":[{"taxonomy":"category","embeddable":true,"href":"https:\/\/fundaciongrupoalerta.org\/blog\/wp-json\/wp\/v2\/categories?post=636"},{"taxonomy":"post_tag","embeddable":true,"href":"https:\/\/fundaciongrupoalerta.org\/blog\/wp-json\/wp\/v2\/tags?post=636"}],"curies":[{"name":"wp","href":"https:\/\/api.w.org\/{rel}","templated":true}]}}