{"id":655,"date":"2025-01-06T20:19:00","date_gmt":"2025-01-06T20:19:00","guid":{"rendered":"https:\/\/fundaciongrupoalerta.org\/blog\/?p=655"},"modified":"2026-07-31T23:05:47","modified_gmt":"2026-07-31T23:05:47","slug":"superamos-la-meta-de-regalo-de-alegria-2025","status":"publish","type":"post","link":"https:\/\/fundaciongrupoalerta.org\/blog\/superamos-la-meta-de-regalo-de-alegria-2025\/","title":{"rendered":"SUPERAMOS LA META DE REGALO DE ALEGR\u00cdA"},"content":{"rendered":"\n<h2 class=\"wp-block-heading has-text-align-center has-medium-font-size\" style=\"line-height:1.6\">Gracias al compromiso de colaboradores, voluntarios, Club Mazatruks y personas que se sumaron con sus donativos, m\u00e1s de mil ni\u00f1as y ni\u00f1os de Mazatl\u00e1n recibieron un juguete durante la edici\u00f3n 2025 de Regalo de Alegr\u00eda.<\/h2>\n\n\n\n<figure class=\"wp-block-image aligncenter size-large\"><img fetchpriority=\"high\" decoding=\"async\" width=\"1024\" height=\"768\" src=\"https:\/\/fundaciongrupoalerta.org\/blog\/wp-content\/uploads\/2026\/07\/WhatsApp-Image-2025-02-21-at-3.38.36-PM-1024x768.jpeg\" alt=\"\" class=\"wp-image-661\" srcset=\"https:\/\/fundaciongrupoalerta.org\/blog\/wp-content\/uploads\/2026\/07\/WhatsApp-Image-2025-02-21-at-3.38.36-PM-1024x768.jpeg 1024w, https:\/\/fundaciongrupoalerta.org\/blog\/wp-content\/uploads\/2026\/07\/WhatsApp-Image-2025-02-21-at-3.38.36-PM-300x225.jpeg 300w, https:\/\/fundaciongrupoalerta.org\/blog\/wp-content\/uploads\/2026\/07\/WhatsApp-Image-2025-02-21-at-3.38.36-PM-768x576.jpeg 768w, https:\/\/fundaciongrupoalerta.org\/blog\/wp-content\/uploads\/2026\/07\/WhatsApp-Image-2025-02-21-at-3.38.36-PM-1536x1152.jpeg 1536w, https:\/\/fundaciongrupoalerta.org\/blog\/wp-content\/uploads\/2026\/07\/WhatsApp-Image-2025-02-21-at-3.38.36-PM.jpeg 1600w\" sizes=\"(max-width: 1024px) 100vw, 1024px\" \/><figcaption class=\"wp-element-caption\"><em><sub>Una imagen que refleja el verdadero significado de Regalo de Alegr\u00eda: personas unidas por el deseo de regalar sonrisas y crear recuerdos inolvidables para la ni\u00f1ez mazatleca. m\u00e1s de mil sonrisas.<\/sub><\/em><\/figcaption><\/figure>\n\n\n\n<h3 class=\"wp-block-heading has-white-color has-pale-cyan-blue-background-color has-text-color has-background has-link-color has-medium-font-size wp-elements-555f15290f32de4c0b33730c8824b5af\" style=\"line-height:1.6\"><strong>M\u00e1s que un juguete, un momento para recordar<\/strong><\/h3>\n\n\n\n<p class=\"wp-block-paragraph\" style=\"line-height:1.6\">La edici\u00f3n 2025 de Regalo de Alegr\u00eda super\u00f3 la meta establecida, llevando un momento de ilusi\u00f3n a m\u00e1s de mil ni\u00f1as y ni\u00f1os de Mazatl\u00e1n. Este logro fue posible gracias a la participaci\u00f3n de colaboradores, voluntarios, integrantes de Club Mazatruks y ciudadanos que se unieron a la campa\u00f1a mediante la donaci\u00f3n de juguetes.<\/p>\n\n\n\n<p class=\"wp-block-paragraph\" style=\"line-height:1.6\">Cada aportaci\u00f3n represent\u00f3 mucho m\u00e1s que un obsequio: fue una muestra de generosidad y de confianza en el poder de trabajar juntos para compartir momentos de felicidad con la ni\u00f1ez.<\/p>\n\n\n\n<figure class=\"wp-block-embed is-type-video is-provider-youtube wp-block-embed-youtube wp-embed-aspect-16-9 wp-has-aspect-ratio\"><div class=\"wp-block-embed__wrapper\">\n<iframe title=\"\u00a1Se supera la meta de Regalo de Alegr\u00eda! M\u00e1s de mil ni\u00f1as y ni\u00f1os reciben un juguete en Mazatl\u00e1n\" width=\"800\" height=\"450\" src=\"https:\/\/www.youtube.com\/embed\/hnHbLqOkB1E?feature=oembed\" frameborder=\"0\" allow=\"accelerometer; autoplay; clipboard-write; encrypted-media; gyroscope; picture-in-picture; web-share\" referrerpolicy=\"strict-origin-when-cross-origin\" allowfullscreen><\/iframe>\n<\/div><\/figure>\n\n\n\n<h3 class=\"wp-block-heading has-white-color has-light-green-cyan-background-color has-text-color has-background has-link-color has-medium-font-size wp-elements-1e8a6a5cc08082d053744a2f1b5391ce\" style=\"line-height:1.6\"><strong>Una cadena de solidaridad que comenz\u00f3 desde casa<\/strong><\/h3>\n\n\n\n<p class=\"wp-block-paragraph\" style=\"line-height:1.6\"> Detr\u00e1s de cada juguete entregado hubo un esfuerzo colectivo que inici\u00f3 con la participaci\u00f3n de las y los colaboradores de las empresas que integran Grupo Alerta. Su entusiasmo y compromiso hicieron posible una amplia campa\u00f1a de recolecci\u00f3n, demostrando que la solidaridad tambi\u00e9n se construye desde el lugar de trabajo. Cada donativo represent\u00f3 la voluntad de compartir y contribuir para que m\u00e1s ni\u00f1as y ni\u00f1os vivieran un D\u00eda de Reyes especial.<\/p>\n\n\n\n<div class=\"wp-block-columns is-layout-flex wp-container-core-columns-is-layout-7387b849 wp-block-columns-is-layout-flex\">\n<div class=\"wp-block-column is-layout-flow wp-block-column-is-layout-flow\" style=\"flex-basis:33.33%\">\n<figure class=\"wp-block-image aligncenter size-large\"><img decoding=\"async\" width=\"1024\" height=\"768\" src=\"https:\/\/fundaciongrupoalerta.org\/blog\/wp-content\/uploads\/2026\/07\/WhatsApp-Image-2025-02-21-at-12.40.21-PM-3-1024x768.jpeg\" alt=\"\" class=\"wp-image-729\" srcset=\"https:\/\/fundaciongrupoalerta.org\/blog\/wp-content\/uploads\/2026\/07\/WhatsApp-Image-2025-02-21-at-12.40.21-PM-3-1024x768.jpeg 1024w, https:\/\/fundaciongrupoalerta.org\/blog\/wp-content\/uploads\/2026\/07\/WhatsApp-Image-2025-02-21-at-12.40.21-PM-3-300x225.jpeg 300w, https:\/\/fundaciongrupoalerta.org\/blog\/wp-content\/uploads\/2026\/07\/WhatsApp-Image-2025-02-21-at-12.40.21-PM-3-768x576.jpeg 768w, https:\/\/fundaciongrupoalerta.org\/blog\/wp-content\/uploads\/2026\/07\/WhatsApp-Image-2025-02-21-at-12.40.21-PM-3.jpeg 1280w\" sizes=\"(max-width: 1024px) 100vw, 1024px\" \/><figcaption class=\"wp-element-caption\"><em><sub>Un esfuerzo compartido que hizo posible superar la meta.<\/sub><\/em><\/figcaption><\/figure>\n<\/div>\n\n\n\n<div class=\"wp-block-column is-layout-flow wp-block-column-is-layout-flow\" style=\"flex-basis:33.33%\">\n<figure class=\"wp-block-image aligncenter size-large\"><img decoding=\"async\" width=\"1024\" height=\"768\" src=\"https:\/\/fundaciongrupoalerta.org\/blog\/wp-content\/uploads\/2026\/07\/WhatsApp-Image-2025-02-21-at-12.40.13-PM-2-1024x768.jpeg\" alt=\"\" class=\"wp-image-670\" srcset=\"https:\/\/fundaciongrupoalerta.org\/blog\/wp-content\/uploads\/2026\/07\/WhatsApp-Image-2025-02-21-at-12.40.13-PM-2-1024x768.jpeg 1024w, https:\/\/fundaciongrupoalerta.org\/blog\/wp-content\/uploads\/2026\/07\/WhatsApp-Image-2025-02-21-at-12.40.13-PM-2-300x225.jpeg 300w, https:\/\/fundaciongrupoalerta.org\/blog\/wp-content\/uploads\/2026\/07\/WhatsApp-Image-2025-02-21-at-12.40.13-PM-2-768x576.jpeg 768w, https:\/\/fundaciongrupoalerta.org\/blog\/wp-content\/uploads\/2026\/07\/WhatsApp-Image-2025-02-21-at-12.40.13-PM-2.jpeg 1280w\" sizes=\"(max-width: 1024px) 100vw, 1024px\" \/><figcaption class=\"wp-element-caption\"><em><sub>La suma de voluntades hizo posible esta iniciativa.<\/sub><\/em><\/figcaption><\/figure>\n<\/div>\n\n\n\n<div class=\"wp-block-column is-layout-flow wp-block-column-is-layout-flow\" style=\"flex-basis:33.33%\">\n<figure class=\"wp-block-image aligncenter size-large\"><img loading=\"lazy\" decoding=\"async\" width=\"1024\" height=\"768\" src=\"https:\/\/fundaciongrupoalerta.org\/blog\/wp-content\/uploads\/2026\/07\/WhatsApp-Image-2025-02-21-at-12.40.12-PM-2-1024x768.jpeg\" alt=\"\" class=\"wp-image-671\" srcset=\"https:\/\/fundaciongrupoalerta.org\/blog\/wp-content\/uploads\/2026\/07\/WhatsApp-Image-2025-02-21-at-12.40.12-PM-2-1024x768.jpeg 1024w, https:\/\/fundaciongrupoalerta.org\/blog\/wp-content\/uploads\/2026\/07\/WhatsApp-Image-2025-02-21-at-12.40.12-PM-2-300x225.jpeg 300w, https:\/\/fundaciongrupoalerta.org\/blog\/wp-content\/uploads\/2026\/07\/WhatsApp-Image-2025-02-21-at-12.40.12-PM-2-768x576.jpeg 768w, https:\/\/fundaciongrupoalerta.org\/blog\/wp-content\/uploads\/2026\/07\/WhatsApp-Image-2025-02-21-at-12.40.12-PM-2.jpeg 1280w\" sizes=\"(max-width: 1024px) 100vw, 1024px\" \/><figcaption class=\"wp-element-caption\"><em><sub>Cada donaci\u00f3n fue una muestra de compromiso con la ni\u00f1ez mazatleca.<\/sub><\/em><\/figcaption><\/figure>\n<\/div>\n<\/div>\n\n\n\n<div class=\"wp-block-columns is-layout-flex wp-container-core-columns-is-layout-7387b849 wp-block-columns-is-layout-flex\">\n<div class=\"wp-block-column is-layout-flow wp-block-column-is-layout-flow\" style=\"flex-basis:50%\">\n<figure class=\"wp-block-image size-large has-custom-border\"><img loading=\"lazy\" decoding=\"async\" width=\"768\" height=\"1024\" src=\"https:\/\/fundaciongrupoalerta.org\/blog\/wp-content\/uploads\/2026\/07\/WhatsApp-Image-2025-02-21-at-12.40.12-PM-1-1-1-768x1024.jpeg\" alt=\"\" class=\"has-border-color has-pale-cyan-blue-border-color wp-image-677\" style=\"border-width:23px\" srcset=\"https:\/\/fundaciongrupoalerta.org\/blog\/wp-content\/uploads\/2026\/07\/WhatsApp-Image-2025-02-21-at-12.40.12-PM-1-1-1-768x1024.jpeg 768w, https:\/\/fundaciongrupoalerta.org\/blog\/wp-content\/uploads\/2026\/07\/WhatsApp-Image-2025-02-21-at-12.40.12-PM-1-1-1-225x300.jpeg 225w, https:\/\/fundaciongrupoalerta.org\/blog\/wp-content\/uploads\/2026\/07\/WhatsApp-Image-2025-02-21-at-12.40.12-PM-1-1-1.jpeg 960w\" sizes=\"(max-width: 768px) 100vw, 768px\" \/><\/figure>\n<\/div>\n\n\n\n<div class=\"wp-block-column is-layout-flow wp-block-column-is-layout-flow\" style=\"flex-basis:50%\">\n<figure class=\"wp-block-image size-large has-custom-border\"><img loading=\"lazy\" decoding=\"async\" width=\"768\" height=\"1024\" src=\"https:\/\/fundaciongrupoalerta.org\/blog\/wp-content\/uploads\/2026\/07\/WhatsApp-Image-2025-02-21-at-12.40.21-PM-2-768x1024.jpeg\" alt=\"\" class=\"has-border-color wp-image-680\" style=\"border-color:#8ed1fc;border-width:23px;border-top-left-radius:0px;border-top-right-radius:0px;border-bottom-left-radius:0px;border-bottom-right-radius:0px\" srcset=\"https:\/\/fundaciongrupoalerta.org\/blog\/wp-content\/uploads\/2026\/07\/WhatsApp-Image-2025-02-21-at-12.40.21-PM-2-768x1024.jpeg 768w, https:\/\/fundaciongrupoalerta.org\/blog\/wp-content\/uploads\/2026\/07\/WhatsApp-Image-2025-02-21-at-12.40.21-PM-2-225x300.jpeg 225w, https:\/\/fundaciongrupoalerta.org\/blog\/wp-content\/uploads\/2026\/07\/WhatsApp-Image-2025-02-21-at-12.40.21-PM-2.jpeg 960w\" sizes=\"(max-width: 768px) 100vw, 768px\" \/><\/figure>\n<\/div>\n<\/div>\n\n\n\n<h3 class=\"wp-block-heading has-white-color has-vivid-green-cyan-background-color has-text-color has-background has-link-color has-medium-font-size wp-elements-a788d8989b9a93876a539874b36eba7e\" style=\"line-height:1.6\"><strong>El esfuerzo conjunto hizo la diferencia<\/strong><\/h3>\n\n\n\n<p class=\"wp-block-paragraph\" style=\"line-height:1.6\">La participaci\u00f3n de voluntarios, aliados estrat\u00e9gicos y ciudadan\u00eda fortaleci\u00f3 esta iniciativa, permitiendo ampliar su alcance y superar la meta planteada para esta edici\u00f3n. La suma de esfuerzos confirm\u00f3 que cuando distintos sectores de la comunidad trabajan por un mismo prop\u00f3sito, es posible generar un impacto positivo en quienes m\u00e1s lo necesitan.<\/p>\n\n\n\n<figure class=\"wp-block-image aligncenter size-large\"><img loading=\"lazy\" decoding=\"async\" width=\"1024\" height=\"576\" src=\"https:\/\/fundaciongrupoalerta.org\/blog\/wp-content\/uploads\/2026\/07\/entrega-de-juguetes-enero-2025-1-1024x576.jpg\" alt=\"\" class=\"wp-image-685\" srcset=\"https:\/\/fundaciongrupoalerta.org\/blog\/wp-content\/uploads\/2026\/07\/entrega-de-juguetes-enero-2025-1-1024x576.jpg 1024w, https:\/\/fundaciongrupoalerta.org\/blog\/wp-content\/uploads\/2026\/07\/entrega-de-juguetes-enero-2025-1-300x169.jpg 300w, https:\/\/fundaciongrupoalerta.org\/blog\/wp-content\/uploads\/2026\/07\/entrega-de-juguetes-enero-2025-1-768x432.jpg 768w, https:\/\/fundaciongrupoalerta.org\/blog\/wp-content\/uploads\/2026\/07\/entrega-de-juguetes-enero-2025-1-1536x864.jpg 1536w, https:\/\/fundaciongrupoalerta.org\/blog\/wp-content\/uploads\/2026\/07\/entrega-de-juguetes-enero-2025-1.jpg 1920w\" sizes=\"(max-width: 1024px) 100vw, 1024px\" \/><figcaption class=\"wp-element-caption\"><em><sub>El trabajo en equipo hizo posible esta jornada solidaria.<\/sub><\/em><\/figcaption><\/figure>\n\n\n\n<p class=\"wp-block-paragraph\" style=\"line-height:1.6\">Cada persona que decidi\u00f3 participar aport\u00f3 una pieza fundamental para hacer posible esta iniciativa. La colaboraci\u00f3n y el compromiso compartido fueron el motor que permiti\u00f3 transformar cientos de donativos en momentos de alegr\u00eda para la ni\u00f1ez mazatleca.<\/p>\n\n\n\n<div class=\"wp-block-group is-content-justification-center is-nowrap is-layout-flex wp-container-core-group-is-layout-f56f9fcf wp-block-group-is-layout-flex\">\n<figure class=\"wp-block-image size-large\"><img loading=\"lazy\" decoding=\"async\" width=\"1024\" height=\"768\" src=\"https:\/\/fundaciongrupoalerta.org\/blog\/wp-content\/uploads\/2026\/07\/WhatsApp-Image-2025-02-21-at-12.40.11-PM-3-1024x768.jpeg\" alt=\"\" class=\"wp-image-688\" srcset=\"https:\/\/fundaciongrupoalerta.org\/blog\/wp-content\/uploads\/2026\/07\/WhatsApp-Image-2025-02-21-at-12.40.11-PM-3-1024x768.jpeg 1024w, https:\/\/fundaciongrupoalerta.org\/blog\/wp-content\/uploads\/2026\/07\/WhatsApp-Image-2025-02-21-at-12.40.11-PM-3-300x225.jpeg 300w, https:\/\/fundaciongrupoalerta.org\/blog\/wp-content\/uploads\/2026\/07\/WhatsApp-Image-2025-02-21-at-12.40.11-PM-3-768x576.jpeg 768w, https:\/\/fundaciongrupoalerta.org\/blog\/wp-content\/uploads\/2026\/07\/WhatsApp-Image-2025-02-21-at-12.40.11-PM-3.jpeg 1280w\" sizes=\"(max-width: 1024px) 100vw, 1024px\" \/><\/figure>\n\n\n\n<figure class=\"wp-block-image size-large\"><img loading=\"lazy\" decoding=\"async\" width=\"1024\" height=\"768\" src=\"https:\/\/fundaciongrupoalerta.org\/blog\/wp-content\/uploads\/2026\/07\/WhatsApp-Image-2025-02-21-at-12.40.11-PM-1-1024x768.jpeg\" alt=\"\" class=\"wp-image-689\" srcset=\"https:\/\/fundaciongrupoalerta.org\/blog\/wp-content\/uploads\/2026\/07\/WhatsApp-Image-2025-02-21-at-12.40.11-PM-1-1024x768.jpeg 1024w, https:\/\/fundaciongrupoalerta.org\/blog\/wp-content\/uploads\/2026\/07\/WhatsApp-Image-2025-02-21-at-12.40.11-PM-1-300x225.jpeg 300w, https:\/\/fundaciongrupoalerta.org\/blog\/wp-content\/uploads\/2026\/07\/WhatsApp-Image-2025-02-21-at-12.40.11-PM-1-768x576.jpeg 768w, https:\/\/fundaciongrupoalerta.org\/blog\/wp-content\/uploads\/2026\/07\/WhatsApp-Image-2025-02-21-at-12.40.11-PM-1.jpeg 1280w\" sizes=\"(max-width: 1024px) 100vw, 1024px\" \/><\/figure>\n<\/div>\n\n\n\n<h2 class=\"wp-block-heading has-text-align-center has-white-color has-pale-cyan-blue-background-color has-text-color has-background has-link-color wp-elements-c669308f626672cdacca6e0084ace388\" style=\"line-height:1.6\"><strong>Cada juguete representa la generosidad de quienes decidieron sumarse a Regalo de Alegr\u00eda 2025.<\/strong> <\/h2>\n\n\n\n<div class=\"wp-block-group is-content-justification-center is-nowrap is-layout-flex wp-container-core-group-is-layout-f56f9fcf wp-block-group-is-layout-flex\">\n<div class=\"wp-block-group is-content-justification-center is-layout-flex wp-container-core-group-is-layout-f701c062 wp-block-group-is-layout-flex\">\n<figure class=\"wp-block-image size-large\"><img loading=\"lazy\" decoding=\"async\" width=\"768\" height=\"1024\" src=\"https:\/\/fundaciongrupoalerta.org\/blog\/wp-content\/uploads\/2026\/07\/WhatsApp-Image-2025-02-21-at-12.40.11-PM-768x1024.jpeg\" alt=\"\" class=\"wp-image-691\" srcset=\"https:\/\/fundaciongrupoalerta.org\/blog\/wp-content\/uploads\/2026\/07\/WhatsApp-Image-2025-02-21-at-12.40.11-PM-768x1024.jpeg 768w, https:\/\/fundaciongrupoalerta.org\/blog\/wp-content\/uploads\/2026\/07\/WhatsApp-Image-2025-02-21-at-12.40.11-PM-225x300.jpeg 225w, https:\/\/fundaciongrupoalerta.org\/blog\/wp-content\/uploads\/2026\/07\/WhatsApp-Image-2025-02-21-at-12.40.11-PM.jpeg 960w\" sizes=\"(max-width: 768px) 100vw, 768px\" \/><\/figure>\n<\/div>\n\n\n\n<div class=\"wp-block-group is-content-justification-center is-nowrap is-layout-flex wp-container-core-group-is-layout-f56f9fcf wp-block-group-is-layout-flex\">\n<figure class=\"wp-block-image size-large wp-container-content-69bc4bdf\"><img loading=\"lazy\" decoding=\"async\" width=\"835\" height=\"1024\" src=\"https:\/\/fundaciongrupoalerta.org\/blog\/wp-content\/uploads\/2026\/07\/WhatsApp-Image-2025-02-21-at-12.40.09-PM-1-835x1024.jpeg\" alt=\"\" class=\"wp-image-690\" style=\"object-fit:cover;object-position:2% 58%\" srcset=\"https:\/\/fundaciongrupoalerta.org\/blog\/wp-content\/uploads\/2026\/07\/WhatsApp-Image-2025-02-21-at-12.40.09-PM-1-835x1024.jpeg 835w, https:\/\/fundaciongrupoalerta.org\/blog\/wp-content\/uploads\/2026\/07\/WhatsApp-Image-2025-02-21-at-12.40.09-PM-1-245x300.jpeg 245w, https:\/\/fundaciongrupoalerta.org\/blog\/wp-content\/uploads\/2026\/07\/WhatsApp-Image-2025-02-21-at-12.40.09-PM-1-768x942.jpeg 768w, https:\/\/fundaciongrupoalerta.org\/blog\/wp-content\/uploads\/2026\/07\/WhatsApp-Image-2025-02-21-at-12.40.09-PM-1.jpeg 1044w\" sizes=\"(max-width: 835px) 100vw, 835px\" \/><\/figure>\n<\/div>\n\n\n\n<div class=\"wp-block-group is-content-justification-center is-nowrap is-layout-flex wp-container-core-group-is-layout-f56f9fcf wp-block-group-is-layout-flex\">\n<figure class=\"wp-block-image size-large\"><img loading=\"lazy\" decoding=\"async\" width=\"770\" height=\"1024\" src=\"https:\/\/fundaciongrupoalerta.org\/blog\/wp-content\/uploads\/2026\/07\/WhatsApp-Image-2025-02-21-at-12.40.08-PM-770x1024.jpeg\" alt=\"\" class=\"wp-image-694\" srcset=\"https:\/\/fundaciongrupoalerta.org\/blog\/wp-content\/uploads\/2026\/07\/WhatsApp-Image-2025-02-21-at-12.40.08-PM-770x1024.jpeg 770w, https:\/\/fundaciongrupoalerta.org\/blog\/wp-content\/uploads\/2026\/07\/WhatsApp-Image-2025-02-21-at-12.40.08-PM-226x300.jpeg 226w, https:\/\/fundaciongrupoalerta.org\/blog\/wp-content\/uploads\/2026\/07\/WhatsApp-Image-2025-02-21-at-12.40.08-PM-768x1021.jpeg 768w, https:\/\/fundaciongrupoalerta.org\/blog\/wp-content\/uploads\/2026\/07\/WhatsApp-Image-2025-02-21-at-12.40.08-PM.jpeg 963w\" sizes=\"(max-width: 770px) 100vw, 770px\" \/><\/figure>\n<\/div>\n<\/div>\n\n\n\n<h3 class=\"wp-block-heading has-white-color has-light-green-cyan-background-color has-text-color has-background has-link-color has-medium-font-size wp-elements-54da664f3e7fd21aa5f5fe519dbcd13e\" style=\"line-height:1.6\"><strong>Un d\u00eda lleno de sonrisas e ilusi\u00f3n<\/strong><\/h3>\n\n\n\n<p class=\"wp-block-paragraph\" style=\"line-height:1.6\">La entrega de juguetes se convirti\u00f3 en un espacio de convivencia, alegr\u00eda y cercan\u00eda con las familias beneficiadas. M\u00e1s all\u00e1 de los obsequios, ni\u00f1as y ni\u00f1os compartieron momentos de emoci\u00f3n que permanecer\u00e1n en su memoria, record\u00e1ndonos que las acciones solidarias tambi\u00e9n fortalecen los lazos que unen a una comunidad.<\/p>\n\n\n\n<div class=\"wp-block-columns is-layout-flex wp-container-core-columns-is-layout-7387b849 wp-block-columns-is-layout-flex\">\n<div class=\"wp-block-column is-layout-flow wp-block-column-is-layout-flow\" style=\"flex-basis:50%\">\n<figure class=\"wp-block-image aligncenter size-large\"><img loading=\"lazy\" decoding=\"async\" width=\"478\" height=\"1024\" src=\"https:\/\/fundaciongrupoalerta.org\/blog\/wp-content\/uploads\/2026\/07\/WhatsApp-Image-2025-02-21-at-12.40.20-PM-478x1024.jpeg\" alt=\"\" class=\"wp-image-719\" srcset=\"https:\/\/fundaciongrupoalerta.org\/blog\/wp-content\/uploads\/2026\/07\/WhatsApp-Image-2025-02-21-at-12.40.20-PM-478x1024.jpeg 478w, https:\/\/fundaciongrupoalerta.org\/blog\/wp-content\/uploads\/2026\/07\/WhatsApp-Image-2025-02-21-at-12.40.20-PM-140x300.jpeg 140w, https:\/\/fundaciongrupoalerta.org\/blog\/wp-content\/uploads\/2026\/07\/WhatsApp-Image-2025-02-21-at-12.40.20-PM.jpeg 597w\" sizes=\"(max-width: 478px) 100vw, 478px\" \/><figcaption class=\"wp-element-caption\"><em><sub>Cada entrega fue un momento de alegr\u00eda compartida.<\/sub><\/em><\/figcaption><\/figure>\n<\/div>\n\n\n\n<div class=\"wp-block-column is-layout-flow wp-block-column-is-layout-flow\" style=\"flex-basis:50%\">\n<figure class=\"wp-block-image aligncenter size-large\"><img loading=\"lazy\" decoding=\"async\" width=\"478\" height=\"1024\" src=\"https:\/\/fundaciongrupoalerta.org\/blog\/wp-content\/uploads\/2026\/07\/WhatsApp-Image-2025-02-21-at-12.40.18-PM-478x1024.jpeg\" alt=\"\" class=\"wp-image-720\" srcset=\"https:\/\/fundaciongrupoalerta.org\/blog\/wp-content\/uploads\/2026\/07\/WhatsApp-Image-2025-02-21-at-12.40.18-PM-478x1024.jpeg 478w, https:\/\/fundaciongrupoalerta.org\/blog\/wp-content\/uploads\/2026\/07\/WhatsApp-Image-2025-02-21-at-12.40.18-PM-140x300.jpeg 140w, https:\/\/fundaciongrupoalerta.org\/blog\/wp-content\/uploads\/2026\/07\/WhatsApp-Image-2025-02-21-at-12.40.18-PM.jpeg 597w\" sizes=\"(max-width: 478px) 100vw, 478px\" \/><figcaption class=\"wp-element-caption\"><sub><em>La ilusi\u00f3n de la ni\u00f1ez dio sentido a cada esfuerzo.<\/em><\/sub><\/figcaption><\/figure>\n<\/div>\n<\/div>\n\n\n\n<figure class=\"wp-block-image aligncenter size-large\"><img loading=\"lazy\" decoding=\"async\" width=\"1024\" height=\"768\" src=\"https:\/\/fundaciongrupoalerta.org\/blog\/wp-content\/uploads\/2026\/07\/WhatsApp-Image-2025-02-21-at-12.38.23-PM-1024x768.jpeg\" alt=\"\" class=\"wp-image-724\" srcset=\"https:\/\/fundaciongrupoalerta.org\/blog\/wp-content\/uploads\/2026\/07\/WhatsApp-Image-2025-02-21-at-12.38.23-PM-1024x768.jpeg 1024w, https:\/\/fundaciongrupoalerta.org\/blog\/wp-content\/uploads\/2026\/07\/WhatsApp-Image-2025-02-21-at-12.38.23-PM-300x225.jpeg 300w, https:\/\/fundaciongrupoalerta.org\/blog\/wp-content\/uploads\/2026\/07\/WhatsApp-Image-2025-02-21-at-12.38.23-PM-768x576.jpeg 768w, https:\/\/fundaciongrupoalerta.org\/blog\/wp-content\/uploads\/2026\/07\/WhatsApp-Image-2025-02-21-at-12.38.23-PM.jpeg 1280w\" sizes=\"(max-width: 1024px) 100vw, 1024px\" \/><\/figure>\n\n\n\n<h3 class=\"wp-block-heading has-white-color has-pale-cyan-blue-background-color has-text-color has-background has-link-color has-medium-font-size wp-elements-5981ca7d7baf6832e84666621dfb9d00\" style=\"line-height:1.6\"><strong>Un compromiso que contin\u00faa<\/strong><\/h3>\n\n\n\n<p class=\"wp-block-paragraph\" style=\"line-height:1.6\">En Fundaci\u00f3n Grupo Alerta creemos que cada iniciativa social representa una oportunidad para inspirar a m\u00e1s personas a participar y construir un entorno m\u00e1s solidario. Regalo de Alegr\u00eda<strong> <\/strong>es un reflejo de que la colaboraci\u00f3n, la empat\u00eda y el compromiso compartido pueden transformar un peque\u00f1o gesto en una experiencia significativa para cientos de familias, reafirmando nuestro prop\u00f3sito de seguir impulsando acciones que generen un impacto positivo en la comunidad.<\/p>\n\n\n\n<figure class=\"wp-block-image aligncenter size-large\"><img loading=\"lazy\" decoding=\"async\" width=\"1024\" height=\"768\" src=\"https:\/\/fundaciongrupoalerta.org\/blog\/wp-content\/uploads\/2026\/07\/WhatsApp-Image-2025-02-21-at-12.38.24-PM-2-1024x768.jpeg\" alt=\"\" class=\"wp-image-728\" srcset=\"https:\/\/fundaciongrupoalerta.org\/blog\/wp-content\/uploads\/2026\/07\/WhatsApp-Image-2025-02-21-at-12.38.24-PM-2-1024x768.jpeg 1024w, https:\/\/fundaciongrupoalerta.org\/blog\/wp-content\/uploads\/2026\/07\/WhatsApp-Image-2025-02-21-at-12.38.24-PM-2-300x225.jpeg 300w, https:\/\/fundaciongrupoalerta.org\/blog\/wp-content\/uploads\/2026\/07\/WhatsApp-Image-2025-02-21-at-12.38.24-PM-2-768x576.jpeg 768w, https:\/\/fundaciongrupoalerta.org\/blog\/wp-content\/uploads\/2026\/07\/WhatsApp-Image-2025-02-21-at-12.38.24-PM-2.jpeg 1280w\" sizes=\"(max-width: 1024px) 100vw, 1024px\" \/><\/figure>\n","protected":false},"excerpt":{"rendered":"<p>Gracias al compromiso de colaboradores, voluntarios, Club Mazatruks y personas que se sumaron con sus donativos, m\u00e1s de mil ni\u00f1as y ni\u00f1os de Mazatl\u00e1n recibieron un juguete durante la edici\u00f3n 2025 de Regalo de Alegr\u00eda. M\u00e1s que un juguete, un momento para recordar La edici\u00f3n 2025 de Regalo de Alegr\u00eda super\u00f3 la meta establecida, llevando [&hellip;]<\/p>\n","protected":false},"author":4,"featured_media":676,"comment_status":"open","ping_status":"open","sticky":false,"template":"","format":"standard","meta":{"footnotes":""},"categories":[17,15],"tags":[],"class_list":["post-655","post","type-post","status-publish","format-standard","has-post-thumbnail","hentry","category-comunidad","category-voluntariado"],"_links":{"self":[{"href":"https:\/\/fundaciongrupoalerta.org\/blog\/wp-json\/wp\/v2\/posts\/655","targetHints":{"allow":["GET"]}}],"collection":[{"href":"https:\/\/fundaciongrupoalerta.org\/blog\/wp-json\/wp\/v2\/posts"}],"about":[{"href":"https:\/\/fundaciongrupoalerta.org\/blog\/wp-json\/wp\/v2\/types\/post"}],"author":[{"embeddable":true,"href":"https:\/\/fundaciongrupoalerta.org\/blog\/wp-json\/wp\/v2\/users\/4"}],"replies":[{"embeddable":true,"href":"https:\/\/fundaciongrupoalerta.org\/blog\/wp-json\/wp\/v2\/comments?post=655"}],"version-history":[{"count":17,"href":"https:\/\/fundaciongrupoalerta.org\/blog\/wp-json\/wp\/v2\/posts\/655\/revisions"}],"predecessor-version":[{"id":1339,"href":"https:\/\/fundaciongrupoalerta.org\/blog\/wp-json\/wp\/v2\/posts\/655\/revisions\/1339"}],"wp:featuredmedia":[{"embeddable":true,"href":"https:\/\/fundaciongrupoalerta.org\/blog\/wp-json\/wp\/v2\/media\/676"}],"wp:attachment":[{"href":"https:\/\/fundaciongrupoalerta.org\/blog\/wp-json\/wp\/v2\/media?parent=655"}],"wp:term":[{"taxonomy":"category","embeddable":true,"href":"https:\/\/fundaciongrupoalerta.org\/blog\/wp-json\/wp\/v2\/categories?post=655"},{"taxonomy":"post_tag","embeddable":true,"href":"https:\/\/fundaciongrupoalerta.org\/blog\/wp-json\/wp\/v2\/tags?post=655"}],"curies":[{"name":"wp","href":"https:\/\/api.w.org\/{rel}","templated":true}]}}