{"id":659,"date":"2024-12-17T19:06:00","date_gmt":"2024-12-17T19:06:00","guid":{"rendered":"https:\/\/fundaciongrupoalerta.org\/blog\/?p=659"},"modified":"2026-07-31T23:05:13","modified_gmt":"2026-07-31T23:05:13","slug":"fundacion-grupo-alerta-se-suma-a-teleton-2024","status":"publish","type":"post","link":"https:\/\/fundaciongrupoalerta.org\/blog\/fundacion-grupo-alerta-se-suma-a-teleton-2024\/","title":{"rendered":"FUNDACI\u00d3N GRUPO ALERTA SE SUMA A TELET\u00d3N 2024"},"content":{"rendered":"\t\t<div data-elementor-type=\"wp-post\" data-elementor-id=\"659\" class=\"elementor elementor-659\" data-elementor-post-type=\"post\">\n\t\t\t\t<div class=\"elementor-element elementor-element-5f886cb0 e-flex e-con-boxed e-con e-parent\" data-id=\"5f886cb0\" data-element_type=\"container\" data-e-type=\"container\">\n\t\t\t\t\t<div class=\"e-con-inner\">\n\t\t\t\t<div class=\"elementor-element elementor-element-62910c9a elementor-widget elementor-widget-text-editor\" data-id=\"62910c9a\" data-element_type=\"widget\" data-e-type=\"widget\" data-widget_type=\"text-editor.default\">\n\t\t\t\t\t\t\t\t\t\n<p class=\"wp-block-paragraph\">\u00a0<\/p>\n\n<figure class=\"wp-block-image aligncenter size-large is-resized\"><img fetchpriority=\"high\" decoding=\"async\" width=\"1024\" height=\"1024\" class=\"wp-image-660\" style=\"width: 543px; height: auto;\" src=\"https:\/\/fundaciongrupoalerta.org\/blog\/wp-content\/uploads\/2026\/07\/RECAUDACION-TELETON-2024-2-1-1024x1024.jpg\" alt=\"\" srcset=\"https:\/\/fundaciongrupoalerta.org\/blog\/wp-content\/uploads\/2026\/07\/RECAUDACION-TELETON-2024-2-1-1024x1024.jpg 1024w, https:\/\/fundaciongrupoalerta.org\/blog\/wp-content\/uploads\/2026\/07\/RECAUDACION-TELETON-2024-2-1-300x300.jpg 300w, https:\/\/fundaciongrupoalerta.org\/blog\/wp-content\/uploads\/2026\/07\/RECAUDACION-TELETON-2024-2-1-150x150.jpg 150w, https:\/\/fundaciongrupoalerta.org\/blog\/wp-content\/uploads\/2026\/07\/RECAUDACION-TELETON-2024-2-1-768x768.jpg 768w, https:\/\/fundaciongrupoalerta.org\/blog\/wp-content\/uploads\/2026\/07\/RECAUDACION-TELETON-2024-2-1.jpg 1080w\" sizes=\"(max-width: 1024px) 100vw, 1024px\" \/><\/figure>\n\n<p class=\"wp-block-paragraph\" style=\"line-height: 1.6;\">En un emotivo acto de solidaridad y compromiso social,\u00a0<strong>Grupo Alerta<\/strong>,\u00a0<strong>Fundaci\u00f3n Grupo Alerta y sus colaboradores<\/strong>\u00a0demostraron una vez m\u00e1s el gran coraz\u00f3n que caracteriza a la empresa, logrando recaudar y donar la significativa cantidad de\u00a0<strong>m\u00e1s de 600,000 pesos<\/strong>\u00a0a la noble causa del\u00a0<strong>Telet\u00f3n<\/strong>.<\/p>\n\n<p class=\"wp-block-paragraph\" style=\"line-height: 1.6;\">Con acciones como esta, reafirmamos nuestra responsabilidad social y su firme convicci\u00f3n de seguir apoyando las causas que construyen un M\u00e9xico m\u00e1s incluyente, emp\u00e1tico y lleno de oportunidades para todos. \u00a1Gracias a cada colaborador por hacer esto posible!<\/p>\n\n<p class=\"wp-block-paragraph\">\u00a0<\/p>\n\t\t\t\t\t\t\t\t<\/div>\n\t\t\t\t\t<\/div>\n\t\t\t\t<\/div>\n\t\t<div class=\"elementor-element elementor-element-c17e1e2 e-flex e-con-boxed e-con e-parent\" data-id=\"c17e1e2\" data-element_type=\"container\" data-e-type=\"container\">\n\t\t\t\t\t<div class=\"e-con-inner\">\n\t\t\t\t<div class=\"elementor-element elementor-element-07bc5de elementor-widget elementor-widget-facebook-embed\" data-id=\"07bc5de\" data-element_type=\"widget\" data-e-type=\"widget\" data-widget_type=\"facebook-embed.default\">\n\t\t\t\t\t<div style=\"min-height: 1px\" class=\"elementor-facebook-widget fb-video\" data-href=\"https:\/\/www.facebook.com\/reel\/563105056564026\" data-show-text=\"false\" data-allowfullscreen=\"false\" data-autoplay=\"false\" data-show-captions=\"false\"><\/div>\t\t\t\t<\/div>\n\t\t\t\t\t<\/div>\n\t\t\t\t<\/div>\n\t\t\t\t<\/div>\n\t\t","protected":false},"excerpt":{"rendered":"<p>Unidos transformamos vidas: Grupo Alerta y colaboradores donan m\u00e1s de 600,000 pesos al Telet\u00f3n 2024<\/p>\n","protected":false},"author":4,"featured_media":660,"comment_status":"open","ping_status":"open","sticky":false,"template":"","format":"standard","meta":{"footnotes":""},"categories":[16],"tags":[],"class_list":["post-659","post","type-post","status-publish","format-standard","has-post-thumbnail","hentry","category-donatarias"],"_links":{"self":[{"href":"https:\/\/fundaciongrupoalerta.org\/blog\/wp-json\/wp\/v2\/posts\/659","targetHints":{"allow":["GET"]}}],"collection":[{"href":"https:\/\/fundaciongrupoalerta.org\/blog\/wp-json\/wp\/v2\/posts"}],"about":[{"href":"https:\/\/fundaciongrupoalerta.org\/blog\/wp-json\/wp\/v2\/types\/post"}],"author":[{"embeddable":true,"href":"https:\/\/fundaciongrupoalerta.org\/blog\/wp-json\/wp\/v2\/users\/4"}],"replies":[{"embeddable":true,"href":"https:\/\/fundaciongrupoalerta.org\/blog\/wp-json\/wp\/v2\/comments?post=659"}],"version-history":[{"count":8,"href":"https:\/\/fundaciongrupoalerta.org\/blog\/wp-json\/wp\/v2\/posts\/659\/revisions"}],"predecessor-version":[{"id":1427,"href":"https:\/\/fundaciongrupoalerta.org\/blog\/wp-json\/wp\/v2\/posts\/659\/revisions\/1427"}],"wp:featuredmedia":[{"embeddable":true,"href":"https:\/\/fundaciongrupoalerta.org\/blog\/wp-json\/wp\/v2\/media\/660"}],"wp:attachment":[{"href":"https:\/\/fundaciongrupoalerta.org\/blog\/wp-json\/wp\/v2\/media?parent=659"}],"wp:term":[{"taxonomy":"category","embeddable":true,"href":"https:\/\/fundaciongrupoalerta.org\/blog\/wp-json\/wp\/v2\/categories?post=659"},{"taxonomy":"post_tag","embeddable":true,"href":"https:\/\/fundaciongrupoalerta.org\/blog\/wp-json\/wp\/v2\/tags?post=659"}],"curies":[{"name":"wp","href":"https:\/\/api.w.org\/{rel}","templated":true}]}}