{"id":669,"date":"2025-03-20T19:33:00","date_gmt":"2025-03-20T19:33:00","guid":{"rendered":"https:\/\/fundaciongrupoalerta.org\/blog\/?p=669"},"modified":"2026-07-20T19:49:47","modified_gmt":"2026-07-20T19:49:47","slug":"arranque-de-colecta-cruz-roja-mazatlan-2025","status":"publish","type":"post","link":"https:\/\/fundaciongrupoalerta.org\/blog\/arranque-de-colecta-cruz-roja-mazatlan-2025\/","title":{"rendered":"ARRANQUE DE COLECTA CRUZ ROJA MAZATL\u00c1N 2025"},"content":{"rendered":"\n<figure class=\"wp-block-image size-full\"><img fetchpriority=\"high\" decoding=\"async\" width=\"982\" height=\"535\" src=\"https:\/\/fundaciongrupoalerta.org\/blog\/wp-content\/uploads\/2026\/07\/Donativo-Cruz-Roja-MARZO-2025.jpg\" alt=\"\" class=\"wp-image-679\" srcset=\"https:\/\/fundaciongrupoalerta.org\/blog\/wp-content\/uploads\/2026\/07\/Donativo-Cruz-Roja-MARZO-2025.jpg 982w, https:\/\/fundaciongrupoalerta.org\/blog\/wp-content\/uploads\/2026\/07\/Donativo-Cruz-Roja-MARZO-2025-300x163.jpg 300w, https:\/\/fundaciongrupoalerta.org\/blog\/wp-content\/uploads\/2026\/07\/Donativo-Cruz-Roja-MARZO-2025-768x418.jpg 768w\" sizes=\"(max-width: 982px) 100vw, 982px\" \/><\/figure>\n\n\n\n<p class=\"wp-block-paragraph\" style=\"line-height:1.6\">En <strong>Fundaci\u00f3n Grupo Alerta<\/strong> estamos profundamente convencidos de que apoyar a quienes est\u00e1n siempre listos para protegernos es una responsabilidad de todos. Por ello, con mucho orgullo y entusiasmo, nos sumamos un a\u00f1o m\u00e1s a la <strong>Colecta Anual de Cruz Roja Mexicana Delegaci\u00f3n Mazatl\u00e1n<\/strong>.<\/p>\n\n\n\n<figure class=\"wp-block-image size-large\"><img decoding=\"async\" width=\"1024\" height=\"768\" src=\"https:\/\/fundaciongrupoalerta.org\/blog\/wp-content\/uploads\/2026\/07\/IMG_1821-1-1024x768.jpg\" alt=\"\" class=\"wp-image-682\" srcset=\"https:\/\/fundaciongrupoalerta.org\/blog\/wp-content\/uploads\/2026\/07\/IMG_1821-1-1024x768.jpg 1024w, https:\/\/fundaciongrupoalerta.org\/blog\/wp-content\/uploads\/2026\/07\/IMG_1821-1-300x225.jpg 300w, https:\/\/fundaciongrupoalerta.org\/blog\/wp-content\/uploads\/2026\/07\/IMG_1821-1-768x576.jpg 768w, https:\/\/fundaciongrupoalerta.org\/blog\/wp-content\/uploads\/2026\/07\/IMG_1821-1-1536x1152.jpg 1536w, https:\/\/fundaciongrupoalerta.org\/blog\/wp-content\/uploads\/2026\/07\/IMG_1821-1-2048x1536.jpg 2048w\" sizes=\"(max-width: 1024px) 100vw, 1024px\" \/><\/figure>\n\n\n\n<p class=\"wp-block-paragraph\" style=\"line-height:1.6\">Como parte de este compromiso constante con el bienestar de la comunidad, este <strong>2025<\/strong> vivimos un momento muy especial: nuestro presidente del Consejo de Administraci\u00f3n de Grupo Alerta, el <strong>Ing. Rodolfo Madero<\/strong>, fue distinguido como <strong>&#8220;Donante Distinguido&#8221;<\/strong>. Este importante reconocimiento es un reflejo de su liderazgo solidario y del compromiso permanente que la empresa mantiene con instituciones clave para la seguridad y salud de las familias mazatlecas.<\/p>\n\n\n\n<figure class=\"wp-block-image size-large\"><img decoding=\"async\" width=\"1024\" height=\"768\" src=\"https:\/\/fundaciongrupoalerta.org\/blog\/wp-content\/uploads\/2026\/07\/IMG_1812-1024x768.jpg\" alt=\"\" class=\"wp-image-683\" srcset=\"https:\/\/fundaciongrupoalerta.org\/blog\/wp-content\/uploads\/2026\/07\/IMG_1812-1024x768.jpg 1024w, https:\/\/fundaciongrupoalerta.org\/blog\/wp-content\/uploads\/2026\/07\/IMG_1812-300x225.jpg 300w, https:\/\/fundaciongrupoalerta.org\/blog\/wp-content\/uploads\/2026\/07\/IMG_1812-768x576.jpg 768w, https:\/\/fundaciongrupoalerta.org\/blog\/wp-content\/uploads\/2026\/07\/IMG_1812-1536x1152.jpg 1536w, https:\/\/fundaciongrupoalerta.org\/blog\/wp-content\/uploads\/2026\/07\/IMG_1812-2048x1536.jpg 2048w\" sizes=\"(max-width: 1024px) 100vw, 1024px\" \/><\/figure>\n\n\n\n<p class=\"wp-block-paragraph\" style=\"line-height:1.6\">En Fundaci\u00f3n Grupo Alerta reiteramos nuestro agradecimiento a la Cruz Roja por su incansable labor y refrendamos nuestro compromiso de seguir sumando voluntades por el bienestar de Mazatl\u00e1n. <\/p>\n\n\n\n<p class=\"wp-block-paragraph\"><\/p>\n","protected":false},"excerpt":{"rendered":"<p>Comprometidos con quienes salvan vidas. Fundaci\u00f3n Grupo Alerta se suma a la Colecta Anual Cruz Roja Mazatl\u00e1n 2025.<\/p>\n","protected":false},"author":4,"featured_media":682,"comment_status":"open","ping_status":"open","sticky":false,"template":"","format":"standard","meta":{"footnotes":""},"categories":[16],"tags":[],"class_list":["post-669","post","type-post","status-publish","format-standard","has-post-thumbnail","hentry","category-donatarias"],"_links":{"self":[{"href":"https:\/\/fundaciongrupoalerta.org\/blog\/wp-json\/wp\/v2\/posts\/669","targetHints":{"allow":["GET"]}}],"collection":[{"href":"https:\/\/fundaciongrupoalerta.org\/blog\/wp-json\/wp\/v2\/posts"}],"about":[{"href":"https:\/\/fundaciongrupoalerta.org\/blog\/wp-json\/wp\/v2\/types\/post"}],"author":[{"embeddable":true,"href":"https:\/\/fundaciongrupoalerta.org\/blog\/wp-json\/wp\/v2\/users\/4"}],"replies":[{"embeddable":true,"href":"https:\/\/fundaciongrupoalerta.org\/blog\/wp-json\/wp\/v2\/comments?post=669"}],"version-history":[{"count":1,"href":"https:\/\/fundaciongrupoalerta.org\/blog\/wp-json\/wp\/v2\/posts\/669\/revisions"}],"predecessor-version":[{"id":686,"href":"https:\/\/fundaciongrupoalerta.org\/blog\/wp-json\/wp\/v2\/posts\/669\/revisions\/686"}],"wp:featuredmedia":[{"embeddable":true,"href":"https:\/\/fundaciongrupoalerta.org\/blog\/wp-json\/wp\/v2\/media\/682"}],"wp:attachment":[{"href":"https:\/\/fundaciongrupoalerta.org\/blog\/wp-json\/wp\/v2\/media?parent=669"}],"wp:term":[{"taxonomy":"category","embeddable":true,"href":"https:\/\/fundaciongrupoalerta.org\/blog\/wp-json\/wp\/v2\/categories?post=669"},{"taxonomy":"post_tag","embeddable":true,"href":"https:\/\/fundaciongrupoalerta.org\/blog\/wp-json\/wp\/v2\/tags?post=669"}],"curies":[{"name":"wp","href":"https:\/\/api.w.org\/{rel}","templated":true}]}}