{"id":687,"date":"2025-03-12T20:20:26","date_gmt":"2025-03-12T20:20:26","guid":{"rendered":"https:\/\/fundaciongrupoalerta.org\/blog\/?p=687"},"modified":"2026-07-31T23:07:26","modified_gmt":"2026-07-31T23:07:26","slug":"apoyo-a-casa-valentina-marzo-2025","status":"publish","type":"post","link":"https:\/\/fundaciongrupoalerta.org\/blog\/apoyo-a-casa-valentina-marzo-2025\/","title":{"rendered":"APOYO A CASA VALENTINA MARZO 2025"},"content":{"rendered":"\n<p class=\"wp-block-paragraph\"><\/p>\n\n\n\n<p class=\"wp-block-paragraph\" style=\"line-height:1.6\">En <strong>Fundaci\u00f3n Grupo Alerta<\/strong> estamos convencidos de que peque\u00f1as acciones cotidianas pueden transformarse en una enorme fuente de esperanza. Con gran alegr\u00eda, hoy compartimos el resultado de un esfuerzo continuo que demuestra que, cuando nos unimos, podemos lograr grandes cosas: \u00a1hemos logrado recolectar un total de <strong>tres toneladas de tapitas de pl\u00e1stico<\/strong>!<\/p>\n\n\n\n<figure class=\"wp-block-image aligncenter size-large is-resized\"><img fetchpriority=\"high\" decoding=\"async\" width=\"1024\" height=\"768\" src=\"https:\/\/fundaciongrupoalerta.org\/blog\/wp-content\/uploads\/2026\/07\/WhatsApp-Image-2025-03-21-at-2.36.21-PM-1-2-1024x768.jpeg\" alt=\"\" class=\"wp-image-703\" style=\"width:612px;height:auto\" srcset=\"https:\/\/fundaciongrupoalerta.org\/blog\/wp-content\/uploads\/2026\/07\/WhatsApp-Image-2025-03-21-at-2.36.21-PM-1-2-1024x768.jpeg 1024w, https:\/\/fundaciongrupoalerta.org\/blog\/wp-content\/uploads\/2026\/07\/WhatsApp-Image-2025-03-21-at-2.36.21-PM-1-2-300x225.jpeg 300w, https:\/\/fundaciongrupoalerta.org\/blog\/wp-content\/uploads\/2026\/07\/WhatsApp-Image-2025-03-21-at-2.36.21-PM-1-2-768x576.jpeg 768w, https:\/\/fundaciongrupoalerta.org\/blog\/wp-content\/uploads\/2026\/07\/WhatsApp-Image-2025-03-21-at-2.36.21-PM-1-2-1536x1152.jpeg 1536w, https:\/\/fundaciongrupoalerta.org\/blog\/wp-content\/uploads\/2026\/07\/WhatsApp-Image-2025-03-21-at-2.36.21-PM-1-2.jpeg 1600w\" sizes=\"(max-width: 1024px) 100vw, 1024px\" \/><\/figure>\n\n\n\n<p class=\"wp-block-paragraph\" style=\"line-height:1.6\">Este importante donativo, entregado a <strong>Casa Valentina<\/strong>, forma parte de nuestra campa\u00f1a permanente de recolecci\u00f3n. Gracias a la participaci\u00f3n activa y solidaria de nuestra comunidad y colaboradores, cada tapita recolectada se convierte directamente en recursos econ\u00f3micos y apoyos integrales destinados a los ni\u00f1os y j\u00f3venes que luchan valientemente contra el c\u00e1ncer.<\/p>\n\n\n\n<div class=\"wp-block-columns is-layout-flex wp-container-core-columns-is-layout-7387b849 wp-block-columns-is-layout-flex\">\n<div class=\"wp-block-column is-vertically-aligned-center is-layout-flow wp-block-column-is-layout-flow\" style=\"flex-basis:50%\">\n<figure class=\"wp-block-image aligncenter size-large\"><img decoding=\"async\" width=\"1200\" height=\"1200\" src=\"https:\/\/fundaciongrupoalerta.org\/blog\/wp-content\/uploads\/2026\/07\/WhatsApp-Image-2025-03-21-at-2.36.22-PM-1-2-edited.jpeg\" alt=\"\" class=\"wp-image-705\" srcset=\"https:\/\/fundaciongrupoalerta.org\/blog\/wp-content\/uploads\/2026\/07\/WhatsApp-Image-2025-03-21-at-2.36.22-PM-1-2-edited.jpeg 1200w, https:\/\/fundaciongrupoalerta.org\/blog\/wp-content\/uploads\/2026\/07\/WhatsApp-Image-2025-03-21-at-2.36.22-PM-1-2-edited-300x300.jpeg 300w, https:\/\/fundaciongrupoalerta.org\/blog\/wp-content\/uploads\/2026\/07\/WhatsApp-Image-2025-03-21-at-2.36.22-PM-1-2-edited-1024x1024.jpeg 1024w, https:\/\/fundaciongrupoalerta.org\/blog\/wp-content\/uploads\/2026\/07\/WhatsApp-Image-2025-03-21-at-2.36.22-PM-1-2-edited-150x150.jpeg 150w, https:\/\/fundaciongrupoalerta.org\/blog\/wp-content\/uploads\/2026\/07\/WhatsApp-Image-2025-03-21-at-2.36.22-PM-1-2-edited-768x768.jpeg 768w\" sizes=\"(max-width: 1200px) 100vw, 1200px\" \/><\/figure>\n<\/div>\n\n\n\n<div class=\"wp-block-column is-layout-flow wp-block-column-is-layout-flow\" style=\"flex-basis:50%\">\n<figure class=\"wp-block-image aligncenter size-large is-resized\"><img decoding=\"async\" width=\"591\" height=\"788\" src=\"https:\/\/fundaciongrupoalerta.org\/blog\/wp-content\/uploads\/2026\/07\/WhatsApp-Image-2026-07-20-at-1.34.28-PM-edited.jpeg\" alt=\"\" class=\"wp-image-926\" style=\"width:449px;height:auto\" srcset=\"https:\/\/fundaciongrupoalerta.org\/blog\/wp-content\/uploads\/2026\/07\/WhatsApp-Image-2026-07-20-at-1.34.28-PM-edited.jpeg 591w, https:\/\/fundaciongrupoalerta.org\/blog\/wp-content\/uploads\/2026\/07\/WhatsApp-Image-2026-07-20-at-1.34.28-PM-edited-225x300.jpeg 225w\" sizes=\"(max-width: 591px) 100vw, 591px\" \/><\/figure>\n<\/div>\n<\/div>\n\n\n\n<p class=\"wp-block-paragraph\">&nbsp;<\/p>\n\n\n\n<p class=\"wp-block-paragraph\"><\/p>\n","protected":false},"excerpt":{"rendered":"<p>Esperanza que se acumula: Suman tres toneladas de tapitas de pl\u00e1stico en apoyo a Casa Valentina<\/p>\n","protected":false},"author":4,"featured_media":703,"comment_status":"open","ping_status":"open","sticky":false,"template":"","format":"standard","meta":{"footnotes":""},"categories":[16],"tags":[],"class_list":["post-687","post","type-post","status-publish","format-standard","has-post-thumbnail","hentry","category-donatarias"],"_links":{"self":[{"href":"https:\/\/fundaciongrupoalerta.org\/blog\/wp-json\/wp\/v2\/posts\/687","targetHints":{"allow":["GET"]}}],"collection":[{"href":"https:\/\/fundaciongrupoalerta.org\/blog\/wp-json\/wp\/v2\/posts"}],"about":[{"href":"https:\/\/fundaciongrupoalerta.org\/blog\/wp-json\/wp\/v2\/types\/post"}],"author":[{"embeddable":true,"href":"https:\/\/fundaciongrupoalerta.org\/blog\/wp-json\/wp\/v2\/users\/4"}],"replies":[{"embeddable":true,"href":"https:\/\/fundaciongrupoalerta.org\/blog\/wp-json\/wp\/v2\/comments?post=687"}],"version-history":[{"count":16,"href":"https:\/\/fundaciongrupoalerta.org\/blog\/wp-json\/wp\/v2\/posts\/687\/revisions"}],"predecessor-version":[{"id":927,"href":"https:\/\/fundaciongrupoalerta.org\/blog\/wp-json\/wp\/v2\/posts\/687\/revisions\/927"}],"wp:featuredmedia":[{"embeddable":true,"href":"https:\/\/fundaciongrupoalerta.org\/blog\/wp-json\/wp\/v2\/media\/703"}],"wp:attachment":[{"href":"https:\/\/fundaciongrupoalerta.org\/blog\/wp-json\/wp\/v2\/media?parent=687"}],"wp:term":[{"taxonomy":"category","embeddable":true,"href":"https:\/\/fundaciongrupoalerta.org\/blog\/wp-json\/wp\/v2\/categories?post=687"},{"taxonomy":"post_tag","embeddable":true,"href":"https:\/\/fundaciongrupoalerta.org\/blog\/wp-json\/wp\/v2\/tags?post=687"}],"curies":[{"name":"wp","href":"https:\/\/api.w.org\/{rel}","templated":true}]}}