{"id":726,"date":"2025-03-19T20:25:00","date_gmt":"2025-03-19T20:25:00","guid":{"rendered":"https:\/\/fundaciongrupoalerta.org\/blog\/?p=726"},"modified":"2026-07-31T23:08:13","modified_gmt":"2026-07-31T23:08:13","slug":"donativo-de-pintura-home-depot","status":"publish","type":"post","link":"https:\/\/fundaciongrupoalerta.org\/blog\/donativo-de-pintura-home-depot\/","title":{"rendered":"DONATIVO DE PINTURA POR PARTE DE HOME DEPOT"},"content":{"rendered":"\n<figure class=\"wp-block-image aligncenter size-full\"><img fetchpriority=\"high\" decoding=\"async\" width=\"706\" height=\"444\" src=\"https:\/\/fundaciongrupoalerta.org\/blog\/wp-content\/uploads\/2026\/07\/WhatsApp-Image-2026-07-20-at-2.14.07-PM.jpeg\" alt=\"\" class=\"wp-image-762\" srcset=\"https:\/\/fundaciongrupoalerta.org\/blog\/wp-content\/uploads\/2026\/07\/WhatsApp-Image-2026-07-20-at-2.14.07-PM.jpeg 706w, https:\/\/fundaciongrupoalerta.org\/blog\/wp-content\/uploads\/2026\/07\/WhatsApp-Image-2026-07-20-at-2.14.07-PM-300x189.jpeg 300w\" sizes=\"(max-width: 706px) 100vw, 706px\" \/><\/figure>\n\n\n\n<p class=\"wp-block-paragraph\" style=\"line-height:1.6\">Gracias a la generosidad y el compromiso social de <strong>The Home Depot<\/strong>, la fundaci\u00f3n recibi\u00f3 un importante donativo de <strong>2,200 litros de pintura<\/strong>, un recurso invaluable que ser\u00e1 destinado directamente a mejorar las instalaciones de escuelas, centros comunitarios y \u00e1reas p\u00fablicas que m\u00e1s lo necesitan.<\/p>\n\n\n\n<figure class=\"wp-block-image aligncenter size-full is-resized\"><img decoding=\"async\" width=\"1200\" height=\"1600\" src=\"https:\/\/fundaciongrupoalerta.org\/blog\/wp-content\/uploads\/2026\/07\/WhatsApp-Image-2026-07-20-at-2.06.19-PM-1-1.jpeg\" alt=\"\" class=\"wp-image-770\" style=\"aspect-ratio:0.7500073242902763;width:510px;height:auto\" srcset=\"https:\/\/fundaciongrupoalerta.org\/blog\/wp-content\/uploads\/2026\/07\/WhatsApp-Image-2026-07-20-at-2.06.19-PM-1-1.jpeg 1200w, https:\/\/fundaciongrupoalerta.org\/blog\/wp-content\/uploads\/2026\/07\/WhatsApp-Image-2026-07-20-at-2.06.19-PM-1-1-225x300.jpeg 225w, https:\/\/fundaciongrupoalerta.org\/blog\/wp-content\/uploads\/2026\/07\/WhatsApp-Image-2026-07-20-at-2.06.19-PM-1-1-768x1024.jpeg 768w, https:\/\/fundaciongrupoalerta.org\/blog\/wp-content\/uploads\/2026\/07\/WhatsApp-Image-2026-07-20-at-2.06.19-PM-1-1-1152x1536.jpeg 1152w\" sizes=\"(max-width: 1200px) 100vw, 1200px\" \/><\/figure>\n\n\n\n<p class=\"wp-block-paragraph\" style=\"line-height:1.6\">Con acciones como esta, en Fundaci\u00f3n Grupo Alerta reafirmamos nuestro compromiso de seguir trabajando de la mano de aliados estrat\u00e9gicos para construir espacios m\u00e1s seguros, coloridos y llenos de vida para todos. \u00a1Porque juntos pintamos un mejor futuro!<\/p>\n\n\n\n<p class=\"wp-block-paragraph\"><\/p>\n","protected":false},"excerpt":{"rendered":"<p>Recibimos 2,200 litros de pintura de parte de Home Depot para embellecer a las comunidades escolares m\u00e1s vulnerables. <\/p>\n","protected":false},"author":4,"featured_media":762,"comment_status":"open","ping_status":"open","sticky":false,"template":"","format":"standard","meta":{"footnotes":""},"categories":[16],"tags":[],"class_list":["post-726","post","type-post","status-publish","format-standard","has-post-thumbnail","hentry","category-donatarias"],"_links":{"self":[{"href":"https:\/\/fundaciongrupoalerta.org\/blog\/wp-json\/wp\/v2\/posts\/726","targetHints":{"allow":["GET"]}}],"collection":[{"href":"https:\/\/fundaciongrupoalerta.org\/blog\/wp-json\/wp\/v2\/posts"}],"about":[{"href":"https:\/\/fundaciongrupoalerta.org\/blog\/wp-json\/wp\/v2\/types\/post"}],"author":[{"embeddable":true,"href":"https:\/\/fundaciongrupoalerta.org\/blog\/wp-json\/wp\/v2\/users\/4"}],"replies":[{"embeddable":true,"href":"https:\/\/fundaciongrupoalerta.org\/blog\/wp-json\/wp\/v2\/comments?post=726"}],"version-history":[{"count":2,"href":"https:\/\/fundaciongrupoalerta.org\/blog\/wp-json\/wp\/v2\/posts\/726\/revisions"}],"predecessor-version":[{"id":774,"href":"https:\/\/fundaciongrupoalerta.org\/blog\/wp-json\/wp\/v2\/posts\/726\/revisions\/774"}],"wp:featuredmedia":[{"embeddable":true,"href":"https:\/\/fundaciongrupoalerta.org\/blog\/wp-json\/wp\/v2\/media\/762"}],"wp:attachment":[{"href":"https:\/\/fundaciongrupoalerta.org\/blog\/wp-json\/wp\/v2\/media?parent=726"}],"wp:term":[{"taxonomy":"category","embeddable":true,"href":"https:\/\/fundaciongrupoalerta.org\/blog\/wp-json\/wp\/v2\/categories?post=726"},{"taxonomy":"post_tag","embeddable":true,"href":"https:\/\/fundaciongrupoalerta.org\/blog\/wp-json\/wp\/v2\/tags?post=726"}],"curies":[{"name":"wp","href":"https:\/\/api.w.org\/{rel}","templated":true}]}}