{"id":733,"date":"2025-04-15T21:14:00","date_gmt":"2025-04-15T21:14:00","guid":{"rendered":"https:\/\/fundaciongrupoalerta.org\/blog\/?p=733"},"modified":"2026-07-23T18:47:24","modified_gmt":"2026-07-23T18:47:24","slug":"bigotes-de-leche-2025-cada-litro-cuenta","status":"publish","type":"post","link":"https:\/\/fundaciongrupoalerta.org\/blog\/bigotes-de-leche-2025-cada-litro-cuenta\/","title":{"rendered":"BIGOTES DE LECHE 2025: CADA LITRO CUENTA"},"content":{"rendered":"\n<h2 class=\"wp-block-heading has-text-align-center has-medium-font-size\" style=\"line-height:1.6\">La solidaridad de colaboradores y aliados hizo posible la donaci\u00f3n de 4,129 litros de leche al Banco de Alimentos de Mazatl\u00e1n, beneficiando a familias que m\u00e1s lo necesitan.<\/h2>\n\n\n\n<figure class=\"wp-block-image aligncenter size-large\"><img fetchpriority=\"high\" decoding=\"async\" width=\"768\" height=\"1024\" src=\"https:\/\/fundaciongrupoalerta.org\/blog\/wp-content\/uploads\/2026\/07\/WhatsApp-Image-2025-04-02-at-2.48.14-PM-768x1024.jpeg\" alt=\"\" class=\"wp-image-735\" style=\"aspect-ratio:4\/3;object-fit:cover;object-position:49% 42%\" srcset=\"https:\/\/fundaciongrupoalerta.org\/blog\/wp-content\/uploads\/2026\/07\/WhatsApp-Image-2025-04-02-at-2.48.14-PM-768x1024.jpeg 768w, https:\/\/fundaciongrupoalerta.org\/blog\/wp-content\/uploads\/2026\/07\/WhatsApp-Image-2025-04-02-at-2.48.14-PM-225x300.jpeg 225w, https:\/\/fundaciongrupoalerta.org\/blog\/wp-content\/uploads\/2026\/07\/WhatsApp-Image-2025-04-02-at-2.48.14-PM-1152x1536.jpeg 1152w, https:\/\/fundaciongrupoalerta.org\/blog\/wp-content\/uploads\/2026\/07\/WhatsApp-Image-2025-04-02-at-2.48.14-PM.jpeg 1200w\" sizes=\"(max-width: 768px) 100vw, 768px\" \/><\/figure>\n\n\n\n<p class=\"wp-block-paragraph\" style=\"line-height:1.6\">Fundaci\u00f3n Grupo Alerta se sum\u00f3 a la campa\u00f1a Bigotes de Leche 2025, impulsada por el Banco de Alimentos de Mazatl\u00e1n, logrando reunir 4,129 litros de leche gracias al compromiso de colaboradores y aliados solidarios. Esta aportaci\u00f3n contribuir\u00e1 a fortalecer la alimentaci\u00f3n de familias en situaci\u00f3n de vulnerabilidad, reafirmando que cada donaci\u00f3n puede generar un impacto significativo en la comunidad.<\/p>\n\n\n\n<figure class=\"wp-block-embed is-type-video is-provider-youtube wp-block-embed-youtube wp-embed-aspect-16-9 wp-has-aspect-ratio\"><div class=\"wp-block-embed__wrapper\">\n<iframe title=\"Bigotes De Leche 2025\" width=\"800\" height=\"450\" src=\"https:\/\/www.youtube.com\/embed\/HfoRlg4pmv4?feature=oembed\" frameborder=\"0\" allow=\"accelerometer; autoplay; clipboard-write; encrypted-media; gyroscope; picture-in-picture; web-share\" referrerpolicy=\"strict-origin-when-cross-origin\" allowfullscreen><\/iframe>\n<\/div><\/figure>\n\n\n\n<h3 class=\"wp-block-heading has-white-color has-vivid-red-background-color has-text-color has-background has-link-color has-medium-font-size wp-elements-453e402de26b26122fd1c79b7d799525\" style=\"line-height:1.6\"><strong>Un compromiso que comenz\u00f3 con nuestros colaboradores<\/strong><\/h3>\n\n\n\n<p class=\"wp-block-paragraph\" style=\"line-height:1.6\">El \u00e9xito de esta campa\u00f1a fue posible gracias a la participaci\u00f3n de las y los colaboradores de las empresas que integran Grupo Alerta, quienes respondieron con entusiasmo al llamado para apoyar esta causa. Su compromiso demuestra que la solidaridad tambi\u00e9n se construye desde el entorno laboral, donde cada aportaci\u00f3n individual se convierte en un beneficio colectivo.<\/p>\n\n\n\n<div class=\"wp-block-columns is-layout-flex wp-container-core-columns-is-layout-7387b849 wp-block-columns-is-layout-flex\">\n<div class=\"wp-block-column is-layout-flow wp-block-column-is-layout-flow\" style=\"flex-basis:50%\">\n<figure class=\"wp-block-image size-large\"><img decoding=\"async\" width=\"768\" height=\"1024\" src=\"https:\/\/fundaciongrupoalerta.org\/blog\/wp-content\/uploads\/2026\/07\/WhatsApp-Image-2025-04-02-at-3.35.02-PM-3-768x1024.jpeg\" alt=\"\" class=\"wp-image-757\" style=\"aspect-ratio:4\/3;object-fit:cover\" srcset=\"https:\/\/fundaciongrupoalerta.org\/blog\/wp-content\/uploads\/2026\/07\/WhatsApp-Image-2025-04-02-at-3.35.02-PM-3-768x1024.jpeg 768w, https:\/\/fundaciongrupoalerta.org\/blog\/wp-content\/uploads\/2026\/07\/WhatsApp-Image-2025-04-02-at-3.35.02-PM-3-225x300.jpeg 225w, https:\/\/fundaciongrupoalerta.org\/blog\/wp-content\/uploads\/2026\/07\/WhatsApp-Image-2025-04-02-at-3.35.02-PM-3-1152x1536.jpeg 1152w, https:\/\/fundaciongrupoalerta.org\/blog\/wp-content\/uploads\/2026\/07\/WhatsApp-Image-2025-04-02-at-3.35.02-PM-3.jpeg 1200w\" sizes=\"(max-width: 768px) 100vw, 768px\" \/><\/figure>\n<\/div>\n\n\n\n<div class=\"wp-block-column is-layout-flow wp-block-column-is-layout-flow\" style=\"flex-basis:50%\">\n<figure class=\"wp-block-image aligncenter size-large\"><img decoding=\"async\" width=\"576\" height=\"1024\" src=\"https:\/\/fundaciongrupoalerta.org\/blog\/wp-content\/uploads\/2026\/07\/WhatsApp-Image-2025-04-02-at-11.55.49-AM-576x1024.jpeg\" alt=\"\" class=\"wp-image-739\" style=\"aspect-ratio:4\/3;object-fit:cover\" srcset=\"https:\/\/fundaciongrupoalerta.org\/blog\/wp-content\/uploads\/2026\/07\/WhatsApp-Image-2025-04-02-at-11.55.49-AM-576x1024.jpeg 576w, https:\/\/fundaciongrupoalerta.org\/blog\/wp-content\/uploads\/2026\/07\/WhatsApp-Image-2025-04-02-at-11.55.49-AM-169x300.jpeg 169w, https:\/\/fundaciongrupoalerta.org\/blog\/wp-content\/uploads\/2026\/07\/WhatsApp-Image-2025-04-02-at-11.55.49-AM-768x1366.jpeg 768w, https:\/\/fundaciongrupoalerta.org\/blog\/wp-content\/uploads\/2026\/07\/WhatsApp-Image-2025-04-02-at-11.55.49-AM-864x1536.jpeg 864w, https:\/\/fundaciongrupoalerta.org\/blog\/wp-content\/uploads\/2026\/07\/WhatsApp-Image-2025-04-02-at-11.55.49-AM.jpeg 899w\" sizes=\"(max-width: 576px) 100vw, 576px\" \/><\/figure>\n<\/div>\n<\/div>\n\n\n\n<figure class=\"wp-block-image aligncenter size-large\"><img loading=\"lazy\" decoding=\"async\" width=\"1024\" height=\"576\" src=\"https:\/\/fundaciongrupoalerta.org\/blog\/wp-content\/uploads\/2026\/07\/WhatsApp-Image-2025-04-02-at-11.55.50-AM-1024x576.jpeg\" alt=\"\" class=\"wp-image-740\" srcset=\"https:\/\/fundaciongrupoalerta.org\/blog\/wp-content\/uploads\/2026\/07\/WhatsApp-Image-2025-04-02-at-11.55.50-AM-1024x576.jpeg 1024w, https:\/\/fundaciongrupoalerta.org\/blog\/wp-content\/uploads\/2026\/07\/WhatsApp-Image-2025-04-02-at-11.55.50-AM-300x169.jpeg 300w, https:\/\/fundaciongrupoalerta.org\/blog\/wp-content\/uploads\/2026\/07\/WhatsApp-Image-2025-04-02-at-11.55.50-AM-768x432.jpeg 768w, https:\/\/fundaciongrupoalerta.org\/blog\/wp-content\/uploads\/2026\/07\/WhatsApp-Image-2025-04-02-at-11.55.50-AM-1536x864.jpeg 1536w, https:\/\/fundaciongrupoalerta.org\/blog\/wp-content\/uploads\/2026\/07\/WhatsApp-Image-2025-04-02-at-11.55.50-AM.jpeg 1600w\" sizes=\"(max-width: 1024px) 100vw, 1024px\" \/><\/figure>\n\n\n\n<h3 class=\"wp-block-heading has-white-color has-luminous-vivid-orange-background-color has-text-color has-background has-link-color has-medium-font-size wp-elements-0cf0dcf0e599b7d472915199c6987afe\"><strong>Aliados que comparten el mismo prop\u00f3sito<\/strong><\/h3>\n\n\n\n<div class=\"wp-block-group is-content-justification-center is-nowrap is-layout-flex wp-container-core-group-is-layout-f56f9fcf wp-block-group-is-layout-flex\">\n<p class=\"wp-block-paragraph\" style=\"line-height:1.6\">A esta iniciativa tambi\u00e9n se sumaron empresas aliadas que, con su apoyo, fortalecieron el alcance de la campa\u00f1a. La participaci\u00f3n de organizaciones comprometidas con el bienestar social permiti\u00f3 reunir una cantidad importante de leche, reflejando que la colaboraci\u00f3n entre distintos sectores es fundamental para atender las necesidades de la comunidad.<\/p>\n<\/div>\n\n\n\n<div class=\"wp-block-columns is-layout-flex wp-container-core-columns-is-layout-7387b849 wp-block-columns-is-layout-flex\">\n<div class=\"wp-block-column is-layout-flow wp-block-column-is-layout-flow\" style=\"flex-basis:33.34%\">\n<figure class=\"wp-block-image aligncenter size-large is-resized\"><img loading=\"lazy\" decoding=\"async\" width=\"1024\" height=\"768\" src=\"https:\/\/fundaciongrupoalerta.org\/blog\/wp-content\/uploads\/2026\/07\/WhatsApp-Image-2025-04-02-at-3.35.00-PM-1024x768.jpeg\" alt=\"\" class=\"wp-image-742\" style=\"aspect-ratio:4\/3;object-fit:cover;object-position:6% 54%;width:5000px\" srcset=\"https:\/\/fundaciongrupoalerta.org\/blog\/wp-content\/uploads\/2026\/07\/WhatsApp-Image-2025-04-02-at-3.35.00-PM-1024x768.jpeg 1024w, https:\/\/fundaciongrupoalerta.org\/blog\/wp-content\/uploads\/2026\/07\/WhatsApp-Image-2025-04-02-at-3.35.00-PM-300x225.jpeg 300w, https:\/\/fundaciongrupoalerta.org\/blog\/wp-content\/uploads\/2026\/07\/WhatsApp-Image-2025-04-02-at-3.35.00-PM-768x576.jpeg 768w, https:\/\/fundaciongrupoalerta.org\/blog\/wp-content\/uploads\/2026\/07\/WhatsApp-Image-2025-04-02-at-3.35.00-PM.jpeg 1280w\" sizes=\"(max-width: 1024px) 100vw, 1024px\" \/><\/figure>\n<\/div>\n\n\n\n<div class=\"wp-block-column is-layout-flow wp-block-column-is-layout-flow\" style=\"flex-basis:33.33%\">\n<figure class=\"wp-block-image size-large\"><img loading=\"lazy\" decoding=\"async\" width=\"1024\" height=\"768\" src=\"https:\/\/fundaciongrupoalerta.org\/blog\/wp-content\/uploads\/2026\/07\/WhatsApp-Image-2025-04-02-at-2.48.21-PM-1024x768.jpeg\" alt=\"\" class=\"wp-image-751\" srcset=\"https:\/\/fundaciongrupoalerta.org\/blog\/wp-content\/uploads\/2026\/07\/WhatsApp-Image-2025-04-02-at-2.48.21-PM-1024x768.jpeg 1024w, https:\/\/fundaciongrupoalerta.org\/blog\/wp-content\/uploads\/2026\/07\/WhatsApp-Image-2025-04-02-at-2.48.21-PM-300x225.jpeg 300w, https:\/\/fundaciongrupoalerta.org\/blog\/wp-content\/uploads\/2026\/07\/WhatsApp-Image-2025-04-02-at-2.48.21-PM-768x576.jpeg 768w, https:\/\/fundaciongrupoalerta.org\/blog\/wp-content\/uploads\/2026\/07\/WhatsApp-Image-2025-04-02-at-2.48.21-PM-1536x1152.jpeg 1536w, https:\/\/fundaciongrupoalerta.org\/blog\/wp-content\/uploads\/2026\/07\/WhatsApp-Image-2025-04-02-at-2.48.21-PM.jpeg 1600w\" sizes=\"(max-width: 1024px) 100vw, 1024px\" \/><\/figure>\n<\/div>\n\n\n\n<div class=\"wp-block-column is-layout-flow wp-block-column-is-layout-flow\" style=\"flex-basis:33.33%\">\n<figure class=\"wp-block-image size-large\"><img loading=\"lazy\" decoding=\"async\" width=\"1024\" height=\"768\" src=\"https:\/\/fundaciongrupoalerta.org\/blog\/wp-content\/uploads\/2026\/07\/WhatsApp-Image-2025-04-02-at-3.35.01-PM-1-1-1024x768.jpeg\" alt=\"\" class=\"wp-image-744\" srcset=\"https:\/\/fundaciongrupoalerta.org\/blog\/wp-content\/uploads\/2026\/07\/WhatsApp-Image-2025-04-02-at-3.35.01-PM-1-1-1024x768.jpeg 1024w, https:\/\/fundaciongrupoalerta.org\/blog\/wp-content\/uploads\/2026\/07\/WhatsApp-Image-2025-04-02-at-3.35.01-PM-1-1-300x225.jpeg 300w, https:\/\/fundaciongrupoalerta.org\/blog\/wp-content\/uploads\/2026\/07\/WhatsApp-Image-2025-04-02-at-3.35.01-PM-1-1-768x576.jpeg 768w, https:\/\/fundaciongrupoalerta.org\/blog\/wp-content\/uploads\/2026\/07\/WhatsApp-Image-2025-04-02-at-3.35.01-PM-1-1-1536x1152.jpeg 1536w, https:\/\/fundaciongrupoalerta.org\/blog\/wp-content\/uploads\/2026\/07\/WhatsApp-Image-2025-04-02-at-3.35.01-PM-1-1.jpeg 1600w\" sizes=\"(max-width: 1024px) 100vw, 1024px\" \/><\/figure>\n<\/div>\n<\/div>\n\n\n\n<h3 class=\"wp-block-heading has-white-color has-vivid-red-background-color has-text-color has-background has-link-color has-medium-font-size wp-elements-8b762eb7161fcd656026e23c910a54b1\"><strong>Un esfuerzo que llega a quienes m\u00e1s lo necesitan<\/strong><\/h3>\n\n\n\n<p class=\"wp-block-paragraph\" style=\"line-height:1.6\">La entrega del donativo al Banco de Alimentos de Mazatl\u00e1n representa mucho m\u00e1s que una cifra. Cada litro de leche contribuir\u00e1 a mejorar la alimentaci\u00f3n de ni\u00f1as, ni\u00f1os y familias beneficiarias, llevando consigo un mensaje de solidaridad y esperanza para quienes enfrentan condiciones de vulnerabilidad.<\/p>\n\n\n\n<div style=\"aspect-ratio:1;min-height:unset;\" class=\"wp-block-cover has-aspect-ratio\"><img loading=\"lazy\" decoding=\"async\" width=\"768\" height=\"1024\" class=\"wp-block-cover__image-background wp-image-758\" alt=\"\" src=\"https:\/\/fundaciongrupoalerta.org\/blog\/wp-content\/uploads\/2026\/07\/WhatsApp-Image-2025-04-02-at-3.35.02-PM-2-1-768x1024.jpeg\" data-object-fit=\"cover\" srcset=\"https:\/\/fundaciongrupoalerta.org\/blog\/wp-content\/uploads\/2026\/07\/WhatsApp-Image-2025-04-02-at-3.35.02-PM-2-1-768x1024.jpeg 768w, https:\/\/fundaciongrupoalerta.org\/blog\/wp-content\/uploads\/2026\/07\/WhatsApp-Image-2025-04-02-at-3.35.02-PM-2-1-225x300.jpeg 225w, https:\/\/fundaciongrupoalerta.org\/blog\/wp-content\/uploads\/2026\/07\/WhatsApp-Image-2025-04-02-at-3.35.02-PM-2-1-1152x1536.jpeg 1152w, https:\/\/fundaciongrupoalerta.org\/blog\/wp-content\/uploads\/2026\/07\/WhatsApp-Image-2025-04-02-at-3.35.02-PM-2-1.jpeg 1200w\" sizes=\"(max-width: 768px) 100vw, 768px\" \/><span aria-hidden=\"true\" class=\"wp-block-cover__background has-background-dim-20 has-background-dim\"><\/span><div class=\"wp-block-cover__inner-container is-layout-flow wp-block-cover-is-layout-flow\">\n<h5 class=\"wp-block-heading has-text-align-center has-white-color has-text-color has-link-color has-x-large-font-size wp-elements-302a39cb1691c034fcee2a8a4e1bb8bf\" style=\"letter-spacing:7px\"><strong>LA SOLIDARIDAD COMIENZA CON UNA SIMPLE ACCI\u00d3N.<\/strong><\/h5>\n\n\n\n<p class=\"has-text-align-center wp-block-paragraph\"><\/p>\n<\/div><\/div>\n\n\n\n<h3 class=\"wp-block-heading has-white-color has-luminous-vivid-orange-background-color has-text-color has-background has-link-color has-medium-font-size wp-elements-ee3583e14252cf0f9eaec713e137e2f4\"><strong>Seguimos sumando acciones con impacto<\/strong><\/h3>\n\n\n\n<p class=\"wp-block-paragraph\" style=\"line-height:1.6\">En Fundaci\u00f3n Grupo Alerta creemos que el trabajo colaborativo es una herramienta para generar cambios positivos. Participar en campa\u00f1as como Bigotes de Leche fortalece nuestro compromiso con el bienestar de la comunidad e inspira a seguir impulsando iniciativas que promuevan la solidaridad y la participaci\u00f3n social.<\/p>\n\n\n\n<div class=\"wp-block-columns is-layout-flex wp-container-core-columns-is-layout-7387b849 wp-block-columns-is-layout-flex\">\n<div class=\"wp-block-column is-layout-flow wp-block-column-is-layout-flow\" style=\"flex-basis:50%\">\n<figure class=\"wp-block-image aligncenter size-large\"><img loading=\"lazy\" decoding=\"async\" width=\"768\" height=\"1024\" src=\"https:\/\/fundaciongrupoalerta.org\/blog\/wp-content\/uploads\/2026\/07\/WhatsApp-Image-2025-04-02-at-2.48.11-PM-1-768x1024.jpeg\" alt=\"\" class=\"wp-image-765\" srcset=\"https:\/\/fundaciongrupoalerta.org\/blog\/wp-content\/uploads\/2026\/07\/WhatsApp-Image-2025-04-02-at-2.48.11-PM-1-768x1024.jpeg 768w, https:\/\/fundaciongrupoalerta.org\/blog\/wp-content\/uploads\/2026\/07\/WhatsApp-Image-2025-04-02-at-2.48.11-PM-1-225x300.jpeg 225w, https:\/\/fundaciongrupoalerta.org\/blog\/wp-content\/uploads\/2026\/07\/WhatsApp-Image-2025-04-02-at-2.48.11-PM-1-1152x1536.jpeg 1152w, https:\/\/fundaciongrupoalerta.org\/blog\/wp-content\/uploads\/2026\/07\/WhatsApp-Image-2025-04-02-at-2.48.11-PM-1.jpeg 1200w\" sizes=\"(max-width: 768px) 100vw, 768px\" \/><figcaption class=\"wp-element-caption\"><em><sub>Daniela Novelo Aldaz, encargada de Fundaci\u00f3n Grupo Alerta, y Ana Margarita Aceves S\u00e1nchez, directora del Banco de Alimentos de Mazatl\u00e1n, durante la entrega de reconocimientos por su participaci\u00f3n en la campa\u00f1a Bigotes de Leche 2025.<\/sub><\/em><\/figcaption><\/figure>\n<\/div>\n\n\n\n<div class=\"wp-block-column is-layout-flow wp-block-column-is-layout-flow\" style=\"flex-basis:50%\">\n<figure class=\"wp-block-image aligncenter size-large\"><img loading=\"lazy\" decoding=\"async\" width=\"768\" height=\"1024\" src=\"https:\/\/fundaciongrupoalerta.org\/blog\/wp-content\/uploads\/2026\/07\/WhatsApp-Image-2025-04-02-at-11.55.50-AM-2-1-768x1024.jpeg\" alt=\"\" class=\"wp-image-766\" srcset=\"https:\/\/fundaciongrupoalerta.org\/blog\/wp-content\/uploads\/2026\/07\/WhatsApp-Image-2025-04-02-at-11.55.50-AM-2-1-768x1024.jpeg 768w, https:\/\/fundaciongrupoalerta.org\/blog\/wp-content\/uploads\/2026\/07\/WhatsApp-Image-2025-04-02-at-11.55.50-AM-2-1-225x300.jpeg 225w, https:\/\/fundaciongrupoalerta.org\/blog\/wp-content\/uploads\/2026\/07\/WhatsApp-Image-2025-04-02-at-11.55.50-AM-2-1-1152x1536.jpeg 1152w, https:\/\/fundaciongrupoalerta.org\/blog\/wp-content\/uploads\/2026\/07\/WhatsApp-Image-2025-04-02-at-11.55.50-AM-2-1.jpeg 1200w\" sizes=\"(max-width: 768px) 100vw, 768px\" \/><figcaption class=\"wp-element-caption\"><em><sub>El trabajo colaborativo hizo posible una donaci\u00f3n que contribuir\u00e1 al bienestar de cientos de familias.<\/sub><\/em><\/figcaption><\/figure>\n<\/div>\n<\/div>\n\n\n\n<div class=\"wp-block-columns is-layout-flex wp-container-core-columns-is-layout-7387b849 wp-block-columns-is-layout-flex\">\n<div class=\"wp-block-column is-layout-flow wp-block-column-is-layout-flow\" style=\"flex-basis:50%\">\n<div class=\"wp-block-group is-layout-constrained wp-block-group-is-layout-constrained\">\n<figure class=\"wp-block-image size-large\"><img loading=\"lazy\" decoding=\"async\" width=\"768\" height=\"1024\" src=\"https:\/\/fundaciongrupoalerta.org\/blog\/wp-content\/uploads\/2026\/07\/WhatsApp-Image-2025-04-02-at-11.55.50-AM-1-1-768x1024.jpeg\" alt=\"\" class=\"wp-image-771\" srcset=\"https:\/\/fundaciongrupoalerta.org\/blog\/wp-content\/uploads\/2026\/07\/WhatsApp-Image-2025-04-02-at-11.55.50-AM-1-1-768x1024.jpeg 768w, https:\/\/fundaciongrupoalerta.org\/blog\/wp-content\/uploads\/2026\/07\/WhatsApp-Image-2025-04-02-at-11.55.50-AM-1-1-225x300.jpeg 225w, https:\/\/fundaciongrupoalerta.org\/blog\/wp-content\/uploads\/2026\/07\/WhatsApp-Image-2025-04-02-at-11.55.50-AM-1-1-1152x1536.jpeg 1152w, https:\/\/fundaciongrupoalerta.org\/blog\/wp-content\/uploads\/2026\/07\/WhatsApp-Image-2025-04-02-at-11.55.50-AM-1-1.jpeg 1200w\" sizes=\"(max-width: 768px) 100vw, 768px\" \/><\/figure>\n<\/div>\n<\/div>\n\n\n\n<div class=\"wp-block-column is-layout-flow wp-block-column-is-layout-flow\" style=\"flex-basis:50%\">\n<figure class=\"wp-block-image size-large\"><img loading=\"lazy\" decoding=\"async\" width=\"768\" height=\"1024\" src=\"https:\/\/fundaciongrupoalerta.org\/blog\/wp-content\/uploads\/2026\/07\/WhatsApp-Image-2025-04-02-at-3.35.02-PM-1-1-768x1024.jpeg\" alt=\"\" class=\"wp-image-773\" srcset=\"https:\/\/fundaciongrupoalerta.org\/blog\/wp-content\/uploads\/2026\/07\/WhatsApp-Image-2025-04-02-at-3.35.02-PM-1-1-768x1024.jpeg 768w, https:\/\/fundaciongrupoalerta.org\/blog\/wp-content\/uploads\/2026\/07\/WhatsApp-Image-2025-04-02-at-3.35.02-PM-1-1-225x300.jpeg 225w, https:\/\/fundaciongrupoalerta.org\/blog\/wp-content\/uploads\/2026\/07\/WhatsApp-Image-2025-04-02-at-3.35.02-PM-1-1-1152x1536.jpeg 1152w, https:\/\/fundaciongrupoalerta.org\/blog\/wp-content\/uploads\/2026\/07\/WhatsApp-Image-2025-04-02-at-3.35.02-PM-1-1.jpeg 1200w\" sizes=\"(max-width: 768px) 100vw, 768px\" \/><\/figure>\n<\/div>\n<\/div>\n\n\n\n<h2 class=\"wp-block-heading has-text-align-center has-white-color has-vivid-red-background-color has-text-color has-background has-link-color has-large-font-size wp-elements-5d1ca6ee8fb3fd1c90d128c3fd908b46\" style=\"line-height:1.6\"><strong>La ayuda comienza con el compromiso de cada persona.<\/strong><\/h2>\n","protected":false},"excerpt":{"rendered":"<p>La solidaridad de colaboradores y aliados hizo posible la donaci\u00f3n de 4,129 litros de leche al Banco de Alimentos de Mazatl\u00e1n, beneficiando a familias que m\u00e1s lo necesitan. Fundaci\u00f3n Grupo Alerta se sum\u00f3 a la campa\u00f1a Bigotes de Leche 2025, impulsada por el Banco de Alimentos de Mazatl\u00e1n, logrando reunir 4,129 litros de leche gracias [&hellip;]<\/p>\n","protected":false},"author":4,"featured_media":764,"comment_status":"open","ping_status":"open","sticky":false,"template":"","format":"standard","meta":{"footnotes":""},"categories":[17,16,15],"tags":[],"class_list":["post-733","post","type-post","status-publish","format-standard","has-post-thumbnail","hentry","category-comunidad","category-donatarias","category-voluntariado"],"_links":{"self":[{"href":"https:\/\/fundaciongrupoalerta.org\/blog\/wp-json\/wp\/v2\/posts\/733","targetHints":{"allow":["GET"]}}],"collection":[{"href":"https:\/\/fundaciongrupoalerta.org\/blog\/wp-json\/wp\/v2\/posts"}],"about":[{"href":"https:\/\/fundaciongrupoalerta.org\/blog\/wp-json\/wp\/v2\/types\/post"}],"author":[{"embeddable":true,"href":"https:\/\/fundaciongrupoalerta.org\/blog\/wp-json\/wp\/v2\/users\/4"}],"replies":[{"embeddable":true,"href":"https:\/\/fundaciongrupoalerta.org\/blog\/wp-json\/wp\/v2\/comments?post=733"}],"version-history":[{"count":10,"href":"https:\/\/fundaciongrupoalerta.org\/blog\/wp-json\/wp\/v2\/posts\/733\/revisions"}],"predecessor-version":[{"id":777,"href":"https:\/\/fundaciongrupoalerta.org\/blog\/wp-json\/wp\/v2\/posts\/733\/revisions\/777"}],"wp:featuredmedia":[{"embeddable":true,"href":"https:\/\/fundaciongrupoalerta.org\/blog\/wp-json\/wp\/v2\/media\/764"}],"wp:attachment":[{"href":"https:\/\/fundaciongrupoalerta.org\/blog\/wp-json\/wp\/v2\/media?parent=733"}],"wp:term":[{"taxonomy":"category","embeddable":true,"href":"https:\/\/fundaciongrupoalerta.org\/blog\/wp-json\/wp\/v2\/categories?post=733"},{"taxonomy":"post_tag","embeddable":true,"href":"https:\/\/fundaciongrupoalerta.org\/blog\/wp-json\/wp\/v2\/tags?post=733"}],"curies":[{"name":"wp","href":"https:\/\/api.w.org\/{rel}","templated":true}]}}