{"id":775,"date":"2025-04-19T21:25:00","date_gmt":"2025-04-19T21:25:00","guid":{"rendered":"https:\/\/fundaciongrupoalerta.org\/blog\/?p=775"},"modified":"2026-07-31T23:11:00","modified_gmt":"2026-07-31T23:11:00","slug":"limpieza-de-playas-por-el-dia-mundial-de-la-tierra","status":"publish","type":"post","link":"https:\/\/fundaciongrupoalerta.org\/blog\/limpieza-de-playas-por-el-dia-mundial-de-la-tierra\/","title":{"rendered":"LIMPIEZA DE PLAYAS POR EL D\u00cdA MUNDIAL DE LA TIERRA"},"content":{"rendered":"\n<p class=\"wp-block-paragraph\" style=\"line-height:1.6\">Con el firme prop\u00f3sito de proteger nuestro entorno y conmemorar el <strong>D\u00eda Mundial de la Tierra<\/strong>, en <strong>Fundaci\u00f3n Grupo Alerta<\/strong> llevamos a cabo una significativa jornada de limpieza en nuestras costas.<\/p>\n\n\n\n<figure class=\"wp-block-image aligncenter size-full\"><img fetchpriority=\"high\" decoding=\"async\" width=\"465\" height=\"508\" src=\"https:\/\/fundaciongrupoalerta.org\/blog\/wp-content\/uploads\/2026\/07\/WhatsApp-Image-2026-07-20-at-2.41.02-PM.jpeg\" alt=\"\" class=\"wp-image-779\" srcset=\"https:\/\/fundaciongrupoalerta.org\/blog\/wp-content\/uploads\/2026\/07\/WhatsApp-Image-2026-07-20-at-2.41.02-PM.jpeg 465w, https:\/\/fundaciongrupoalerta.org\/blog\/wp-content\/uploads\/2026\/07\/WhatsApp-Image-2026-07-20-at-2.41.02-PM-275x300.jpeg 275w\" sizes=\"(max-width: 465px) 100vw, 465px\" \/><\/figure>\n\n\n\n<p class=\"wp-block-paragraph\" style=\"line-height:1.6\">Gracias a la valiosa y entusiasta participaci\u00f3n de nuestro equipo de voluntarios, logramos recolectar una importante cantidad de residuos, entre los que destacaron pl\u00e1sticos, envolturas y botellas de vidrio que amenazaban con contaminar el paisaje costero.<\/p>\n\n\n\n<div class=\"wp-block-columns is-layout-flex wp-container-core-columns-is-layout-7387b849 wp-block-columns-is-layout-flex\">\n<div class=\"wp-block-column is-layout-flow wp-block-column-is-layout-flow\" style=\"flex-basis:50%\">\n<figure class=\"wp-block-image size-full\"><img decoding=\"async\" width=\"1024\" height=\"576\" src=\"https:\/\/fundaciongrupoalerta.org\/blog\/wp-content\/uploads\/2026\/07\/319786-215874-2.webp\" alt=\"\" class=\"wp-image-780\" srcset=\"https:\/\/fundaciongrupoalerta.org\/blog\/wp-content\/uploads\/2026\/07\/319786-215874-2.webp 1024w, https:\/\/fundaciongrupoalerta.org\/blog\/wp-content\/uploads\/2026\/07\/319786-215874-2-300x169.webp 300w, https:\/\/fundaciongrupoalerta.org\/blog\/wp-content\/uploads\/2026\/07\/319786-215874-2-768x432.webp 768w\" sizes=\"(max-width: 1024px) 100vw, 1024px\" \/><\/figure>\n<\/div>\n\n\n\n<div class=\"wp-block-column is-layout-flow wp-block-column-is-layout-flow\" style=\"flex-basis:50%\">\n<figure class=\"wp-block-image size-large\"><img decoding=\"async\" width=\"1024\" height=\"576\" src=\"https:\/\/fundaciongrupoalerta.org\/blog\/wp-content\/uploads\/2026\/07\/tCSmO56mGhHIrCqrswwC-1-1024x576.webp\" alt=\"\" class=\"wp-image-781\" srcset=\"https:\/\/fundaciongrupoalerta.org\/blog\/wp-content\/uploads\/2026\/07\/tCSmO56mGhHIrCqrswwC-1-1024x576.webp 1024w, https:\/\/fundaciongrupoalerta.org\/blog\/wp-content\/uploads\/2026\/07\/tCSmO56mGhHIrCqrswwC-1-300x169.webp 300w, https:\/\/fundaciongrupoalerta.org\/blog\/wp-content\/uploads\/2026\/07\/tCSmO56mGhHIrCqrswwC-1-768x432.webp 768w, https:\/\/fundaciongrupoalerta.org\/blog\/wp-content\/uploads\/2026\/07\/tCSmO56mGhHIrCqrswwC-1.webp 1280w\" sizes=\"(max-width: 1024px) 100vw, 1024px\" \/><\/figure>\n<\/div>\n<\/div>\n\n\n\n<p class=\"wp-block-paragraph\" style=\"line-height:1.6\">Este esfuerzo colectivo va mucho m\u00e1s all\u00e1 de embellecer el lugar: gracias a esta recolecci\u00f3n oportuna, <strong>evitamos que estos desechos lleguen al mar<\/strong>, protegiendo de manera directa a la flora y fauna marina que habitan en nuestra regi\u00f3n y que sufren las consecuencias de la contaminaci\u00f3n por pl\u00e1sticos.<\/p>\n\n\n\n<figure class=\"wp-block-image aligncenter size-large is-resized\"><img loading=\"lazy\" decoding=\"async\" width=\"1024\" height=\"576\" src=\"https:\/\/fundaciongrupoalerta.org\/blog\/wp-content\/uploads\/2026\/07\/493985899_1104887365009949_651987230767958282_n-1-1024x576.jpg\" alt=\"\" class=\"wp-image-782\" style=\"width:653px;height:auto\" srcset=\"https:\/\/fundaciongrupoalerta.org\/blog\/wp-content\/uploads\/2026\/07\/493985899_1104887365009949_651987230767958282_n-1-1024x576.jpg 1024w, https:\/\/fundaciongrupoalerta.org\/blog\/wp-content\/uploads\/2026\/07\/493985899_1104887365009949_651987230767958282_n-1-300x169.jpg 300w, https:\/\/fundaciongrupoalerta.org\/blog\/wp-content\/uploads\/2026\/07\/493985899_1104887365009949_651987230767958282_n-1-768x432.jpg 768w, https:\/\/fundaciongrupoalerta.org\/blog\/wp-content\/uploads\/2026\/07\/493985899_1104887365009949_651987230767958282_n-1-1536x864.jpg 1536w, https:\/\/fundaciongrupoalerta.org\/blog\/wp-content\/uploads\/2026\/07\/493985899_1104887365009949_651987230767958282_n-1.jpg 2048w\" sizes=\"(max-width: 1024px) 100vw, 1024px\" \/><\/figure>\n\n\n\n<p class=\"wp-block-paragraph\" style=\"line-height:1.6\">En Fundaci\u00f3n Grupo Alerta estamos convencidos de que el cuidado del planeta es tarea de todos. Agradecemos profundamente a cada voluntario por dedicar su tiempo y energ\u00eda a esta causa, demostrando una vez m\u00e1s que <strong>\u00a1cada acci\u00f3n cuenta!<\/strong> Seguiremos impulsando iniciativas que fomenten la conciencia ambiental y aseguren un futuro m\u00e1s limpio y verde para las pr\u00f3ximas generaciones.<\/p>\n\n\n\n<div class=\"wp-block-columns is-layout-flex wp-container-core-columns-is-layout-7387b849 wp-block-columns-is-layout-flex\">\n<div class=\"wp-block-column is-layout-flow wp-block-column-is-layout-flow\" style=\"flex-basis:50%\">\n<figure class=\"wp-block-image size-large\"><img loading=\"lazy\" decoding=\"async\" width=\"1024\" height=\"576\" src=\"https:\/\/fundaciongrupoalerta.org\/blog\/wp-content\/uploads\/2026\/07\/494209960_1104887441676608_983508651082335767_n-1-1024x576.jpg\" alt=\"\" class=\"wp-image-783\" srcset=\"https:\/\/fundaciongrupoalerta.org\/blog\/wp-content\/uploads\/2026\/07\/494209960_1104887441676608_983508651082335767_n-1-1024x576.jpg 1024w, https:\/\/fundaciongrupoalerta.org\/blog\/wp-content\/uploads\/2026\/07\/494209960_1104887441676608_983508651082335767_n-1-300x169.jpg 300w, https:\/\/fundaciongrupoalerta.org\/blog\/wp-content\/uploads\/2026\/07\/494209960_1104887441676608_983508651082335767_n-1-768x432.jpg 768w, https:\/\/fundaciongrupoalerta.org\/blog\/wp-content\/uploads\/2026\/07\/494209960_1104887441676608_983508651082335767_n-1-1536x864.jpg 1536w, https:\/\/fundaciongrupoalerta.org\/blog\/wp-content\/uploads\/2026\/07\/494209960_1104887441676608_983508651082335767_n-1.jpg 2048w\" sizes=\"(max-width: 1024px) 100vw, 1024px\" \/><\/figure>\n<\/div>\n\n\n\n<div class=\"wp-block-column is-layout-flow wp-block-column-is-layout-flow\" style=\"flex-basis:50%\">\n<figure class=\"wp-block-image size-large\"><img loading=\"lazy\" decoding=\"async\" width=\"1024\" height=\"576\" src=\"https:\/\/fundaciongrupoalerta.org\/blog\/wp-content\/uploads\/2026\/07\/493862519_1104887421676610_2944928867727962407_n-1-1024x576.jpg\" alt=\"\" class=\"wp-image-784\" srcset=\"https:\/\/fundaciongrupoalerta.org\/blog\/wp-content\/uploads\/2026\/07\/493862519_1104887421676610_2944928867727962407_n-1-1024x576.jpg 1024w, https:\/\/fundaciongrupoalerta.org\/blog\/wp-content\/uploads\/2026\/07\/493862519_1104887421676610_2944928867727962407_n-1-300x169.jpg 300w, https:\/\/fundaciongrupoalerta.org\/blog\/wp-content\/uploads\/2026\/07\/493862519_1104887421676610_2944928867727962407_n-1-768x432.jpg 768w, https:\/\/fundaciongrupoalerta.org\/blog\/wp-content\/uploads\/2026\/07\/493862519_1104887421676610_2944928867727962407_n-1-1536x864.jpg 1536w, https:\/\/fundaciongrupoalerta.org\/blog\/wp-content\/uploads\/2026\/07\/493862519_1104887421676610_2944928867727962407_n-1.jpg 2048w\" sizes=\"(max-width: 1024px) 100vw, 1024px\" \/><\/figure>\n<\/div>\n<\/div>\n\n\n\n<p class=\"wp-block-paragraph\"><\/p>\n","protected":false},"excerpt":{"rendered":"<p>Fundaci\u00f3n Grupo Alerta conmemora el D\u00eda Mundial de la Tierra con exitosa jornada de limpieza<\/p>\n","protected":false},"author":4,"featured_media":779,"comment_status":"open","ping_status":"open","sticky":false,"template":"","format":"standard","meta":{"footnotes":""},"categories":[17,15],"tags":[],"class_list":["post-775","post","type-post","status-publish","format-standard","has-post-thumbnail","hentry","category-comunidad","category-voluntariado"],"_links":{"self":[{"href":"https:\/\/fundaciongrupoalerta.org\/blog\/wp-json\/wp\/v2\/posts\/775","targetHints":{"allow":["GET"]}}],"collection":[{"href":"https:\/\/fundaciongrupoalerta.org\/blog\/wp-json\/wp\/v2\/posts"}],"about":[{"href":"https:\/\/fundaciongrupoalerta.org\/blog\/wp-json\/wp\/v2\/types\/post"}],"author":[{"embeddable":true,"href":"https:\/\/fundaciongrupoalerta.org\/blog\/wp-json\/wp\/v2\/users\/4"}],"replies":[{"embeddable":true,"href":"https:\/\/fundaciongrupoalerta.org\/blog\/wp-json\/wp\/v2\/comments?post=775"}],"version-history":[{"count":1,"href":"https:\/\/fundaciongrupoalerta.org\/blog\/wp-json\/wp\/v2\/posts\/775\/revisions"}],"predecessor-version":[{"id":786,"href":"https:\/\/fundaciongrupoalerta.org\/blog\/wp-json\/wp\/v2\/posts\/775\/revisions\/786"}],"wp:featuredmedia":[{"embeddable":true,"href":"https:\/\/fundaciongrupoalerta.org\/blog\/wp-json\/wp\/v2\/media\/779"}],"wp:attachment":[{"href":"https:\/\/fundaciongrupoalerta.org\/blog\/wp-json\/wp\/v2\/media?parent=775"}],"wp:term":[{"taxonomy":"category","embeddable":true,"href":"https:\/\/fundaciongrupoalerta.org\/blog\/wp-json\/wp\/v2\/categories?post=775"},{"taxonomy":"post_tag","embeddable":true,"href":"https:\/\/fundaciongrupoalerta.org\/blog\/wp-json\/wp\/v2\/tags?post=775"}],"curies":[{"name":"wp","href":"https:\/\/api.w.org\/{rel}","templated":true}]}}