{"id":778,"date":"2025-06-21T22:03:00","date_gmt":"2025-06-21T22:03:00","guid":{"rendered":"https:\/\/fundaciongrupoalerta.org\/blog\/?p=778"},"modified":"2026-07-31T23:13:35","modified_gmt":"2026-07-31T23:13:35","slug":"pintura-en-hogar-san-pablo","status":"publish","type":"post","link":"https:\/\/fundaciongrupoalerta.org\/blog\/pintura-en-hogar-san-pablo\/","title":{"rendered":"PINTURA EN HOGAR SAN PABLO"},"content":{"rendered":"\n<h2 class=\"wp-block-heading has-text-align-center has-medium-font-size\" style=\"line-height:1.6\">Voluntarios de Grupo Alerta unieron esfuerzos para renovar los espacios de Hogar San Pablo, contribuyendo a brindar un entorno m\u00e1s digno y acogedor para ni\u00f1as, ni\u00f1os y j\u00f3venes.<\/h2>\n\n\n\n<figure class=\"wp-block-image size-large\"><img fetchpriority=\"high\" decoding=\"async\" width=\"1024\" height=\"768\" src=\"https:\/\/fundaciongrupoalerta.org\/blog\/wp-content\/uploads\/2026\/07\/WhatsApp-Image-2025-08-20-at-11.48.21-AM-1024x768.jpeg\" alt=\"\" class=\"wp-image-785\" srcset=\"https:\/\/fundaciongrupoalerta.org\/blog\/wp-content\/uploads\/2026\/07\/WhatsApp-Image-2025-08-20-at-11.48.21-AM-1024x768.jpeg 1024w, https:\/\/fundaciongrupoalerta.org\/blog\/wp-content\/uploads\/2026\/07\/WhatsApp-Image-2025-08-20-at-11.48.21-AM-300x225.jpeg 300w, https:\/\/fundaciongrupoalerta.org\/blog\/wp-content\/uploads\/2026\/07\/WhatsApp-Image-2025-08-20-at-11.48.21-AM-768x576.jpeg 768w, https:\/\/fundaciongrupoalerta.org\/blog\/wp-content\/uploads\/2026\/07\/WhatsApp-Image-2025-08-20-at-11.48.21-AM-1536x1152.jpeg 1536w, https:\/\/fundaciongrupoalerta.org\/blog\/wp-content\/uploads\/2026\/07\/WhatsApp-Image-2025-08-20-at-11.48.21-AM-2048x1536.jpeg 2048w\" sizes=\"(max-width: 1024px) 100vw, 1024px\" \/><\/figure>\n\n\n\n<p class=\"wp-block-paragraph\" style=\"line-height:1.6\">Porque un hogar tambi\u00e9n se construye con solidaridad, Fundaci\u00f3n Grupo Alerta convoc\u00f3 a colaboradores voluntarios de las distintas empresas del grupo para participar en la renovaci\u00f3n de los espacios del Hogar San Pablo. Durante cuatro jornadas de trabajo, los participantes dedicaron su tiempo, esfuerzo y compromiso para mejorar las instalaciones de esta instituci\u00f3n que brinda atenci\u00f3n integral a ni\u00f1os y j\u00f3venes en situaci\u00f3n de vulnerabilidad.<\/p>\n\n\n\n<h3 class=\"wp-block-heading has-white-color has-pale-cyan-blue-background-color has-text-color has-background has-link-color has-medium-font-size wp-elements-e6df3f71bc1545f8479ce4c17dcaeb47\"><strong>Un proyecto que comenz\u00f3 con trabajo en equipo<\/strong><\/h3>\n\n\n\n<p class=\"wp-block-paragraph\" style=\"line-height:1.6\">La primera jornada estuvo enfocada en preparar los dormitorios para su rehabilitaci\u00f3n. Los voluntarios organizaron materiales, realizaron trabajos de resane y comenzaron la adecuaci\u00f3n de paredes y techos, sentando las bases para transformar uno de los espacios m\u00e1s importantes del hogar.<\/p>\n\n\n\n<div class=\"wp-block-columns is-layout-flex wp-container-core-columns-is-layout-7387b849 wp-block-columns-is-layout-flex\">\n<div class=\"wp-block-column is-layout-flow wp-block-column-is-layout-flow\" style=\"flex-basis:50%\">\n<figure class=\"wp-block-image size-large\"><img decoding=\"async\" width=\"768\" height=\"1024\" src=\"https:\/\/fundaciongrupoalerta.org\/blog\/wp-content\/uploads\/2026\/07\/WhatsApp-Image-2025-06-28-at-9.54.09-AM-1-768x1024.jpeg\" alt=\"\" class=\"wp-image-792\" srcset=\"https:\/\/fundaciongrupoalerta.org\/blog\/wp-content\/uploads\/2026\/07\/WhatsApp-Image-2025-06-28-at-9.54.09-AM-1-768x1024.jpeg 768w, https:\/\/fundaciongrupoalerta.org\/blog\/wp-content\/uploads\/2026\/07\/WhatsApp-Image-2025-06-28-at-9.54.09-AM-1-225x300.jpeg 225w, https:\/\/fundaciongrupoalerta.org\/blog\/wp-content\/uploads\/2026\/07\/WhatsApp-Image-2025-06-28-at-9.54.09-AM-1-1152x1536.jpeg 1152w, https:\/\/fundaciongrupoalerta.org\/blog\/wp-content\/uploads\/2026\/07\/WhatsApp-Image-2025-06-28-at-9.54.09-AM-1.jpeg 1200w\" sizes=\"(max-width: 768px) 100vw, 768px\" \/><\/figure>\n<\/div>\n\n\n\n<div class=\"wp-block-column is-layout-flow wp-block-column-is-layout-flow\" style=\"flex-basis:50%\">\n<figure class=\"wp-block-image size-large\"><img decoding=\"async\" width=\"768\" height=\"1024\" src=\"https:\/\/fundaciongrupoalerta.org\/blog\/wp-content\/uploads\/2026\/07\/WhatsApp-Image-2025-06-28-at-9.54.08-AM-1-768x1024.jpeg\" alt=\"\" class=\"wp-image-789\" srcset=\"https:\/\/fundaciongrupoalerta.org\/blog\/wp-content\/uploads\/2026\/07\/WhatsApp-Image-2025-06-28-at-9.54.08-AM-1-768x1024.jpeg 768w, https:\/\/fundaciongrupoalerta.org\/blog\/wp-content\/uploads\/2026\/07\/WhatsApp-Image-2025-06-28-at-9.54.08-AM-1-225x300.jpeg 225w, https:\/\/fundaciongrupoalerta.org\/blog\/wp-content\/uploads\/2026\/07\/WhatsApp-Image-2025-06-28-at-9.54.08-AM-1-1152x1536.jpeg 1152w, https:\/\/fundaciongrupoalerta.org\/blog\/wp-content\/uploads\/2026\/07\/WhatsApp-Image-2025-06-28-at-9.54.08-AM-1.jpeg 1200w\" sizes=\"(max-width: 768px) 100vw, 768px\" \/><\/figure>\n<\/div>\n<\/div>\n\n\n\n<div class=\"wp-block-cover is-light has-custom-content-position is-position-bottom-center\"><img loading=\"lazy\" decoding=\"async\" width=\"1024\" height=\"768\" class=\"wp-block-cover__image-background wp-image-793\" alt=\"\" src=\"https:\/\/fundaciongrupoalerta.org\/blog\/wp-content\/uploads\/2026\/07\/WhatsApp-Image-2025-06-21-at-2.34.32-PM-1-2-1024x768.jpeg\" data-object-fit=\"cover\" srcset=\"https:\/\/fundaciongrupoalerta.org\/blog\/wp-content\/uploads\/2026\/07\/WhatsApp-Image-2025-06-21-at-2.34.32-PM-1-2-1024x768.jpeg 1024w, https:\/\/fundaciongrupoalerta.org\/blog\/wp-content\/uploads\/2026\/07\/WhatsApp-Image-2025-06-21-at-2.34.32-PM-1-2-300x225.jpeg 300w, https:\/\/fundaciongrupoalerta.org\/blog\/wp-content\/uploads\/2026\/07\/WhatsApp-Image-2025-06-21-at-2.34.32-PM-1-2-768x576.jpeg 768w, https:\/\/fundaciongrupoalerta.org\/blog\/wp-content\/uploads\/2026\/07\/WhatsApp-Image-2025-06-21-at-2.34.32-PM-1-2-1536x1152.jpeg 1536w, https:\/\/fundaciongrupoalerta.org\/blog\/wp-content\/uploads\/2026\/07\/WhatsApp-Image-2025-06-21-at-2.34.32-PM-1-2.jpeg 1600w\" sizes=\"(max-width: 1024px) 100vw, 1024px\" \/><span aria-hidden=\"true\" class=\"wp-block-cover__background has-background-dim-30 has-background-dim\"><\/span><div class=\"wp-block-cover__inner-container is-layout-flow wp-block-cover-is-layout-flow\">\n<h5 class=\"wp-block-heading has-text-align-center has-white-color has-text-color has-link-color has-large-font-size wp-elements-3a17a75709426244f9d97ea7a71cf42b\"><strong>MATERIALES PREPARADOS, VOLUNTADES UNIDAS.<\/strong><\/h5>\n<\/div><\/div>\n\n\n\n<h3 class=\"wp-block-heading has-white-color has-light-green-cyan-background-color has-text-color has-background has-link-color has-medium-font-size wp-elements-7f10dd7ab5aba666972296769489a9e3\" style=\"line-height:1.6\"><strong>El trabajo en equipo toma forma<\/strong><\/h3>\n\n\n\n<p class=\"wp-block-paragraph\" style=\"line-height:1.6\">Con el avance logrado durante la primera jornada, los colaboradores voluntarios retomaron las labores de rehabilitaci\u00f3n de los dormitorios del Hogar San Pablo. Durante esta etapa, cada persona asumi\u00f3 una tarea espec\u00edfica: mientras algunos preparaban las superficies, otros resanaban, aplicaban pintura con brochas y rodillos o daban los \u00faltimos detalles para garantizar un acabado uniforme.<\/p>\n\n\n\n<figure class=\"wp-block-image size-full\"><img loading=\"lazy\" decoding=\"async\" width=\"1007\" height=\"719\" src=\"https:\/\/fundaciongrupoalerta.org\/blog\/wp-content\/uploads\/2026\/07\/WhatsApp-Image-2025-06-28-at-9.02.57-AM-1.jpeg\" alt=\"\" class=\"wp-image-797\" srcset=\"https:\/\/fundaciongrupoalerta.org\/blog\/wp-content\/uploads\/2026\/07\/WhatsApp-Image-2025-06-28-at-9.02.57-AM-1.jpeg 1007w, https:\/\/fundaciongrupoalerta.org\/blog\/wp-content\/uploads\/2026\/07\/WhatsApp-Image-2025-06-28-at-9.02.57-AM-1-300x214.jpeg 300w, https:\/\/fundaciongrupoalerta.org\/blog\/wp-content\/uploads\/2026\/07\/WhatsApp-Image-2025-06-28-at-9.02.57-AM-1-768x548.jpeg 768w\" sizes=\"(max-width: 1007px) 100vw, 1007px\" \/><\/figure>\n\n\n\n<p class=\"wp-block-paragraph\" style=\"line-height:1.6\">El esfuerzo coordinado permiti\u00f3 concluir la renovaci\u00f3n de este espacio, transformando por completo los dormitorios con paredes, techos y bases de concreto renovadas. M\u00e1s all\u00e1 del cambio f\u00edsico, cada acci\u00f3n reflej\u00f3 el compromiso de los voluntarios por contribuir a que las ni\u00f1as y ni\u00f1os cuenten con instalaciones m\u00e1s dignas, funcionales y acogedoras.<\/p>\n\n\n\n<div class=\"wp-block-columns is-layout-flex wp-container-core-columns-is-layout-7387b849 wp-block-columns-is-layout-flex\">\n<div class=\"wp-block-column is-layout-flow wp-block-column-is-layout-flow\" style=\"flex-basis:33.34%\">\n<figure class=\"wp-block-image size-large\"><img loading=\"lazy\" decoding=\"async\" width=\"576\" height=\"1024\" src=\"https:\/\/fundaciongrupoalerta.org\/blog\/wp-content\/uploads\/2026\/07\/WhatsApp-Image-2025-06-28-at-10.19.58-AM-576x1024.jpeg\" alt=\"\" class=\"wp-image-799\" srcset=\"https:\/\/fundaciongrupoalerta.org\/blog\/wp-content\/uploads\/2026\/07\/WhatsApp-Image-2025-06-28-at-10.19.58-AM-576x1024.jpeg 576w, https:\/\/fundaciongrupoalerta.org\/blog\/wp-content\/uploads\/2026\/07\/WhatsApp-Image-2025-06-28-at-10.19.58-AM-169x300.jpeg 169w, https:\/\/fundaciongrupoalerta.org\/blog\/wp-content\/uploads\/2026\/07\/WhatsApp-Image-2025-06-28-at-10.19.58-AM-768x1365.jpeg 768w, https:\/\/fundaciongrupoalerta.org\/blog\/wp-content\/uploads\/2026\/07\/WhatsApp-Image-2025-06-28-at-10.19.58-AM-864x1536.jpeg 864w, https:\/\/fundaciongrupoalerta.org\/blog\/wp-content\/uploads\/2026\/07\/WhatsApp-Image-2025-06-28-at-10.19.58-AM.jpeg 900w\" sizes=\"(max-width: 576px) 100vw, 576px\" \/><\/figure>\n<\/div>\n\n\n\n<div class=\"wp-block-column is-layout-flow wp-block-column-is-layout-flow\" style=\"flex-basis:33.33%\">\n<figure class=\"wp-block-image size-large\"><img loading=\"lazy\" decoding=\"async\" width=\"576\" height=\"1024\" src=\"https:\/\/fundaciongrupoalerta.org\/blog\/wp-content\/uploads\/2026\/07\/WhatsApp-Image-2025-06-28-at-10.20.10-AM-576x1024.jpeg\" alt=\"\" class=\"wp-image-802\" srcset=\"https:\/\/fundaciongrupoalerta.org\/blog\/wp-content\/uploads\/2026\/07\/WhatsApp-Image-2025-06-28-at-10.20.10-AM-576x1024.jpeg 576w, https:\/\/fundaciongrupoalerta.org\/blog\/wp-content\/uploads\/2026\/07\/WhatsApp-Image-2025-06-28-at-10.20.10-AM-169x300.jpeg 169w, https:\/\/fundaciongrupoalerta.org\/blog\/wp-content\/uploads\/2026\/07\/WhatsApp-Image-2025-06-28-at-10.20.10-AM-768x1365.jpeg 768w, https:\/\/fundaciongrupoalerta.org\/blog\/wp-content\/uploads\/2026\/07\/WhatsApp-Image-2025-06-28-at-10.20.10-AM-864x1536.jpeg 864w, https:\/\/fundaciongrupoalerta.org\/blog\/wp-content\/uploads\/2026\/07\/WhatsApp-Image-2025-06-28-at-10.20.10-AM.jpeg 900w\" sizes=\"(max-width: 576px) 100vw, 576px\" \/><\/figure>\n<\/div>\n\n\n\n<div class=\"wp-block-column is-layout-flow wp-block-column-is-layout-flow\" style=\"flex-basis:33.33%\">\n<figure class=\"wp-block-image size-large\"><img loading=\"lazy\" decoding=\"async\" width=\"576\" height=\"1024\" src=\"https:\/\/fundaciongrupoalerta.org\/blog\/wp-content\/uploads\/2026\/07\/WhatsApp-Image-2025-06-28-at-12.15.29-PM-576x1024.jpeg\" alt=\"\" class=\"wp-image-804\" srcset=\"https:\/\/fundaciongrupoalerta.org\/blog\/wp-content\/uploads\/2026\/07\/WhatsApp-Image-2025-06-28-at-12.15.29-PM-576x1024.jpeg 576w, https:\/\/fundaciongrupoalerta.org\/blog\/wp-content\/uploads\/2026\/07\/WhatsApp-Image-2025-06-28-at-12.15.29-PM-169x300.jpeg 169w, https:\/\/fundaciongrupoalerta.org\/blog\/wp-content\/uploads\/2026\/07\/WhatsApp-Image-2025-06-28-at-12.15.29-PM-768x1365.jpeg 768w, https:\/\/fundaciongrupoalerta.org\/blog\/wp-content\/uploads\/2026\/07\/WhatsApp-Image-2025-06-28-at-12.15.29-PM-864x1536.jpeg 864w, https:\/\/fundaciongrupoalerta.org\/blog\/wp-content\/uploads\/2026\/07\/WhatsApp-Image-2025-06-28-at-12.15.29-PM.jpeg 900w\" sizes=\"(max-width: 576px) 100vw, 576px\" \/><\/figure>\n<\/div>\n<\/div>\n\n\n\n<h1 class=\"wp-block-heading has-text-align-center has-white-color has-pale-cyan-blue-background-color has-text-color has-background has-link-color wp-elements-9bc00297f3d8de9fb786e47ffce36092\"><strong>EL COMPROMISO DE CADA VOLUNTARIO HIZO POSIBLE ESTE AVANCE.<\/strong><\/h1>\n\n\n\n<div class=\"wp-block-columns is-layout-flex wp-container-core-columns-is-layout-7387b849 wp-block-columns-is-layout-flex\">\n<div class=\"wp-block-column is-layout-flow wp-block-column-is-layout-flow\" style=\"flex-basis:50%\">\n<figure class=\"wp-block-image aligncenter size-large\"><img loading=\"lazy\" decoding=\"async\" width=\"768\" height=\"1024\" src=\"https:\/\/fundaciongrupoalerta.org\/blog\/wp-content\/uploads\/2026\/07\/WhatsApp-Image-2025-06-21-at-2.34.32-PM-2-768x1024.jpeg\" alt=\"\" class=\"wp-image-807\" style=\"aspect-ratio:1;object-fit:cover\" srcset=\"https:\/\/fundaciongrupoalerta.org\/blog\/wp-content\/uploads\/2026\/07\/WhatsApp-Image-2025-06-21-at-2.34.32-PM-2-768x1024.jpeg 768w, https:\/\/fundaciongrupoalerta.org\/blog\/wp-content\/uploads\/2026\/07\/WhatsApp-Image-2025-06-21-at-2.34.32-PM-2-225x300.jpeg 225w, https:\/\/fundaciongrupoalerta.org\/blog\/wp-content\/uploads\/2026\/07\/WhatsApp-Image-2025-06-21-at-2.34.32-PM-2-1152x1536.jpeg 1152w, https:\/\/fundaciongrupoalerta.org\/blog\/wp-content\/uploads\/2026\/07\/WhatsApp-Image-2025-06-21-at-2.34.32-PM-2.jpeg 1200w\" sizes=\"(max-width: 768px) 100vw, 768px\" \/><figcaption class=\"wp-element-caption\"><em><sub>Dormitorios de secundaria renovados para brindar un espacio m\u00e1s digno y acogedor.<\/sub><\/em><\/figcaption><\/figure>\n<\/div>\n\n\n\n<div class=\"wp-block-column is-layout-flow wp-block-column-is-layout-flow\" style=\"flex-basis:50%\">\n<figure class=\"wp-block-image aligncenter size-large\"><img loading=\"lazy\" decoding=\"async\" width=\"576\" height=\"1024\" src=\"https:\/\/fundaciongrupoalerta.org\/blog\/wp-content\/uploads\/2026\/07\/WhatsApp-Image-2025-06-28-at-12.49.27-PM-576x1024.jpeg\" alt=\"\" class=\"wp-image-808\" style=\"aspect-ratio:1;object-fit:cover\" srcset=\"https:\/\/fundaciongrupoalerta.org\/blog\/wp-content\/uploads\/2026\/07\/WhatsApp-Image-2025-06-28-at-12.49.27-PM-576x1024.jpeg 576w, https:\/\/fundaciongrupoalerta.org\/blog\/wp-content\/uploads\/2026\/07\/WhatsApp-Image-2025-06-28-at-12.49.27-PM-169x300.jpeg 169w, https:\/\/fundaciongrupoalerta.org\/blog\/wp-content\/uploads\/2026\/07\/WhatsApp-Image-2025-06-28-at-12.49.27-PM-768x1365.jpeg 768w, https:\/\/fundaciongrupoalerta.org\/blog\/wp-content\/uploads\/2026\/07\/WhatsApp-Image-2025-06-28-at-12.49.27-PM-864x1536.jpeg 864w, https:\/\/fundaciongrupoalerta.org\/blog\/wp-content\/uploads\/2026\/07\/WhatsApp-Image-2025-06-28-at-12.49.27-PM.jpeg 900w\" sizes=\"(max-width: 576px) 100vw, 576px\" \/><figcaption class=\"wp-element-caption\"><em><sub>Dormitorios de primaria, el trabajo conjunto hizo posible la renovaci\u00f3n de un espacio pensado para el bienestar de sus residentes.<\/sub><\/em><\/figcaption><\/figure>\n<\/div>\n<\/div>\n\n\n\n<h3 class=\"wp-block-heading has-white-color has-light-green-cyan-background-color has-text-color has-background has-link-color has-medium-font-size wp-elements-38ca7cadd409bf185793e512bc290357\" style=\"line-height:1.6\"><strong>El voluntariado que transforma espacios<\/strong><\/h3>\n\n\n\n<p class=\"wp-block-paragraph\" style=\"line-height:1.6\">La jornada del 5 de julio reuni\u00f3 nuevamente a colaboradores voluntarios que se sumaron con entusiasmo al proceso de renovaci\u00f3n del Hogar San Pablo. A trav\u00e9s de su participaci\u00f3n, cada integrante reflej\u00f3 el compromiso de aportar tiempo, esfuerzo y dedicaci\u00f3n para generar un cambio positivo en la comunidad.<\/p>\n\n\n\n<div class=\"wp-block-cover aligncenter is-light has-custom-content-position is-position-bottom-center\"><img loading=\"lazy\" decoding=\"async\" width=\"1024\" height=\"768\" class=\"wp-block-cover__image-background wp-image-818\" alt=\"\" src=\"https:\/\/fundaciongrupoalerta.org\/blog\/wp-content\/uploads\/2026\/07\/WhatsApp-Image-2025-08-20-at-11.48.24-AM-2-1024x768.jpeg\" data-object-fit=\"cover\" srcset=\"https:\/\/fundaciongrupoalerta.org\/blog\/wp-content\/uploads\/2026\/07\/WhatsApp-Image-2025-08-20-at-11.48.24-AM-2-1024x768.jpeg 1024w, https:\/\/fundaciongrupoalerta.org\/blog\/wp-content\/uploads\/2026\/07\/WhatsApp-Image-2025-08-20-at-11.48.24-AM-2-300x225.jpeg 300w, https:\/\/fundaciongrupoalerta.org\/blog\/wp-content\/uploads\/2026\/07\/WhatsApp-Image-2025-08-20-at-11.48.24-AM-2-768x576.jpeg 768w, https:\/\/fundaciongrupoalerta.org\/blog\/wp-content\/uploads\/2026\/07\/WhatsApp-Image-2025-08-20-at-11.48.24-AM-2-1536x1152.jpeg 1536w, https:\/\/fundaciongrupoalerta.org\/blog\/wp-content\/uploads\/2026\/07\/WhatsApp-Image-2025-08-20-at-11.48.24-AM-2.jpeg 1600w\" sizes=\"(max-width: 1024px) 100vw, 1024px\" \/><span aria-hidden=\"true\" class=\"wp-block-cover__background has-background-dim-20 has-background-dim\"><\/span><div class=\"wp-block-cover__inner-container is-layout-flow wp-block-cover-is-layout-flow\">\n<h1 class=\"wp-block-heading has-text-align-center has-white-color has-text-color has-link-color has-x-large-font-size wp-elements-9f5d2919d1b4b010cb2d1f4fbe32c337\"><strong>#SoyVoluntarioAlerta<\/strong><\/h1>\n<\/div><\/div>\n\n\n\n<p class=\"wp-block-paragraph\" style=\"line-height:1.6\">Entre sonrisas, mensajes de apoyo y el orgullo de formar parte de esta iniciativa, los voluntarios demostraron que el trabajo colaborativo va m\u00e1s all\u00e1 de transformar espacios f\u00edsicos; tambi\u00e9n fortalece los lazos entre quienes comparten el prop\u00f3sito de ayudar.<\/p>\n\n\n\n<p class=\"wp-block-paragraph\" style=\"line-height:1.6\">Durante esta etapa, las labores continuaron con la intervenci\u00f3n de nuevas \u00e1reas del hogar, incluyendo la zona de lavander\u00eda, donde se realizaron trabajos de renovaci\u00f3n para mejorar las condiciones del espacio y hacerlo m\u00e1s funcional para quienes lo utilizan.<\/p>\n\n\n\n<div class=\"wp-block-columns is-layout-flex wp-container-core-columns-is-layout-7387b849 wp-block-columns-is-layout-flex\">\n<div class=\"wp-block-column is-layout-flow wp-block-column-is-layout-flow\" style=\"flex-basis:50%\">\n<figure class=\"wp-block-image aligncenter size-large\"><img loading=\"lazy\" decoding=\"async\" width=\"768\" height=\"1024\" src=\"https:\/\/fundaciongrupoalerta.org\/blog\/wp-content\/uploads\/2026\/07\/WhatsApp-Image-2025-08-20-at-11.48.24-AM-768x1024.jpeg\" alt=\"\" class=\"wp-image-819\" style=\"aspect-ratio:1;object-fit:cover\" srcset=\"https:\/\/fundaciongrupoalerta.org\/blog\/wp-content\/uploads\/2026\/07\/WhatsApp-Image-2025-08-20-at-11.48.24-AM-768x1024.jpeg 768w, https:\/\/fundaciongrupoalerta.org\/blog\/wp-content\/uploads\/2026\/07\/WhatsApp-Image-2025-08-20-at-11.48.24-AM-225x300.jpeg 225w, https:\/\/fundaciongrupoalerta.org\/blog\/wp-content\/uploads\/2026\/07\/WhatsApp-Image-2025-08-20-at-11.48.24-AM-1152x1536.jpeg 1152w, https:\/\/fundaciongrupoalerta.org\/blog\/wp-content\/uploads\/2026\/07\/WhatsApp-Image-2025-08-20-at-11.48.24-AM.jpeg 1200w\" sizes=\"(max-width: 768px) 100vw, 768px\" \/><figcaption class=\"wp-element-caption\"><em><sub>Un espacio que representaba una nueva oportunidad de renovaci\u00f3n y mejora.<\/sub><\/em><\/figcaption><\/figure>\n<\/div>\n\n\n\n<div class=\"wp-block-column is-layout-flow wp-block-column-is-layout-flow\" style=\"flex-basis:50%\">\n<figure class=\"wp-block-image aligncenter size-large\"><img loading=\"lazy\" decoding=\"async\" width=\"732\" height=\"1024\" src=\"https:\/\/fundaciongrupoalerta.org\/blog\/wp-content\/uploads\/2026\/07\/WhatsApp-Image-2025-08-20-at-11.48.24-AM-1-732x1024.jpeg\" alt=\"\" class=\"wp-image-820\" style=\"aspect-ratio:1;object-fit:cover\" srcset=\"https:\/\/fundaciongrupoalerta.org\/blog\/wp-content\/uploads\/2026\/07\/WhatsApp-Image-2025-08-20-at-11.48.24-AM-1-732x1024.jpeg 732w, https:\/\/fundaciongrupoalerta.org\/blog\/wp-content\/uploads\/2026\/07\/WhatsApp-Image-2025-08-20-at-11.48.24-AM-1-214x300.jpeg 214w, https:\/\/fundaciongrupoalerta.org\/blog\/wp-content\/uploads\/2026\/07\/WhatsApp-Image-2025-08-20-at-11.48.24-AM-1-768x1075.jpeg 768w, https:\/\/fundaciongrupoalerta.org\/blog\/wp-content\/uploads\/2026\/07\/WhatsApp-Image-2025-08-20-at-11.48.24-AM-1-1097x1536.jpeg 1097w, https:\/\/fundaciongrupoalerta.org\/blog\/wp-content\/uploads\/2026\/07\/WhatsApp-Image-2025-08-20-at-11.48.24-AM-1.jpeg 1143w\" sizes=\"(max-width: 732px) 100vw, 732px\" \/><figcaption class=\"wp-element-caption\"><sub><em>La suma de esfuerzos permiti\u00f3 transformar la zona de lavander\u00eda en un espacio m\u00e1s funcional y adecuado.<\/em><\/sub><\/figcaption><\/figure>\n<\/div>\n<\/div>\n\n\n\n<p class=\"wp-block-paragraph\" style=\"line-height:1.6\">Cada avance represent\u00f3 el resultado de la suma de voluntades de personas que decidieron involucrarse activamente en esta causa, demostrando que peque\u00f1as acciones realizadas en equipo pueden generar grandes cambios.<\/p>\n\n\n\n<h3 class=\"wp-block-heading has-white-color has-pale-cyan-blue-background-color has-text-color has-background has-link-color has-medium-font-size wp-elements-6ca2237f4fb15ba1deb1163d9744071c\" style=\"line-height:1.6\"><strong>Cerrando una transformaci\u00f3n con compromiso y solidaridad<\/strong><\/h3>\n\n\n\n<p class=\"wp-block-paragraph\" style=\"line-height:1.6\">La jornada final de renovaci\u00f3n reuni\u00f3 nuevamente a los voluntarios que, con dedicaci\u00f3n y entusiasmo, participaron en los \u00faltimos trabajos de mejora del Hogar San Pablo. Despu\u00e9s de varias sesiones de colaboraci\u00f3n, el equipo concluy\u00f3 las labores de pintura y rehabilitaci\u00f3n que permitieron transformar distintos espacios en beneficio de quienes forman parte de esta comunidad.<\/p>\n\n\n\n<figure class=\"wp-block-image size-large\"><img loading=\"lazy\" decoding=\"async\" width=\"1024\" height=\"768\" src=\"https:\/\/fundaciongrupoalerta.org\/blog\/wp-content\/uploads\/2026\/07\/WhatsApp-Image-2025-08-20-at-11.40.33-AM-1-1024x768.jpeg\" alt=\"\" class=\"wp-image-822\" srcset=\"https:\/\/fundaciongrupoalerta.org\/blog\/wp-content\/uploads\/2026\/07\/WhatsApp-Image-2025-08-20-at-11.40.33-AM-1-1024x768.jpeg 1024w, https:\/\/fundaciongrupoalerta.org\/blog\/wp-content\/uploads\/2026\/07\/WhatsApp-Image-2025-08-20-at-11.40.33-AM-1-300x225.jpeg 300w, https:\/\/fundaciongrupoalerta.org\/blog\/wp-content\/uploads\/2026\/07\/WhatsApp-Image-2025-08-20-at-11.40.33-AM-1-768x576.jpeg 768w, https:\/\/fundaciongrupoalerta.org\/blog\/wp-content\/uploads\/2026\/07\/WhatsApp-Image-2025-08-20-at-11.40.33-AM-1.jpeg 1280w\" sizes=\"(max-width: 1024px) 100vw, 1024px\" \/><\/figure>\n\n\n\n<p class=\"wp-block-paragraph\" style=\"line-height:1.6\">Durante esta etapa, los esfuerzos se enfocaron en la renovaci\u00f3n de \u00e1reas importantes como la bodega de alimentos, un espacio fundamental para el funcionamiento diario del hogar. A trav\u00e9s de trabajos de pintura, resane y organizaci\u00f3n, los voluntarios contribuyeron a mejorar las condiciones del lugar, brindando una imagen m\u00e1s limpia, ordenada y adecuada.<\/p>\n\n\n\n<p class=\"wp-block-paragraph\" style=\"line-height:1.6\">Cada brocha, cada reparaci\u00f3n y cada detalle realizado durante esta jornada representaron el compromiso de personas que decidieron dedicar su tiempo y esfuerzo para generar un impacto positivo. La participaci\u00f3n colectiva permiti\u00f3 concluir este proceso de renovaci\u00f3n, dejando como resultado espacios m\u00e1s dignos y acogedores.<\/p>\n\n\n\n<div class=\"wp-block-columns is-layout-flex wp-container-core-columns-is-layout-7387b849 wp-block-columns-is-layout-flex\">\n<div class=\"wp-block-column is-layout-flow wp-block-column-is-layout-flow\" style=\"flex-basis:50%\">\n<figure class=\"wp-block-image aligncenter size-large\"><img loading=\"lazy\" decoding=\"async\" width=\"768\" height=\"1024\" src=\"https:\/\/fundaciongrupoalerta.org\/blog\/wp-content\/uploads\/2026\/07\/WhatsApp-Image-2025-08-20-at-11.40.34-AM-2-768x1024.jpeg\" alt=\"\" class=\"wp-image-823\" style=\"aspect-ratio:1;object-fit:cover\" srcset=\"https:\/\/fundaciongrupoalerta.org\/blog\/wp-content\/uploads\/2026\/07\/WhatsApp-Image-2025-08-20-at-11.40.34-AM-2-768x1024.jpeg 768w, https:\/\/fundaciongrupoalerta.org\/blog\/wp-content\/uploads\/2026\/07\/WhatsApp-Image-2025-08-20-at-11.40.34-AM-2-225x300.jpeg 225w, https:\/\/fundaciongrupoalerta.org\/blog\/wp-content\/uploads\/2026\/07\/WhatsApp-Image-2025-08-20-at-11.40.34-AM-2.jpeg 960w\" sizes=\"(max-width: 768px) 100vw, 768px\" \/><figcaption class=\"wp-element-caption\"><em><sub>Un \u00faltimo esfuerzo compartido para cerrar una iniciativa llena de solidaridad y compromiso.<\/sub><\/em><\/figcaption><\/figure>\n<\/div>\n\n\n\n<div class=\"wp-block-column is-layout-flow wp-block-column-is-layout-flow\" style=\"flex-basis:50%\">\n<figure class=\"wp-block-image aligncenter size-large\"><img loading=\"lazy\" decoding=\"async\" width=\"1024\" height=\"768\" src=\"https:\/\/fundaciongrupoalerta.org\/blog\/wp-content\/uploads\/2026\/07\/WhatsApp-Image-2025-08-20-at-11.40.34-AM-3-1024x768.jpeg\" alt=\"\" class=\"wp-image-824\" style=\"aspect-ratio:1;object-fit:cover\" srcset=\"https:\/\/fundaciongrupoalerta.org\/blog\/wp-content\/uploads\/2026\/07\/WhatsApp-Image-2025-08-20-at-11.40.34-AM-3-1024x768.jpeg 1024w, https:\/\/fundaciongrupoalerta.org\/blog\/wp-content\/uploads\/2026\/07\/WhatsApp-Image-2025-08-20-at-11.40.34-AM-3-300x225.jpeg 300w, https:\/\/fundaciongrupoalerta.org\/blog\/wp-content\/uploads\/2026\/07\/WhatsApp-Image-2025-08-20-at-11.40.34-AM-3-768x576.jpeg 768w, https:\/\/fundaciongrupoalerta.org\/blog\/wp-content\/uploads\/2026\/07\/WhatsApp-Image-2025-08-20-at-11.40.34-AM-3.jpeg 1280w\" sizes=\"(max-width: 1024px) 100vw, 1024px\" \/><figcaption class=\"wp-element-caption\"><em><sub>La uni\u00f3n de voluntades permiti\u00f3 alcanzar la meta de renovaci\u00f3n de estos espacios.<\/sub><\/em><\/figcaption><\/figure>\n<\/div>\n<\/div>\n\n\n\n<p class=\"wp-block-paragraph\" style=\"line-height:1.6\">M\u00e1s all\u00e1 del cambio f\u00edsico, esta iniciativa reflej\u00f3 el valor del voluntariado y la importancia de unir esfuerzos para construir entornos que favorezcan el bienestar de la comunidad.<\/p>\n\n\n\n<p class=\"wp-block-paragraph\"><\/p>\n","protected":false},"excerpt":{"rendered":"<p>Voluntarios de Grupo Alerta unieron esfuerzos para renovar los espacios de Hogar San Pablo, contribuyendo a brindar un entorno m\u00e1s digno y acogedor para ni\u00f1as, ni\u00f1os y j\u00f3venes. Porque un hogar tambi\u00e9n se construye con solidaridad, Fundaci\u00f3n Grupo Alerta convoc\u00f3 a colaboradores voluntarios de las distintas empresas del grupo para participar en la renovaci\u00f3n de [&hellip;]<\/p>\n","protected":false},"author":4,"featured_media":785,"comment_status":"open","ping_status":"open","sticky":false,"template":"","format":"standard","meta":{"footnotes":""},"categories":[17,15],"tags":[],"class_list":["post-778","post","type-post","status-publish","format-standard","has-post-thumbnail","hentry","category-comunidad","category-voluntariado"],"_links":{"self":[{"href":"https:\/\/fundaciongrupoalerta.org\/blog\/wp-json\/wp\/v2\/posts\/778","targetHints":{"allow":["GET"]}}],"collection":[{"href":"https:\/\/fundaciongrupoalerta.org\/blog\/wp-json\/wp\/v2\/posts"}],"about":[{"href":"https:\/\/fundaciongrupoalerta.org\/blog\/wp-json\/wp\/v2\/types\/post"}],"author":[{"embeddable":true,"href":"https:\/\/fundaciongrupoalerta.org\/blog\/wp-json\/wp\/v2\/users\/4"}],"replies":[{"embeddable":true,"href":"https:\/\/fundaciongrupoalerta.org\/blog\/wp-json\/wp\/v2\/comments?post=778"}],"version-history":[{"count":5,"href":"https:\/\/fundaciongrupoalerta.org\/blog\/wp-json\/wp\/v2\/posts\/778\/revisions"}],"predecessor-version":[{"id":826,"href":"https:\/\/fundaciongrupoalerta.org\/blog\/wp-json\/wp\/v2\/posts\/778\/revisions\/826"}],"wp:featuredmedia":[{"embeddable":true,"href":"https:\/\/fundaciongrupoalerta.org\/blog\/wp-json\/wp\/v2\/media\/785"}],"wp:attachment":[{"href":"https:\/\/fundaciongrupoalerta.org\/blog\/wp-json\/wp\/v2\/media?parent=778"}],"wp:term":[{"taxonomy":"category","embeddable":true,"href":"https:\/\/fundaciongrupoalerta.org\/blog\/wp-json\/wp\/v2\/categories?post=778"},{"taxonomy":"post_tag","embeddable":true,"href":"https:\/\/fundaciongrupoalerta.org\/blog\/wp-json\/wp\/v2\/tags?post=778"}],"curies":[{"name":"wp","href":"https:\/\/api.w.org\/{rel}","templated":true}]}}