{"id":787,"date":"2025-06-09T22:12:00","date_gmt":"2025-06-09T22:12:00","guid":{"rendered":"https:\/\/fundaciongrupoalerta.org\/blog\/?p=787"},"modified":"2026-07-20T22:32:01","modified_gmt":"2026-07-20T22:32:01","slug":"juguemos-a-emprender-alianza-con-proeduca-sinaloa-2025","status":"publish","type":"post","link":"https:\/\/fundaciongrupoalerta.org\/blog\/juguemos-a-emprender-alianza-con-proeduca-sinaloa-2025\/","title":{"rendered":"JUGUEMOS A EMPRENDER: ALIANZA CON PROEDUCA SINALOA 2025"},"content":{"rendered":"\n<figure class=\"wp-block-embed is-type-video is-provider-youtube wp-block-embed-youtube wp-embed-aspect-16-9 wp-has-aspect-ratio\"><div class=\"wp-block-embed__wrapper\">\n<iframe title=\"Fundaci\u00f3n Grupo Alerta se une al programa \u201cJuguemos a Emprender\u201d de PROEDUCA Sinaloa\" width=\"800\" height=\"450\" src=\"https:\/\/www.youtube.com\/embed\/lUT_yuBQ9O0?feature=oembed\" frameborder=\"0\" allow=\"accelerometer; autoplay; clipboard-write; encrypted-media; gyroscope; picture-in-picture; web-share\" referrerpolicy=\"strict-origin-when-cross-origin\" allowfullscreen><\/iframe>\n<\/div><\/figure>\n\n\n\n<p class=\"wp-block-paragraph\" style=\"line-height:1.6\">En <strong>Fundaci\u00f3n Grupo Alerta<\/strong> nos sentimos profundamente orgullosos de haber apoyado el inspirador programa <strong>\u201cJuguemos a Emprender\u201d<\/strong> de PROEDUCA Sinaloa, un programa dise\u00f1ado para despertar la creatividad, el liderazgo y el esp\u00edritu de innovaci\u00f3n en las nuevas generaciones.<\/p>\n\n\n\n<figure class=\"wp-block-image aligncenter size-large is-resized\"><img fetchpriority=\"high\" decoding=\"async\" width=\"2560\" height=\"2560\" src=\"https:\/\/fundaciongrupoalerta.org\/blog\/wp-content\/uploads\/2026\/07\/IMG_2873-1-edited-scaled.jpg\" alt=\"\" class=\"wp-image-806\" style=\"width:550px;height:auto\" srcset=\"https:\/\/fundaciongrupoalerta.org\/blog\/wp-content\/uploads\/2026\/07\/IMG_2873-1-edited-scaled.jpg 2560w, https:\/\/fundaciongrupoalerta.org\/blog\/wp-content\/uploads\/2026\/07\/IMG_2873-1-edited-300x300.jpg 300w, https:\/\/fundaciongrupoalerta.org\/blog\/wp-content\/uploads\/2026\/07\/IMG_2873-1-edited-1024x1024.jpg 1024w, https:\/\/fundaciongrupoalerta.org\/blog\/wp-content\/uploads\/2026\/07\/IMG_2873-1-edited-150x150.jpg 150w, https:\/\/fundaciongrupoalerta.org\/blog\/wp-content\/uploads\/2026\/07\/IMG_2873-1-edited-768x768.jpg 768w, https:\/\/fundaciongrupoalerta.org\/blog\/wp-content\/uploads\/2026\/07\/IMG_2873-1-edited-1536x1536.jpg 1536w, https:\/\/fundaciongrupoalerta.org\/blog\/wp-content\/uploads\/2026\/07\/IMG_2873-1-edited-2048x2048.jpg 2048w\" sizes=\"(max-width: 2560px) 100vw, 2560px\" \/><\/figure>\n\n\n\n<p class=\"wp-block-paragraph\" style=\"line-height:1.6\">Durante esta edici\u00f3n, tuvimos el privilegio de apoyar a <strong>10 escuelas<\/strong>. Fue un verdadero orgullo atestiguar el talento, la dedicaci\u00f3n y la gran visi\u00f3n con la que los estudiantes presentaron sus ideas de negocio ante la comunidad.<\/p>\n\n\n\n<figure class=\"wp-block-image aligncenter size-large is-resized\"><img decoding=\"async\" width=\"1024\" height=\"768\" src=\"https:\/\/fundaciongrupoalerta.org\/blog\/wp-content\/uploads\/2026\/07\/IMG_2911-3-1024x768.jpg\" alt=\"\" class=\"wp-image-814\" style=\"width:669px;height:auto\" srcset=\"https:\/\/fundaciongrupoalerta.org\/blog\/wp-content\/uploads\/2026\/07\/IMG_2911-3-1024x768.jpg 1024w, https:\/\/fundaciongrupoalerta.org\/blog\/wp-content\/uploads\/2026\/07\/IMG_2911-3-300x225.jpg 300w, https:\/\/fundaciongrupoalerta.org\/blog\/wp-content\/uploads\/2026\/07\/IMG_2911-3-768x576.jpg 768w, https:\/\/fundaciongrupoalerta.org\/blog\/wp-content\/uploads\/2026\/07\/IMG_2911-3-1536x1152.jpg 1536w, https:\/\/fundaciongrupoalerta.org\/blog\/wp-content\/uploads\/2026\/07\/IMG_2911-3-2048x1536.jpg 2048w\" sizes=\"(max-width: 1024px) 100vw, 1024px\" \/><\/figure>\n\n\n\n<p class=\"wp-block-paragraph\" style=\"line-height:1.6\">Experiencias como esta nos reafirman que, cuando se impulsa la educaci\u00f3n y se cree en el potencial de la ni\u00f1ez, sembramos las semillas de los grandes l\u00edderes y empresarios del ma\u00f1ana. En Fundaci\u00f3n Grupo Alerta continuaremos respaldando proyectos que transformen la educaci\u00f3n y fomenten un futuro lleno de oportunidades. \u00a1Muchas felicidades a todos los participantes!<\/p>\n\n\n\n<figure class=\"wp-block-image aligncenter size-large is-resized\"><img decoding=\"async\" width=\"768\" height=\"1024\" src=\"https:\/\/fundaciongrupoalerta.org\/blog\/wp-content\/uploads\/2026\/07\/IMG_2923-768x1024.jpg\" alt=\"\" class=\"wp-image-815\" style=\"width:420px;height:auto\" srcset=\"https:\/\/fundaciongrupoalerta.org\/blog\/wp-content\/uploads\/2026\/07\/IMG_2923-768x1024.jpg 768w, https:\/\/fundaciongrupoalerta.org\/blog\/wp-content\/uploads\/2026\/07\/IMG_2923-225x300.jpg 225w, https:\/\/fundaciongrupoalerta.org\/blog\/wp-content\/uploads\/2026\/07\/IMG_2923-1152x1536.jpg 1152w, https:\/\/fundaciongrupoalerta.org\/blog\/wp-content\/uploads\/2026\/07\/IMG_2923-1536x2048.jpg 1536w, https:\/\/fundaciongrupoalerta.org\/blog\/wp-content\/uploads\/2026\/07\/IMG_2923-scaled.jpg 1920w\" sizes=\"(max-width: 768px) 100vw, 768px\" \/><\/figure>\n","protected":false},"excerpt":{"rendered":"<p>Fundaci\u00f3n Grupo Alerta apoya el talento y la creatividad de la ni\u00f1ez Mazatleca<\/p>\n","protected":false},"author":4,"featured_media":806,"comment_status":"open","ping_status":"open","sticky":false,"template":"","format":"standard","meta":{"footnotes":""},"categories":[16],"tags":[],"class_list":["post-787","post","type-post","status-publish","format-standard","has-post-thumbnail","hentry","category-donatarias"],"_links":{"self":[{"href":"https:\/\/fundaciongrupoalerta.org\/blog\/wp-json\/wp\/v2\/posts\/787","targetHints":{"allow":["GET"]}}],"collection":[{"href":"https:\/\/fundaciongrupoalerta.org\/blog\/wp-json\/wp\/v2\/posts"}],"about":[{"href":"https:\/\/fundaciongrupoalerta.org\/blog\/wp-json\/wp\/v2\/types\/post"}],"author":[{"embeddable":true,"href":"https:\/\/fundaciongrupoalerta.org\/blog\/wp-json\/wp\/v2\/users\/4"}],"replies":[{"embeddable":true,"href":"https:\/\/fundaciongrupoalerta.org\/blog\/wp-json\/wp\/v2\/comments?post=787"}],"version-history":[{"count":2,"href":"https:\/\/fundaciongrupoalerta.org\/blog\/wp-json\/wp\/v2\/posts\/787\/revisions"}],"predecessor-version":[{"id":817,"href":"https:\/\/fundaciongrupoalerta.org\/blog\/wp-json\/wp\/v2\/posts\/787\/revisions\/817"}],"wp:featuredmedia":[{"embeddable":true,"href":"https:\/\/fundaciongrupoalerta.org\/blog\/wp-json\/wp\/v2\/media\/806"}],"wp:attachment":[{"href":"https:\/\/fundaciongrupoalerta.org\/blog\/wp-json\/wp\/v2\/media?parent=787"}],"wp:term":[{"taxonomy":"category","embeddable":true,"href":"https:\/\/fundaciongrupoalerta.org\/blog\/wp-json\/wp\/v2\/categories?post=787"},{"taxonomy":"post_tag","embeddable":true,"href":"https:\/\/fundaciongrupoalerta.org\/blog\/wp-json\/wp\/v2\/tags?post=787"}],"curies":[{"name":"wp","href":"https:\/\/api.w.org\/{rel}","templated":true}]}}