{"id":821,"date":"2025-06-19T23:00:00","date_gmt":"2025-06-19T23:00:00","guid":{"rendered":"https:\/\/fundaciongrupoalerta.org\/blog\/?p=821"},"modified":"2026-07-31T23:12:17","modified_gmt":"2026-07-31T23:12:17","slug":"alianza-con-proeduca-sinaloa-consejos-escolares","status":"publish","type":"post","link":"https:\/\/fundaciongrupoalerta.org\/blog\/alianza-con-proeduca-sinaloa-consejos-escolares\/","title":{"rendered":"ALIANZA CON PROEDUCA SINALOA: CONSEJOS ESCOLARES"},"content":{"rendered":"\n<figure class=\"wp-block-embed is-type-video is-provider-youtube wp-block-embed-youtube wp-embed-aspect-16-9 wp-has-aspect-ratio\"><div class=\"wp-block-embed__wrapper\">\n<iframe title=\"Fundaci\u00f3n Grupo Alerta apoya a 10 escuelas en Mazatl\u00e1n, en alianza a programa de PROEDUCA Sinaloa\" width=\"800\" height=\"450\" src=\"https:\/\/www.youtube.com\/embed\/H6xOKtC7D1M?feature=oembed\" frameborder=\"0\" allow=\"accelerometer; autoplay; clipboard-write; encrypted-media; gyroscope; picture-in-picture; web-share\" referrerpolicy=\"strict-origin-when-cross-origin\" allowfullscreen><\/iframe>\n<\/div><\/figure>\n\n\n\n<p class=\"wp-block-paragraph\" style=\"line-height:1.6\">En <strong>Fundaci\u00f3n Grupo Alerta<\/strong> estamos convencidos de que la educaci\u00f3n es la herramienta m\u00e1s poderosa para cambiar el rumbo de nuestra sociedad. Por ello, nos llena de entusiasmo anunciar nuestra alianza estrat\u00e9gica con <strong>PRO EDUCA<\/strong>, una colaboraci\u00f3n orientada a fortalecer el emprendimiento y enriquecer profundamente la vida de toda la comunidad escolar.<\/p>\n\n\n\n<figure class=\"wp-block-image aligncenter size-large is-resized\"><img fetchpriority=\"high\" decoding=\"async\" width=\"1024\" height=\"768\" src=\"https:\/\/fundaciongrupoalerta.org\/blog\/wp-content\/uploads\/2026\/07\/image-7-1024x768.png\" alt=\"\" class=\"wp-image-841\" style=\"width:684px;height:auto\" srcset=\"https:\/\/fundaciongrupoalerta.org\/blog\/wp-content\/uploads\/2026\/07\/image-7-1024x768.png 1024w, https:\/\/fundaciongrupoalerta.org\/blog\/wp-content\/uploads\/2026\/07\/image-7-300x225.png 300w, https:\/\/fundaciongrupoalerta.org\/blog\/wp-content\/uploads\/2026\/07\/image-7-768x576.png 768w, https:\/\/fundaciongrupoalerta.org\/blog\/wp-content\/uploads\/2026\/07\/image-7-1536x1152.png 1536w, https:\/\/fundaciongrupoalerta.org\/blog\/wp-content\/uploads\/2026\/07\/image-7.png 1600w\" sizes=\"(max-width: 1024px) 100vw, 1024px\" \/><\/figure>\n\n\n\n<p class=\"wp-block-paragraph\" style=\"line-height:1.6\">Creemos firmemente en el poder de la educaci\u00f3n y en la importancia de abrir nuevas y mejores oportunidades tanto para estudiantes como para docentes. A trav\u00e9s de este esfuerzo conjunto, buscamos dotar a las escuelas de herramientas pr\u00e1cticas que estimulen la creatividad, el liderazgo y el desarrollo de habilidades clave para el futuro de la ni\u00f1ez y juventud de nuestra regi\u00f3n.<\/p>\n\n\n\n<figure class=\"wp-block-image aligncenter size-full\"><img decoding=\"async\" width=\"373\" height=\"468\" src=\"https:\/\/fundaciongrupoalerta.org\/blog\/wp-content\/uploads\/2026\/07\/WhatsApp-Image-2026-07-20-at-4.05.26-PM.jpeg\" alt=\"\" class=\"wp-image-846\" srcset=\"https:\/\/fundaciongrupoalerta.org\/blog\/wp-content\/uploads\/2026\/07\/WhatsApp-Image-2026-07-20-at-4.05.26-PM.jpeg 373w, https:\/\/fundaciongrupoalerta.org\/blog\/wp-content\/uploads\/2026\/07\/WhatsApp-Image-2026-07-20-at-4.05.26-PM-239x300.jpeg 239w\" sizes=\"(max-width: 373px) 100vw, 373px\" \/><\/figure>\n\n\n\n<p class=\"wp-block-paragraph\" style=\"line-height:1.6\">Esta alianza representa un paso m\u00e1s en nuestra misi\u00f3n de generar un impacto positivo y duradero. En Fundaci\u00f3n Grupo Alerta reafirmamos nuestro compromiso de seguir sumando voluntades con organizaciones hermanas. \u00a1Seguimos transformando realidades y construyendo un mejor ma\u00f1ana para todos!<\/p>\n\n\n\n<figure class=\"wp-block-image aligncenter size-full is-resized\"><img decoding=\"async\" width=\"768\" height=\"512\" src=\"https:\/\/fundaciongrupoalerta.org\/blog\/wp-content\/uploads\/2026\/07\/image-8.png\" alt=\"\" class=\"wp-image-842\" style=\"width:643px;height:auto\" srcset=\"https:\/\/fundaciongrupoalerta.org\/blog\/wp-content\/uploads\/2026\/07\/image-8.png 768w, https:\/\/fundaciongrupoalerta.org\/blog\/wp-content\/uploads\/2026\/07\/image-8-300x200.png 300w\" sizes=\"(max-width: 768px) 100vw, 768px\" \/><\/figure>\n\n\n\n<p class=\"wp-block-paragraph\"><\/p>\n","protected":false},"excerpt":{"rendered":"<p>Alianza por la educaci\u00f3n: Sumamos esfuerzos con PROEDUCA Sinaloa para impulsar nuevas oportunidades en la comunidad escolar.<\/p>\n","protected":false},"author":4,"featured_media":846,"comment_status":"open","ping_status":"open","sticky":false,"template":"","format":"standard","meta":{"footnotes":""},"categories":[16],"tags":[],"class_list":["post-821","post","type-post","status-publish","format-standard","has-post-thumbnail","hentry","category-donatarias"],"_links":{"self":[{"href":"https:\/\/fundaciongrupoalerta.org\/blog\/wp-json\/wp\/v2\/posts\/821","targetHints":{"allow":["GET"]}}],"collection":[{"href":"https:\/\/fundaciongrupoalerta.org\/blog\/wp-json\/wp\/v2\/posts"}],"about":[{"href":"https:\/\/fundaciongrupoalerta.org\/blog\/wp-json\/wp\/v2\/types\/post"}],"author":[{"embeddable":true,"href":"https:\/\/fundaciongrupoalerta.org\/blog\/wp-json\/wp\/v2\/users\/4"}],"replies":[{"embeddable":true,"href":"https:\/\/fundaciongrupoalerta.org\/blog\/wp-json\/wp\/v2\/comments?post=821"}],"version-history":[{"count":2,"href":"https:\/\/fundaciongrupoalerta.org\/blog\/wp-json\/wp\/v2\/posts\/821\/revisions"}],"predecessor-version":[{"id":847,"href":"https:\/\/fundaciongrupoalerta.org\/blog\/wp-json\/wp\/v2\/posts\/821\/revisions\/847"}],"wp:featuredmedia":[{"embeddable":true,"href":"https:\/\/fundaciongrupoalerta.org\/blog\/wp-json\/wp\/v2\/media\/846"}],"wp:attachment":[{"href":"https:\/\/fundaciongrupoalerta.org\/blog\/wp-json\/wp\/v2\/media?parent=821"}],"wp:term":[{"taxonomy":"category","embeddable":true,"href":"https:\/\/fundaciongrupoalerta.org\/blog\/wp-json\/wp\/v2\/categories?post=821"},{"taxonomy":"post_tag","embeddable":true,"href":"https:\/\/fundaciongrupoalerta.org\/blog\/wp-json\/wp\/v2\/tags?post=821"}],"curies":[{"name":"wp","href":"https:\/\/api.w.org\/{rel}","templated":true}]}}