{"id":827,"date":"2025-06-01T22:40:00","date_gmt":"2025-06-01T22:40:00","guid":{"rendered":"https:\/\/fundaciongrupoalerta.org\/blog\/?p=827"},"modified":"2026-07-31T23:11:46","modified_gmt":"2026-07-31T23:11:46","slug":"madrina-de-generacion-francisco-madero-herrera","status":"publish","type":"post","link":"https:\/\/fundaciongrupoalerta.org\/blog\/madrina-de-generacion-francisco-madero-herrera\/","title":{"rendered":"MADRINA DE GENERACI\u00d3N FRANCISCO MADERO HERRERA"},"content":{"rendered":"\n<h2 class=\"wp-block-heading has-text-align-center has-medium-font-size\" style=\"line-height:1.6\">Reconociendo el esfuerzo acad\u00e9mico de estudiantes que inspiran a seguir impulsando la educaci\u00f3n.<\/h2>\n\n\n\n<figure class=\"wp-block-image aligncenter size-full is-resized\"><img fetchpriority=\"high\" decoding=\"async\" width=\"560\" height=\"434\" src=\"https:\/\/fundaciongrupoalerta.org\/blog\/wp-content\/uploads\/2026\/07\/image-6.png\" alt=\"\" class=\"wp-image-840\" style=\"aspect-ratio:1.2903544522662715;width:739px;height:auto\" srcset=\"https:\/\/fundaciongrupoalerta.org\/blog\/wp-content\/uploads\/2026\/07\/image-6.png 560w, https:\/\/fundaciongrupoalerta.org\/blog\/wp-content\/uploads\/2026\/07\/image-6-300x233.png 300w\" sizes=\"(max-width: 560px) 100vw, 560px\" \/><\/figure>\n\n\n\n<h3 class=\"wp-block-heading has-white-color has-luminous-vivid-orange-to-vivid-red-gradient-background has-text-color has-background has-link-color has-medium-font-size wp-elements-80c18a1b47cb097ba25856939b5fa0f4\" style=\"line-height:1.6\"><strong>Un compromiso que contin\u00faa m\u00e1s all\u00e1 de la rehabilitaci\u00f3n<\/strong><\/h3>\n\n\n\n<p class=\"wp-block-paragraph\" style=\"line-height:1.6\">La educaci\u00f3n es uno de los pilares fundamentales para construir mejores oportunidades, y acompa\u00f1ar a las comunidades educativas forma parte del compromiso de Fundaci\u00f3n Grupo Alerta con el desarrollo social.<\/p>\n\n\n\n<p class=\"wp-block-paragraph\" style=\"line-height:1.6\">Luego de participar en la rehabilitaci\u00f3n de la Escuela Primaria Francisco Madero Herrera, Fundaci\u00f3n Grupo Alerta regres\u00f3 a sus instalaciones para formar parte de un momento especial: la celebraci\u00f3n de una nueva generaci\u00f3n de estudiantes y el reconocimiento a quienes destacaron por su esfuerzo acad\u00e9mico.<\/p>\n\n\n\n<div class=\"wp-block-columns is-layout-flex wp-container-core-columns-is-layout-7387b849 wp-block-columns-is-layout-flex\">\n<div class=\"wp-block-column is-layout-flow wp-block-column-is-layout-flow\" style=\"flex-basis:33.34%\">\n<figure class=\"wp-block-image size-full\"><img decoding=\"async\" width=\"314\" height=\"424\" src=\"https:\/\/fundaciongrupoalerta.org\/blog\/wp-content\/uploads\/2026\/07\/image-3.png\" alt=\"\" class=\"wp-image-832\" style=\"aspect-ratio:3\/4;object-fit:cover\" srcset=\"https:\/\/fundaciongrupoalerta.org\/blog\/wp-content\/uploads\/2026\/07\/image-3.png 314w, https:\/\/fundaciongrupoalerta.org\/blog\/wp-content\/uploads\/2026\/07\/image-3-222x300.png 222w\" sizes=\"(max-width: 314px) 100vw, 314px\" \/><\/figure>\n<\/div>\n\n\n\n<div class=\"wp-block-column is-layout-flow wp-block-column-is-layout-flow\" style=\"flex-basis:33.33%\">\n<figure class=\"wp-block-image size-full\"><img decoding=\"async\" width=\"318\" height=\"412\" src=\"https:\/\/fundaciongrupoalerta.org\/blog\/wp-content\/uploads\/2026\/07\/Captura-de-pantalla-2026-07-20-160011.png\" alt=\"\" class=\"wp-image-839\" style=\"aspect-ratio:3\/4;object-fit:cover\" srcset=\"https:\/\/fundaciongrupoalerta.org\/blog\/wp-content\/uploads\/2026\/07\/Captura-de-pantalla-2026-07-20-160011.png 318w, https:\/\/fundaciongrupoalerta.org\/blog\/wp-content\/uploads\/2026\/07\/Captura-de-pantalla-2026-07-20-160011-232x300.png 232w\" sizes=\"(max-width: 318px) 100vw, 318px\" \/><\/figure>\n<\/div>\n\n\n\n<div class=\"wp-block-column is-layout-flow wp-block-column-is-layout-flow\" style=\"flex-basis:33.33%\">\n<figure class=\"wp-block-image size-full\"><img loading=\"lazy\" decoding=\"async\" width=\"300\" height=\"421\" src=\"https:\/\/fundaciongrupoalerta.org\/blog\/wp-content\/uploads\/2026\/07\/Captura-de-pantalla-2026-07-20-160351.png\" alt=\"\" class=\"wp-image-844\" style=\"aspect-ratio:3\/4;object-fit:cover\" srcset=\"https:\/\/fundaciongrupoalerta.org\/blog\/wp-content\/uploads\/2026\/07\/Captura-de-pantalla-2026-07-20-160351.png 300w, https:\/\/fundaciongrupoalerta.org\/blog\/wp-content\/uploads\/2026\/07\/Captura-de-pantalla-2026-07-20-160351-214x300.png 214w\" sizes=\"(max-width: 300px) 100vw, 300px\" \/><\/figure>\n<\/div>\n<\/div>\n\n\n\n<p class=\"wp-block-paragraph\" style=\"line-height:1.6\">Durante esta ceremonia, se reconoci\u00f3 la dedicaci\u00f3n y constancia de los alumnos con mejor aprovechamiento escolar, quienes recibieron herramientas tecnol\u00f3gicas como una laptop y dos tablets como incentivo para continuar fortaleciendo su aprendizaje.<\/p>\n\n\n\n<figure class=\"wp-block-image aligncenter size-full is-resized\"><img loading=\"lazy\" decoding=\"async\" width=\"551\" height=\"426\" src=\"https:\/\/fundaciongrupoalerta.org\/blog\/wp-content\/uploads\/2026\/07\/image-9.png\" alt=\"\" class=\"wp-image-845\" style=\"aspect-ratio:1.2934634084336967;width:702px;height:auto\" srcset=\"https:\/\/fundaciongrupoalerta.org\/blog\/wp-content\/uploads\/2026\/07\/image-9.png 551w, https:\/\/fundaciongrupoalerta.org\/blog\/wp-content\/uploads\/2026\/07\/image-9-300x232.png 300w\" sizes=\"(max-width: 551px) 100vw, 551px\" \/><figcaption class=\"wp-element-caption\"><em><sub>Fundaci\u00f3n Grupo Alerta y directivos de la instituci\u00f3n educativa celebran los logros de esta generaci\u00f3n.<\/sub><\/em><\/figcaption><\/figure>\n\n\n\n<h3 class=\"wp-block-heading has-white-color has-light-green-cyan-to-vivid-green-cyan-gradient-background has-text-color has-background has-link-color has-medium-font-size wp-elements-2c5c453840229359e5fe4264d1e06493\" style=\"line-height:1.6\"><strong>Reconociendo el esfuerzo y la dedicaci\u00f3n<\/strong><\/h3>\n\n\n\n<p class=\"wp-block-paragraph\" style=\"line-height:1.6\">La entrega de estos apoyos represent\u00f3 una manera de motivar a los estudiantes a continuar esforz\u00e1ndose y recordarles que su dedicaci\u00f3n tiene un impacto en su trayectoria educativa.<\/p>\n\n\n\n<p class=\"wp-block-paragraph\" style=\"line-height:1.6\">Adem\u00e1s del reconocimiento acad\u00e9mico, Fundaci\u00f3n Grupo Alerta comparti\u00f3 este momento con alumnos, maestros, directivos y padres de familia, quienes forman parte esencial del proceso educativo y del crecimiento de cada estudiante.<\/p>\n\n\n\n<figure class=\"wp-block-image aligncenter size-full is-resized\"><img loading=\"lazy\" decoding=\"async\" width=\"572\" height=\"423\" src=\"https:\/\/fundaciongrupoalerta.org\/blog\/wp-content\/uploads\/2026\/07\/image-10.png\" alt=\"\" class=\"wp-image-848\" style=\"aspect-ratio:1.352273835451679;width:728px;height:auto\" srcset=\"https:\/\/fundaciongrupoalerta.org\/blog\/wp-content\/uploads\/2026\/07\/image-10.png 572w, https:\/\/fundaciongrupoalerta.org\/blog\/wp-content\/uploads\/2026\/07\/image-10-300x222.png 300w\" sizes=\"(max-width: 572px) 100vw, 572px\" \/><\/figure>\n\n\n\n<p class=\"wp-block-paragraph\" style=\"line-height:1.6\">La participaci\u00f3n de la comunidad escolar reflej\u00f3 la importancia de trabajar de manera conjunta para generar espacios donde ni\u00f1as y ni\u00f1os puedan desarrollarse, aprender y alcanzar nuevas metas.<\/p>\n\n\n\n<div class=\"wp-block-columns is-layout-flex wp-container-core-columns-is-layout-7387b849 wp-block-columns-is-layout-flex\">\n<div class=\"wp-block-column is-layout-flow wp-block-column-is-layout-flow\" style=\"flex-basis:50%\">\n<figure class=\"wp-block-image aligncenter size-full is-resized\"><img loading=\"lazy\" decoding=\"async\" width=\"298\" height=\"426\" src=\"https:\/\/fundaciongrupoalerta.org\/blog\/wp-content\/uploads\/2026\/07\/Captura-de-pantalla-2026-07-20-155737-1.png\" alt=\"\" class=\"wp-image-850\" style=\"aspect-ratio:0.75;object-fit:cover;width:378px;height:auto\" srcset=\"https:\/\/fundaciongrupoalerta.org\/blog\/wp-content\/uploads\/2026\/07\/Captura-de-pantalla-2026-07-20-155737-1.png 298w, https:\/\/fundaciongrupoalerta.org\/blog\/wp-content\/uploads\/2026\/07\/Captura-de-pantalla-2026-07-20-155737-1-210x300.png 210w\" sizes=\"(max-width: 298px) 100vw, 298px\" \/><figcaption class=\"wp-element-caption\"><em><sub>Daniela Novelo Aldaz, representante de Fundaci\u00f3n Grupo Alerta, junto a Yadira Judith Carre\u00f3n Flores, directora de la instituci\u00f3n, durante la entrega de reconocimiento.<\/sub><\/em><\/figcaption><\/figure>\n<\/div>\n\n\n\n<div class=\"wp-block-column is-layout-flow wp-block-column-is-layout-flow\" style=\"flex-basis:50%\">\n<figure class=\"wp-block-image aligncenter size-full is-resized\"><img loading=\"lazy\" decoding=\"async\" width=\"316\" height=\"390\" src=\"https:\/\/fundaciongrupoalerta.org\/blog\/wp-content\/uploads\/2026\/07\/Captura-de-pantalla-2026-07-20-160950.png\" alt=\"\" class=\"wp-image-851\" style=\"aspect-ratio:0.75;object-fit:cover;width:375px;height:auto\" srcset=\"https:\/\/fundaciongrupoalerta.org\/blog\/wp-content\/uploads\/2026\/07\/Captura-de-pantalla-2026-07-20-160950.png 316w, https:\/\/fundaciongrupoalerta.org\/blog\/wp-content\/uploads\/2026\/07\/Captura-de-pantalla-2026-07-20-160950-243x300.png 243w\" sizes=\"(max-width: 316px) 100vw, 316px\" \/><figcaption class=\"wp-element-caption\"><em><sub> Fundaci\u00f3n Grupo Alerta, madrina de generaci\u00f3n.<\/sub><\/em><\/figcaption><\/figure>\n<\/div>\n<\/div>\n\n\n\n<h3 class=\"wp-block-heading has-white-color has-luminous-vivid-orange-to-vivid-red-gradient-background has-text-color has-background has-link-color has-medium-font-size wp-elements-86eec96f62b1d6b9e538f876b2ee151b\" style=\"line-height:1.6\"><strong>Una celebraci\u00f3n de la comunidad educativa<\/strong><\/h3>\n\n\n\n<p class=\"wp-block-paragraph\" style=\"line-height:1.6\">M\u00e1s all\u00e1 de la entrega de reconocimientos, esta visita represent\u00f3 un encuentro con una comunidad que inspira a continuar impulsando acciones en favor de la educaci\u00f3n.<\/p>\n\n\n\n<p class=\"wp-block-paragraph\" style=\"line-height:1.6\">La presencia de docentes, familias y estudiantes reafirm\u00f3 que los grandes cambios se construyen mediante la colaboraci\u00f3n y el compromiso compartido.<\/p>\n\n\n\n<div class=\"wp-block-columns is-layout-flex wp-container-core-columns-is-layout-7387b849 wp-block-columns-is-layout-flex\">\n<div class=\"wp-block-column is-layout-flow wp-block-column-is-layout-flow\" style=\"flex-basis:50%\">\n<figure class=\"wp-block-image aligncenter size-full is-resized\"><img loading=\"lazy\" decoding=\"async\" width=\"310\" height=\"391\" src=\"https:\/\/fundaciongrupoalerta.org\/blog\/wp-content\/uploads\/2026\/07\/Captura-de-pantalla-2026-07-20-161246.png\" alt=\"\" class=\"wp-image-852\" style=\"width:307px;height:auto\" srcset=\"https:\/\/fundaciongrupoalerta.org\/blog\/wp-content\/uploads\/2026\/07\/Captura-de-pantalla-2026-07-20-161246.png 310w, https:\/\/fundaciongrupoalerta.org\/blog\/wp-content\/uploads\/2026\/07\/Captura-de-pantalla-2026-07-20-161246-238x300.png 238w\" sizes=\"(max-width: 310px) 100vw, 310px\" \/><figcaption class=\"wp-element-caption\"><em><sub>Peque\u00f1os apoyos que fortalecen grandes aprendizajes.<\/sub><\/em><\/figcaption><\/figure>\n<\/div>\n\n\n\n<div class=\"wp-block-column is-layout-flow wp-block-column-is-layout-flow\" style=\"flex-basis:50%\">\n<figure class=\"wp-block-image aligncenter size-full is-resized\"><img loading=\"lazy\" decoding=\"async\" width=\"325\" height=\"419\" src=\"https:\/\/fundaciongrupoalerta.org\/blog\/wp-content\/uploads\/2026\/07\/Captura-de-pantalla-2026-07-20-161345.png\" alt=\"\" class=\"wp-image-853\" style=\"width:300px;height:auto\" srcset=\"https:\/\/fundaciongrupoalerta.org\/blog\/wp-content\/uploads\/2026\/07\/Captura-de-pantalla-2026-07-20-161345.png 325w, https:\/\/fundaciongrupoalerta.org\/blog\/wp-content\/uploads\/2026\/07\/Captura-de-pantalla-2026-07-20-161345-233x300.png 233w\" sizes=\"(max-width: 325px) 100vw, 325px\" \/><figcaption class=\"wp-element-caption\"><em><sub>Un detalle especial para celebrar los logros de esta generaci\u00f3n.<\/sub><\/em><\/figcaption><\/figure>\n<\/div>\n<\/div>\n\n\n\n<p class=\"wp-block-paragraph\" style=\"line-height:1.6\">Fundaci\u00f3n Grupo Alerta agradece a cada integrante de la Escuela Primaria Francisco Madero Herrera por permitir formar parte de este momento y por demostrar que la educaci\u00f3n contin\u00faa siendo una herramienta fundamental para transformar vidas.<\/p>\n\n\n\n<div class=\"wp-block-cover aligncenter has-custom-content-position is-position-top-center\"><img loading=\"lazy\" decoding=\"async\" width=\"555\" height=\"432\" class=\"wp-block-cover__image-background wp-image-854\" alt=\"\" src=\"https:\/\/fundaciongrupoalerta.org\/blog\/wp-content\/uploads\/2026\/07\/image-11.png\" data-object-fit=\"cover\" srcset=\"https:\/\/fundaciongrupoalerta.org\/blog\/wp-content\/uploads\/2026\/07\/image-11.png 555w, https:\/\/fundaciongrupoalerta.org\/blog\/wp-content\/uploads\/2026\/07\/image-11-300x234.png 300w\" sizes=\"(max-width: 555px) 100vw, 555px\" \/><span aria-hidden=\"true\" class=\"wp-block-cover__background has-background-dim-20 has-background-dim\"><\/span><div class=\"wp-block-cover__inner-container is-layout-flow wp-block-cover-is-layout-flow\">\n<h1 class=\"wp-block-heading has-text-align-center has-white-color has-text-color has-link-color has-large-font-size wp-elements-03d0e5a35ef7afce2b8888cec7aa4872\" style=\"line-height:1.6\"><strong>UNA ETAPA TERMINA, NUEVOS SUE\u00d1OS COMIENZAN.<\/strong><\/h1>\n<\/div><\/div>\n","protected":false},"excerpt":{"rendered":"<p>Reconociendo el esfuerzo acad\u00e9mico de estudiantes que inspiran a seguir impulsando la educaci\u00f3n. Un compromiso que contin\u00faa m\u00e1s all\u00e1 de la rehabilitaci\u00f3n La educaci\u00f3n es uno de los pilares fundamentales para construir mejores oportunidades, y acompa\u00f1ar a las comunidades educativas forma parte del compromiso de Fundaci\u00f3n Grupo Alerta con el desarrollo social. Luego de participar [&hellip;]<\/p>\n","protected":false},"author":4,"featured_media":854,"comment_status":"open","ping_status":"open","sticky":false,"template":"","format":"standard","meta":{"footnotes":""},"categories":[17,15],"tags":[],"class_list":["post-827","post","type-post","status-publish","format-standard","has-post-thumbnail","hentry","category-comunidad","category-voluntariado"],"_links":{"self":[{"href":"https:\/\/fundaciongrupoalerta.org\/blog\/wp-json\/wp\/v2\/posts\/827","targetHints":{"allow":["GET"]}}],"collection":[{"href":"https:\/\/fundaciongrupoalerta.org\/blog\/wp-json\/wp\/v2\/posts"}],"about":[{"href":"https:\/\/fundaciongrupoalerta.org\/blog\/wp-json\/wp\/v2\/types\/post"}],"author":[{"embeddable":true,"href":"https:\/\/fundaciongrupoalerta.org\/blog\/wp-json\/wp\/v2\/users\/4"}],"replies":[{"embeddable":true,"href":"https:\/\/fundaciongrupoalerta.org\/blog\/wp-json\/wp\/v2\/comments?post=827"}],"version-history":[{"count":1,"href":"https:\/\/fundaciongrupoalerta.org\/blog\/wp-json\/wp\/v2\/posts\/827\/revisions"}],"predecessor-version":[{"id":859,"href":"https:\/\/fundaciongrupoalerta.org\/blog\/wp-json\/wp\/v2\/posts\/827\/revisions\/859"}],"wp:featuredmedia":[{"embeddable":true,"href":"https:\/\/fundaciongrupoalerta.org\/blog\/wp-json\/wp\/v2\/media\/854"}],"wp:attachment":[{"href":"https:\/\/fundaciongrupoalerta.org\/blog\/wp-json\/wp\/v2\/media?parent=827"}],"wp:term":[{"taxonomy":"category","embeddable":true,"href":"https:\/\/fundaciongrupoalerta.org\/blog\/wp-json\/wp\/v2\/categories?post=827"},{"taxonomy":"post_tag","embeddable":true,"href":"https:\/\/fundaciongrupoalerta.org\/blog\/wp-json\/wp\/v2\/tags?post=827"}],"curies":[{"name":"wp","href":"https:\/\/api.w.org\/{rel}","templated":true}]}}