{"id":849,"date":"2025-07-18T23:08:00","date_gmt":"2025-07-18T23:08:00","guid":{"rendered":"https:\/\/fundaciongrupoalerta.org\/blog\/?p=849"},"modified":"2026-07-31T23:14:09","modified_gmt":"2026-07-31T23:14:09","slug":"croquetaton-2025-en-alianza-con-popul-auto-mazatlan","status":"publish","type":"post","link":"https:\/\/fundaciongrupoalerta.org\/blog\/croquetaton-2025-en-alianza-con-popul-auto-mazatlan\/","title":{"rendered":"CROQUETAT\u00d3N 2025 EN ALIANZA CON POPUL AUTO MAZATL\u00c1N"},"content":{"rendered":"\n<figure class=\"wp-block-image aligncenter size-large is-resized\"><img fetchpriority=\"high\" decoding=\"async\" width=\"768\" height=\"1024\" src=\"https:\/\/fundaciongrupoalerta.org\/blog\/wp-content\/uploads\/2026\/07\/WhatsApp-Image-2025-08-20-at-11.21.24-AM-5-1-768x1024.jpeg\" alt=\"\" class=\"wp-image-855\" style=\"width:485px;height:auto\" srcset=\"https:\/\/fundaciongrupoalerta.org\/blog\/wp-content\/uploads\/2026\/07\/WhatsApp-Image-2025-08-20-at-11.21.24-AM-5-1-768x1024.jpeg 768w, https:\/\/fundaciongrupoalerta.org\/blog\/wp-content\/uploads\/2026\/07\/WhatsApp-Image-2025-08-20-at-11.21.24-AM-5-1-225x300.jpeg 225w, https:\/\/fundaciongrupoalerta.org\/blog\/wp-content\/uploads\/2026\/07\/WhatsApp-Image-2025-08-20-at-11.21.24-AM-5-1.jpeg 960w\" sizes=\"(max-width: 768px) 100vw, 768px\" \/><\/figure>\n\n\n\n<p class=\"wp-block-paragraph\" style=\"line-height:1.6\">Gracias a la gran suma de esfuerzos y al trabajo en equipo entre <strong>Popul Auto Mazatl\u00e1n<\/strong>, <strong>Grupo Alerta<\/strong> y <strong>Fundaci\u00f3n Grupo Alerta<\/strong>, logramos concretar la donaci\u00f3n de <strong>m\u00e1s de 800 kilos de croquetas<\/strong> en beneficio de la asociaci\u00f3n <strong>\u201cAmigos de los Animales Mazatl\u00e1n\u201d<\/strong>.<\/p>\n\n\n\n<figure class=\"wp-block-image aligncenter size-large is-resized\"><img decoding=\"async\" width=\"768\" height=\"1024\" src=\"https:\/\/fundaciongrupoalerta.org\/blog\/wp-content\/uploads\/2026\/07\/WhatsApp-Image-2025-07-29-at-5.35.55-PM-1-768x1024.jpeg\" alt=\"\" class=\"wp-image-856\" style=\"aspect-ratio:0.750010137464012;width:526px;height:auto\" srcset=\"https:\/\/fundaciongrupoalerta.org\/blog\/wp-content\/uploads\/2026\/07\/WhatsApp-Image-2025-07-29-at-5.35.55-PM-1-768x1024.jpeg 768w, https:\/\/fundaciongrupoalerta.org\/blog\/wp-content\/uploads\/2026\/07\/WhatsApp-Image-2025-07-29-at-5.35.55-PM-1-225x300.jpeg 225w, https:\/\/fundaciongrupoalerta.org\/blog\/wp-content\/uploads\/2026\/07\/WhatsApp-Image-2025-07-29-at-5.35.55-PM-1-1152x1536.jpeg 1152w, https:\/\/fundaciongrupoalerta.org\/blog\/wp-content\/uploads\/2026\/07\/WhatsApp-Image-2025-07-29-at-5.35.55-PM-1-1536x2048.jpeg 1536w, https:\/\/fundaciongrupoalerta.org\/blog\/wp-content\/uploads\/2026\/07\/WhatsApp-Image-2025-07-29-at-5.35.55-PM-1-scaled.jpeg 1920w\" sizes=\"(max-width: 768px) 100vw, 768px\" \/><\/figure>\n\n\n\n<p class=\"wp-block-paragraph\" style=\"line-height:1.6\">Agradecemos a todos los colaboradores y aliados que participaron en esta colecta, demostrando que con empat\u00eda y solidaridad podemos cambiar la vida de quienes m\u00e1s lo necesitan. \u00a1Porque su bienestar tambi\u00e9n es nuestra causa!<\/p>\n\n\n\n<p class=\"wp-block-paragraph\"><\/p>\n","protected":false},"excerpt":{"rendered":"<p>Uniendo fuerzas por los que no tienen voz: Popul Auto Mazatl\u00e1n en colaboraci\u00f3n con Fundaci\u00f3n Grupo Alerta donan m\u00e1s de 800 kilos de croquetas a &#8220;Amigos de los animales&#8221;<\/p>\n","protected":false},"author":4,"featured_media":856,"comment_status":"open","ping_status":"open","sticky":false,"template":"","format":"standard","meta":{"footnotes":""},"categories":[16],"tags":[],"class_list":["post-849","post","type-post","status-publish","format-standard","has-post-thumbnail","hentry","category-donatarias"],"_links":{"self":[{"href":"https:\/\/fundaciongrupoalerta.org\/blog\/wp-json\/wp\/v2\/posts\/849","targetHints":{"allow":["GET"]}}],"collection":[{"href":"https:\/\/fundaciongrupoalerta.org\/blog\/wp-json\/wp\/v2\/posts"}],"about":[{"href":"https:\/\/fundaciongrupoalerta.org\/blog\/wp-json\/wp\/v2\/types\/post"}],"author":[{"embeddable":true,"href":"https:\/\/fundaciongrupoalerta.org\/blog\/wp-json\/wp\/v2\/users\/4"}],"replies":[{"embeddable":true,"href":"https:\/\/fundaciongrupoalerta.org\/blog\/wp-json\/wp\/v2\/comments?post=849"}],"version-history":[{"count":1,"href":"https:\/\/fundaciongrupoalerta.org\/blog\/wp-json\/wp\/v2\/posts\/849\/revisions"}],"predecessor-version":[{"id":857,"href":"https:\/\/fundaciongrupoalerta.org\/blog\/wp-json\/wp\/v2\/posts\/849\/revisions\/857"}],"wp:featuredmedia":[{"embeddable":true,"href":"https:\/\/fundaciongrupoalerta.org\/blog\/wp-json\/wp\/v2\/media\/856"}],"wp:attachment":[{"href":"https:\/\/fundaciongrupoalerta.org\/blog\/wp-json\/wp\/v2\/media?parent=849"}],"wp:term":[{"taxonomy":"category","embeddable":true,"href":"https:\/\/fundaciongrupoalerta.org\/blog\/wp-json\/wp\/v2\/categories?post=849"},{"taxonomy":"post_tag","embeddable":true,"href":"https:\/\/fundaciongrupoalerta.org\/blog\/wp-json\/wp\/v2\/tags?post=849"}],"curies":[{"name":"wp","href":"https:\/\/api.w.org\/{rel}","templated":true}]}}