{"id":860,"date":"2025-09-03T23:33:00","date_gmt":"2025-09-03T23:33:00","guid":{"rendered":"https:\/\/fundaciongrupoalerta.org\/blog\/?p=860"},"modified":"2026-07-23T18:47:41","modified_gmt":"2026-07-23T18:47:41","slug":"teleton-2025-maria-alejandra","status":"publish","type":"post","link":"https:\/\/fundaciongrupoalerta.org\/blog\/teleton-2025-maria-alejandra\/","title":{"rendered":"TELET\u00d3N 2025 MAR\u00cdA ALEJANDRA"},"content":{"rendered":"\n<h2 class=\"wp-block-heading has-text-align-center has-medium-font-size\" style=\"line-height:1.6\">Una historia de fortaleza, alegr\u00eda y acompa\u00f1amiento que inspira a seguir sumando esfuerzos.<\/h2>\n\n\n\n<p class=\"wp-block-paragraph\" style=\"line-height:1.6\">A sus tres a\u00f1os, Mar\u00eda Alejandra nos recuerda que cada peque\u00f1o logro representa una gran victoria. Con una personalidad llena de alegr\u00eda, creatividad y entusiasmo, ha encontrado en las terapias y el acompa\u00f1amiento las herramientas necesarias para continuar desarroll\u00e1ndose y descubriendo nuevas capacidades.<\/p>\n\n\n\n<p class=\"wp-block-paragraph\" style=\"line-height:1.6\">Su camino ha estado acompa\u00f1ado de esfuerzo, dedicaci\u00f3n y personas comprometidas con brindarle oportunidades para fortalecer su autonom\u00eda. A trav\u00e9s de terapias f\u00edsicas y ocupacionales, Mar\u00eda Alejandra ha avanzado paso a paso, alcanzando nuevos aprendizajes que forman parte de su crecimiento.<\/p>\n\n\n\n<figure class=\"wp-block-embed aligncenter is-type-video is-provider-youtube wp-block-embed-youtube wp-embed-aspect-16-9 wp-has-aspect-ratio\"><div class=\"wp-block-embed__wrapper\">\n<iframe title=\"VIDEO TELET\u00d3N 2025 MAR\u00cdA ALEJANDRA\" width=\"800\" height=\"450\" src=\"https:\/\/www.youtube.com\/embed\/B81Hi51ppVY?feature=oembed\" frameborder=\"0\" allow=\"accelerometer; autoplay; clipboard-write; encrypted-media; gyroscope; picture-in-picture; web-share\" referrerpolicy=\"strict-origin-when-cross-origin\" allowfullscreen><\/iframe>\n<\/div><figcaption class=\"wp-element-caption\"><em><sub>Conoce la historia de Mar\u00eda Alejandra y su camino de aprendizaje, alegr\u00eda y superaci\u00f3n.<\/sub><\/em><\/figcaption><\/figure>\n\n\n\n<p class=\"wp-block-paragraph\" style=\"line-height:1.6\">Esta historia refleja la importancia de contar con espacios de apoyo e inclusi\u00f3n que acompa\u00f1en a ni\u00f1as y ni\u00f1os en sus procesos de desarrollo, demostrando que, con las herramientas adecuadas y el respaldo necesario, cada avance puede convertirse en un motivo para celebrar.<\/p>\n\n\n\n<div class=\"wp-block-columns is-layout-flex wp-container-core-columns-is-layout-7387b849 wp-block-columns-is-layout-flex\">\n<div class=\"wp-block-column is-layout-flow wp-block-column-is-layout-flow\" style=\"flex-basis:50%\">\n<figure class=\"wp-block-image aligncenter size-full\"><img fetchpriority=\"high\" decoding=\"async\" width=\"826\" height=\"458\" src=\"https:\/\/fundaciongrupoalerta.org\/blog\/wp-content\/uploads\/2026\/07\/image-12.png\" alt=\"\" class=\"wp-image-868\" style=\"aspect-ratio:16\/9;object-fit:cover\" srcset=\"https:\/\/fundaciongrupoalerta.org\/blog\/wp-content\/uploads\/2026\/07\/image-12.png 826w, https:\/\/fundaciongrupoalerta.org\/blog\/wp-content\/uploads\/2026\/07\/image-12-300x166.png 300w, https:\/\/fundaciongrupoalerta.org\/blog\/wp-content\/uploads\/2026\/07\/image-12-768x426.png 768w\" sizes=\"(max-width: 826px) 100vw, 826px\" \/><\/figure>\n<\/div>\n\n\n\n<div class=\"wp-block-column is-layout-flow wp-block-column-is-layout-flow\" style=\"flex-basis:50%\">\n<figure class=\"wp-block-image aligncenter size-full\"><img decoding=\"async\" width=\"806\" height=\"423\" src=\"https:\/\/fundaciongrupoalerta.org\/blog\/wp-content\/uploads\/2026\/07\/Captura-de-pantalla-2026-07-20-164920.png\" alt=\"\" class=\"wp-image-869\" style=\"aspect-ratio:16\/9;object-fit:cover\" srcset=\"https:\/\/fundaciongrupoalerta.org\/blog\/wp-content\/uploads\/2026\/07\/Captura-de-pantalla-2026-07-20-164920.png 806w, https:\/\/fundaciongrupoalerta.org\/blog\/wp-content\/uploads\/2026\/07\/Captura-de-pantalla-2026-07-20-164920-300x157.png 300w, https:\/\/fundaciongrupoalerta.org\/blog\/wp-content\/uploads\/2026\/07\/Captura-de-pantalla-2026-07-20-164920-768x403.png 768w\" sizes=\"(max-width: 806px) 100vw, 806px\" \/><\/figure>\n<\/div>\n<\/div>\n\n\n\n<h1 class=\"wp-block-heading has-text-align-center has-white-color has-vivid-purple-background-color has-text-color has-background has-link-color has-large-font-size wp-elements-74f372b833fe21fec138e9bae1ee7505\" style=\"line-height:1.6\"><strong>Cada paso cuenta cuando se camina con amor, apoyo y esperanza.<\/strong><\/h1>\n","protected":false},"excerpt":{"rendered":"<p>Una historia de fortaleza, alegr\u00eda y acompa\u00f1amiento que inspira a seguir sumando esfuerzos. A sus tres a\u00f1os, Mar\u00eda Alejandra nos recuerda que cada peque\u00f1o logro representa una gran victoria. Con una personalidad llena de alegr\u00eda, creatividad y entusiasmo, ha encontrado en las terapias y el acompa\u00f1amiento las herramientas necesarias para continuar desarroll\u00e1ndose y descubriendo nuevas [&hellip;]<\/p>\n","protected":false},"author":4,"featured_media":868,"comment_status":"open","ping_status":"open","sticky":false,"template":"","format":"standard","meta":{"footnotes":""},"categories":[16],"tags":[],"class_list":["post-860","post","type-post","status-publish","format-standard","has-post-thumbnail","hentry","category-donatarias"],"_links":{"self":[{"href":"https:\/\/fundaciongrupoalerta.org\/blog\/wp-json\/wp\/v2\/posts\/860","targetHints":{"allow":["GET"]}}],"collection":[{"href":"https:\/\/fundaciongrupoalerta.org\/blog\/wp-json\/wp\/v2\/posts"}],"about":[{"href":"https:\/\/fundaciongrupoalerta.org\/blog\/wp-json\/wp\/v2\/types\/post"}],"author":[{"embeddable":true,"href":"https:\/\/fundaciongrupoalerta.org\/blog\/wp-json\/wp\/v2\/users\/4"}],"replies":[{"embeddable":true,"href":"https:\/\/fundaciongrupoalerta.org\/blog\/wp-json\/wp\/v2\/comments?post=860"}],"version-history":[{"count":1,"href":"https:\/\/fundaciongrupoalerta.org\/blog\/wp-json\/wp\/v2\/posts\/860\/revisions"}],"predecessor-version":[{"id":870,"href":"https:\/\/fundaciongrupoalerta.org\/blog\/wp-json\/wp\/v2\/posts\/860\/revisions\/870"}],"wp:featuredmedia":[{"embeddable":true,"href":"https:\/\/fundaciongrupoalerta.org\/blog\/wp-json\/wp\/v2\/media\/868"}],"wp:attachment":[{"href":"https:\/\/fundaciongrupoalerta.org\/blog\/wp-json\/wp\/v2\/media?parent=860"}],"wp:term":[{"taxonomy":"category","embeddable":true,"href":"https:\/\/fundaciongrupoalerta.org\/blog\/wp-json\/wp\/v2\/categories?post=860"},{"taxonomy":"post_tag","embeddable":true,"href":"https:\/\/fundaciongrupoalerta.org\/blog\/wp-json\/wp\/v2\/tags?post=860"}],"curies":[{"name":"wp","href":"https:\/\/api.w.org\/{rel}","templated":true}]}}