{"id":867,"date":"2025-10-02T23:43:00","date_gmt":"2025-10-02T23:43:00","guid":{"rendered":"https:\/\/fundaciongrupoalerta.org\/blog\/?p=867"},"modified":"2026-07-31T23:15:18","modified_gmt":"2026-07-31T23:15:18","slug":"grupo-alerta-y-fundacion-grupo-alerta-se-suman-a-teleton-2025","status":"publish","type":"post","link":"https:\/\/fundaciongrupoalerta.org\/blog\/grupo-alerta-y-fundacion-grupo-alerta-se-suman-a-teleton-2025\/","title":{"rendered":"GRUPO ALERTA Y FUNDACI\u00d3N GRUPO ALERTA SE SUMAN A TELET\u00d3N 2025"},"content":{"rendered":"\n<figure class=\"wp-block-embed is-type-video is-provider-youtube wp-block-embed-youtube wp-embed-aspect-16-9 wp-has-aspect-ratio\"><div class=\"wp-block-embed__wrapper\">\n<iframe title=\"Grupo Alerta y Fundaci\u00f3n Grupo Alerta se suman al Telet\u00f3n\" width=\"800\" height=\"450\" src=\"https:\/\/www.youtube.com\/embed\/D5OEN4H5ci8?feature=oembed\" frameborder=\"0\" allow=\"accelerometer; autoplay; clipboard-write; encrypted-media; gyroscope; picture-in-picture; web-share\" referrerpolicy=\"strict-origin-when-cross-origin\" allowfullscreen><\/iframe>\n<\/div><\/figure>\n\n\n\n<p class=\"wp-block-paragraph\" style=\"line-height:1.6\">Un a\u00f1o m\u00e1s <strong>Grupo Alerta y Fundaci\u00f3n Grupo Alerta<\/strong> dice presente en esta noble causa que promueve la rehabilitaci\u00f3n, la inclusi\u00f3n y el desarrollo integral de miles de ni\u00f1as, ni\u00f1os y j\u00f3venes. Este esfuerzo conjunto refleja el esp\u00edritu solidario que caracteriza a todos los colaboradores de Grupo Alerta, quienes demuestran que la empat\u00eda se convierte en acciones reales cuando nos unimos por el bienestar de quienes m\u00e1s lo necesitan. <\/p>\n\n\n\n<p class=\"wp-block-paragraph\" style=\"line-height:1.6\">A trav\u00e9s de esta participaci\u00f3n, buscamos inspirar a nuestra comunidad a sumarse, recordar que cada aportaci\u00f3n cuenta y refrendar que apoyar al Telet\u00f3n es apostar por un M\u00e9xico m\u00e1s emp\u00e1tico, inclusivo y lleno de oportunidades para todos.<\/p>\n\n\n\n<figure class=\"wp-block-image aligncenter size-large is-resized\"><img fetchpriority=\"high\" decoding=\"async\" width=\"2560\" height=\"2560\" src=\"https:\/\/fundaciongrupoalerta.org\/blog\/wp-content\/uploads\/2026\/07\/image-14-edited-scaled.png\" alt=\"\" class=\"wp-image-874\" style=\"width:687px;height:auto\" srcset=\"https:\/\/fundaciongrupoalerta.org\/blog\/wp-content\/uploads\/2026\/07\/image-14-edited-scaled.png 2560w, https:\/\/fundaciongrupoalerta.org\/blog\/wp-content\/uploads\/2026\/07\/image-14-edited-300x300.png 300w, https:\/\/fundaciongrupoalerta.org\/blog\/wp-content\/uploads\/2026\/07\/image-14-edited-1024x1024.png 1024w, https:\/\/fundaciongrupoalerta.org\/blog\/wp-content\/uploads\/2026\/07\/image-14-edited-150x150.png 150w, https:\/\/fundaciongrupoalerta.org\/blog\/wp-content\/uploads\/2026\/07\/image-14-edited-768x768.png 768w, https:\/\/fundaciongrupoalerta.org\/blog\/wp-content\/uploads\/2026\/07\/image-14-edited-1536x1536.png 1536w, https:\/\/fundaciongrupoalerta.org\/blog\/wp-content\/uploads\/2026\/07\/image-14-edited-2048x2048.png 2048w\" sizes=\"(max-width: 2560px) 100vw, 2560px\" \/><\/figure>\n\n\n\n<p class=\"wp-block-paragraph\"><strong>\u00a1Sigamos construyendo juntos historias de esperanza y cambiando vidas con el coraz\u00f3n!<\/strong><\/p>\n\n\n\n<p class=\"wp-block-paragraph\"><\/p>\n","protected":false},"excerpt":{"rendered":"<p>Juntos por la ni\u00f1ez: Grupo Alerta y Fundaci\u00f3n Grupo Alerta se suman con entusiasmo al Telet\u00f3n 2025.<\/p>\n","protected":false},"author":4,"featured_media":874,"comment_status":"open","ping_status":"open","sticky":false,"template":"","format":"standard","meta":{"footnotes":""},"categories":[16],"tags":[],"class_list":["post-867","post","type-post","status-publish","format-standard","has-post-thumbnail","hentry","category-donatarias"],"_links":{"self":[{"href":"https:\/\/fundaciongrupoalerta.org\/blog\/wp-json\/wp\/v2\/posts\/867","targetHints":{"allow":["GET"]}}],"collection":[{"href":"https:\/\/fundaciongrupoalerta.org\/blog\/wp-json\/wp\/v2\/posts"}],"about":[{"href":"https:\/\/fundaciongrupoalerta.org\/blog\/wp-json\/wp\/v2\/types\/post"}],"author":[{"embeddable":true,"href":"https:\/\/fundaciongrupoalerta.org\/blog\/wp-json\/wp\/v2\/users\/4"}],"replies":[{"embeddable":true,"href":"https:\/\/fundaciongrupoalerta.org\/blog\/wp-json\/wp\/v2\/comments?post=867"}],"version-history":[{"count":1,"href":"https:\/\/fundaciongrupoalerta.org\/blog\/wp-json\/wp\/v2\/posts\/867\/revisions"}],"predecessor-version":[{"id":875,"href":"https:\/\/fundaciongrupoalerta.org\/blog\/wp-json\/wp\/v2\/posts\/867\/revisions\/875"}],"wp:featuredmedia":[{"embeddable":true,"href":"https:\/\/fundaciongrupoalerta.org\/blog\/wp-json\/wp\/v2\/media\/874"}],"wp:attachment":[{"href":"https:\/\/fundaciongrupoalerta.org\/blog\/wp-json\/wp\/v2\/media?parent=867"}],"wp:term":[{"taxonomy":"category","embeddable":true,"href":"https:\/\/fundaciongrupoalerta.org\/blog\/wp-json\/wp\/v2\/categories?post=867"},{"taxonomy":"post_tag","embeddable":true,"href":"https:\/\/fundaciongrupoalerta.org\/blog\/wp-json\/wp\/v2\/tags?post=867"}],"curies":[{"name":"wp","href":"https:\/\/api.w.org\/{rel}","templated":true}]}}