{"id":871,"date":"2025-10-25T00:04:00","date_gmt":"2025-10-25T00:04:00","guid":{"rendered":"https:\/\/fundaciongrupoalerta.org\/blog\/?p=871"},"modified":"2026-07-31T23:19:35","modified_gmt":"2026-07-31T23:19:35","slug":"club-teleton","status":"publish","type":"post","link":"https:\/\/fundaciongrupoalerta.org\/blog\/club-teleton\/","title":{"rendered":"CLUB TELET\u00d3N"},"content":{"rendered":"\n<h2 class=\"wp-block-heading has-text-align-center has-medium-font-size\" style=\"line-height:1.6\">Una jornada de convivencia, diversi\u00f3n e inclusi\u00f3n que reuni\u00f3 a familias, voluntarios y aliados para crear momentos inolvidables para las ni\u00f1as y ni\u00f1os del CRIT Sinaloa.<\/h2>\n\n\n\n<figure class=\"wp-block-image aligncenter size-full is-resized\"><img fetchpriority=\"high\" decoding=\"async\" width=\"575\" height=\"425\" src=\"https:\/\/fundaciongrupoalerta.org\/blog\/wp-content\/uploads\/2026\/07\/image-13.png\" alt=\"\" class=\"wp-image-872\" style=\"width:761px;height:auto\" srcset=\"https:\/\/fundaciongrupoalerta.org\/blog\/wp-content\/uploads\/2026\/07\/image-13.png 575w, https:\/\/fundaciongrupoalerta.org\/blog\/wp-content\/uploads\/2026\/07\/image-13-300x222.png 300w\" sizes=\"(max-width: 575px) 100vw, 575px\" \/><figcaption class=\"wp-element-caption\"><sub><em>Las instalaciones de Plaza Camino al Mar fueron el escenario de esta jornada de convivencia y diversi\u00f3n.<\/em><\/sub><\/figcaption><\/figure>\n\n\n\n<h3 class=\"wp-block-heading has-white-color has-vivid-purple-background-color has-text-color has-background has-link-color has-medium-font-size wp-elements-b2556713bd86f011e1bbe055380b0900\"><strong>Un espacio para compartir sonrisas y construir recuerdos<\/strong><\/h3>\n\n\n\n<p class=\"wp-block-paragraph\" style=\"line-height:1.6\">Las experiencias compartidas tienen el poder de fortalecer v\u00ednculos, fomentar la inclusi\u00f3n y crear recuerdos que permanecen con el paso del tiempo. Con esa convicci\u00f3n, Fundaci\u00f3n Grupo Alerta, en colaboraci\u00f3n con CRIT Sinaloa, llev\u00f3 a cabo una jornada muy especial dentro del programa Club Telet\u00f3n, donde ni\u00f1as, ni\u00f1os y sus familias disfrutaron de un d\u00eda lleno de actividades recreativas, convivencia y momentos que hicieron de este encuentro una experiencia inolvidable.<\/p>\n\n\n\n<figure class=\"wp-block-embed is-type-video is-provider-youtube wp-block-embed-youtube wp-embed-aspect-16-9 wp-has-aspect-ratio\"><div class=\"wp-block-embed__wrapper\">\n<iframe title=\"Un s\u00e1bado inolvidable viven ni\u00f1as y ni\u00f1os del Telet\u00f3n gracias a Fundaci\u00f3n Grupo Alerta\" width=\"800\" height=\"450\" src=\"https:\/\/www.youtube.com\/embed\/Jpb_s9iW8bQ?feature=oembed\" frameborder=\"0\" allow=\"accelerometer; autoplay; clipboard-write; encrypted-media; gyroscope; picture-in-picture; web-share\" referrerpolicy=\"strict-origin-when-cross-origin\" allowfullscreen><\/iframe>\n<\/div><\/figure>\n\n\n\n<p class=\"wp-block-paragraph\" style=\"line-height:1.6\">Gracias al apoyo de Plaza Camino al Mar, que abri\u00f3 sus puertas para recibir esta iniciativa, fue posible ofrecer un espacio seguro y acogedor en el que los asistentes pudieron convivir, participar en distintas din\u00e1micas y disfrutar de una ma\u00f1ana pensada especialmente para ellos. La suma de esfuerzos entre instituciones y aliados permiti\u00f3 que cada actividad se desarrollara en un ambiente de respeto, alegr\u00eda y participaci\u00f3n.<\/p>\n\n\n\n<div class=\"wp-block-columns is-layout-flex wp-container-core-columns-is-layout-7387b849 wp-block-columns-is-layout-flex\">\n<div class=\"wp-block-column is-layout-flow wp-block-column-is-layout-flow\" style=\"flex-basis:33.34%\">\n<figure class=\"wp-block-image size-full\"><img decoding=\"async\" width=\"320\" height=\"435\" src=\"https:\/\/fundaciongrupoalerta.org\/blog\/wp-content\/uploads\/2026\/07\/Captura-de-pantalla-2026-07-21-133007.png\" alt=\"\" class=\"wp-image-980\" style=\"aspect-ratio:3\/4;object-fit:cover\" srcset=\"https:\/\/fundaciongrupoalerta.org\/blog\/wp-content\/uploads\/2026\/07\/Captura-de-pantalla-2026-07-21-133007.png 320w, https:\/\/fundaciongrupoalerta.org\/blog\/wp-content\/uploads\/2026\/07\/Captura-de-pantalla-2026-07-21-133007-221x300.png 221w\" sizes=\"(max-width: 320px) 100vw, 320px\" \/><\/figure>\n<\/div>\n\n\n\n<div class=\"wp-block-column is-layout-flow wp-block-column-is-layout-flow\" style=\"flex-basis:33.33%\">\n<figure class=\"wp-block-image size-full\"><img decoding=\"async\" width=\"317\" height=\"428\" src=\"https:\/\/fundaciongrupoalerta.org\/blog\/wp-content\/uploads\/2026\/07\/Captura-de-pantalla-2026-07-21-132730.png\" alt=\"\" class=\"wp-image-977\" srcset=\"https:\/\/fundaciongrupoalerta.org\/blog\/wp-content\/uploads\/2026\/07\/Captura-de-pantalla-2026-07-21-132730.png 317w, https:\/\/fundaciongrupoalerta.org\/blog\/wp-content\/uploads\/2026\/07\/Captura-de-pantalla-2026-07-21-132730-222x300.png 222w\" sizes=\"(max-width: 317px) 100vw, 317px\" \/><\/figure>\n<\/div>\n\n\n\n<div class=\"wp-block-column is-layout-flow wp-block-column-is-layout-flow\" style=\"flex-basis:33.33%\">\n<figure class=\"wp-block-image size-full\"><img loading=\"lazy\" decoding=\"async\" width=\"323\" height=\"434\" src=\"https:\/\/fundaciongrupoalerta.org\/blog\/wp-content\/uploads\/2026\/07\/Captura-de-pantalla-2026-07-21-132921.png\" alt=\"\" class=\"wp-image-979\" style=\"aspect-ratio:3\/4;object-fit:cover\" srcset=\"https:\/\/fundaciongrupoalerta.org\/blog\/wp-content\/uploads\/2026\/07\/Captura-de-pantalla-2026-07-21-132921.png 323w, https:\/\/fundaciongrupoalerta.org\/blog\/wp-content\/uploads\/2026\/07\/Captura-de-pantalla-2026-07-21-132921-223x300.png 223w\" sizes=\"(max-width: 323px) 100vw, 323px\" \/><\/figure>\n<\/div>\n<\/div>\n\n\n\n<h3 class=\"wp-block-heading has-white-color has-luminous-vivid-amber-background-color has-text-color has-background has-link-color has-medium-font-size wp-elements-146de5fbf4804602c32ee7a65023e9fe\" style=\"line-height:1.6\"><strong>La inclusi\u00f3n tambi\u00e9n se construye a trav\u00e9s de la convivencia<\/strong><\/h3>\n\n\n\n<p class=\"wp-block-paragraph\" style=\"line-height:1.6\">Cada sonrisa, cada juego y cada momento compartido reflejaron la importancia de generar espacios donde todas las ni\u00f1as y ni\u00f1os puedan disfrutar plenamente de actividades recreativas en compa\u00f1\u00eda de sus familias y de una comunidad comprometida con su bienestar.<\/p>\n\n\n\n<figure class=\"wp-block-image aligncenter size-full is-resized\"><img loading=\"lazy\" decoding=\"async\" width=\"561\" height=\"423\" src=\"https:\/\/fundaciongrupoalerta.org\/blog\/wp-content\/uploads\/2026\/07\/image-16.png\" alt=\"\" class=\"wp-image-981\" style=\"width:647px;height:auto\" srcset=\"https:\/\/fundaciongrupoalerta.org\/blog\/wp-content\/uploads\/2026\/07\/image-16.png 561w, https:\/\/fundaciongrupoalerta.org\/blog\/wp-content\/uploads\/2026\/07\/image-16-300x226.png 300w\" sizes=\"(max-width: 561px) 100vw, 561px\" \/><figcaption class=\"wp-element-caption\"><em><sub>Las actividades recreativas promovieron la convivencia y la participaci\u00f3n de todas las ni\u00f1as y ni\u00f1os.<\/sub><\/em><\/figcaption><\/figure>\n\n\n\n<p class=\"wp-block-paragraph\" style=\"line-height:1.6\">A lo largo de la jornada, los asistentes participaron en diversas din\u00e1micas dise\u00f1adas para promover la interacci\u00f3n, el entretenimiento y la integraci\u00f3n. M\u00e1s all\u00e1 de la diversi\u00f3n, estas actividades permitieron fortalecer la confianza, la convivencia y el sentido de pertenencia entre quienes formaron parte del evento.<\/p>\n\n\n\n<div class=\"wp-block-columns is-layout-flex wp-container-core-columns-is-layout-7387b849 wp-block-columns-is-layout-flex\">\n<div class=\"wp-block-column is-layout-flow wp-block-column-is-layout-flow\" style=\"flex-basis:50%\">\n<figure class=\"wp-block-image aligncenter size-full is-resized\"><img loading=\"lazy\" decoding=\"async\" width=\"322\" height=\"435\" src=\"https:\/\/fundaciongrupoalerta.org\/blog\/wp-content\/uploads\/2026\/07\/image-17.png\" alt=\"\" class=\"wp-image-982\" style=\"aspect-ratio:0.6666666666666666;object-fit:cover;width:361px;height:auto\" srcset=\"https:\/\/fundaciongrupoalerta.org\/blog\/wp-content\/uploads\/2026\/07\/image-17.png 322w, https:\/\/fundaciongrupoalerta.org\/blog\/wp-content\/uploads\/2026\/07\/image-17-222x300.png 222w\" sizes=\"(max-width: 322px) 100vw, 322px\" \/><\/figure>\n<\/div>\n\n\n\n<div class=\"wp-block-column is-layout-flow wp-block-column-is-layout-flow\" style=\"flex-basis:50%\">\n<figure class=\"wp-block-image aligncenter size-full is-resized\"><img loading=\"lazy\" decoding=\"async\" width=\"321\" height=\"431\" src=\"https:\/\/fundaciongrupoalerta.org\/blog\/wp-content\/uploads\/2026\/07\/Captura-de-pantalla-2026-07-21-133734.png\" alt=\"\" class=\"wp-image-983\" style=\"aspect-ratio:0.6666666666666666;object-fit:cover;width:362px;height:auto\" srcset=\"https:\/\/fundaciongrupoalerta.org\/blog\/wp-content\/uploads\/2026\/07\/Captura-de-pantalla-2026-07-21-133734.png 321w, https:\/\/fundaciongrupoalerta.org\/blog\/wp-content\/uploads\/2026\/07\/Captura-de-pantalla-2026-07-21-133734-223x300.png 223w\" sizes=\"(max-width: 321px) 100vw, 321px\" \/><\/figure>\n<\/div>\n<\/div>\n\n\n\n<p class=\"wp-block-paragraph\" style=\"line-height:1.6\">El entusiasmo de las familias y la alegr\u00eda de los peque\u00f1os fueron el mejor reflejo del impacto que tienen este tipo de iniciativas cuando diferentes sectores trabajan con un mismo prop\u00f3sito: brindar experiencias que favorezcan el desarrollo integral de la ni\u00f1ez.<\/p>\n\n\n\n<figure class=\"wp-block-image aligncenter size-full is-resized\"><img loading=\"lazy\" decoding=\"async\" width=\"575\" height=\"423\" src=\"https:\/\/fundaciongrupoalerta.org\/blog\/wp-content\/uploads\/2026\/07\/image-18.png\" alt=\"\" class=\"wp-image-984\" style=\"width:699px;height:auto\" srcset=\"https:\/\/fundaciongrupoalerta.org\/blog\/wp-content\/uploads\/2026\/07\/image-18.png 575w, https:\/\/fundaciongrupoalerta.org\/blog\/wp-content\/uploads\/2026\/07\/image-18-300x221.png 300w\" sizes=\"(max-width: 575px) 100vw, 575px\" \/><\/figure>\n\n\n\n<h3 class=\"wp-block-heading has-white-color has-vivid-purple-background-color has-text-color has-background has-link-color has-medium-font-size wp-elements-803f710bcba1cca4074653dda6ae0370\" style=\"line-height:1.6\"><strong>Voluntarios que hacen posible cada experiencia<\/strong><\/h3>\n\n\n\n<p class=\"wp-block-paragraph\" style=\"line-height:1.6\">Detr\u00e1s de cada actividad hubo un equipo de colaboradores voluntarios que dedic\u00f3 su tiempo, energ\u00eda y entusiasmo para hacer posible esta jornada. Desde la organizaci\u00f3n de las din\u00e1micas hasta el acompa\u00f1amiento de las familias, cada voluntario contribuy\u00f3 a crear un ambiente c\u00e1lido, cercano y lleno de sonrisas.<\/p>\n\n\n\n<div class=\"wp-block-columns is-layout-flex wp-container-core-columns-is-layout-7387b849 wp-block-columns-is-layout-flex\">\n<div class=\"wp-block-column is-layout-flow wp-block-column-is-layout-flow\" style=\"flex-basis:33.33%\">\n<div class=\"wp-block-group is-layout-grid wp-container-core-group-is-layout-5a23bf8e wp-block-group-is-layout-grid\">\n<figure class=\"wp-block-image size-full\"><img loading=\"lazy\" decoding=\"async\" width=\"312\" height=\"428\" src=\"https:\/\/fundaciongrupoalerta.org\/blog\/wp-content\/uploads\/2026\/07\/image-19.png\" alt=\"\" class=\"wp-image-985\" style=\"aspect-ratio:2\/3;object-fit:cover\" srcset=\"https:\/\/fundaciongrupoalerta.org\/blog\/wp-content\/uploads\/2026\/07\/image-19.png 312w, https:\/\/fundaciongrupoalerta.org\/blog\/wp-content\/uploads\/2026\/07\/image-19-219x300.png 219w\" sizes=\"(max-width: 312px) 100vw, 312px\" \/><\/figure>\n<\/div>\n<\/div>\n\n\n\n<div class=\"wp-block-column is-layout-flow wp-block-column-is-layout-flow\" style=\"flex-basis:33.33%\">\n<figure class=\"wp-block-image size-full\"><img loading=\"lazy\" decoding=\"async\" width=\"323\" height=\"430\" src=\"https:\/\/fundaciongrupoalerta.org\/blog\/wp-content\/uploads\/2026\/07\/Captura-de-pantalla-2026-07-21-134629.png\" alt=\"\" class=\"wp-image-991\" style=\"aspect-ratio:2\/3;object-fit:cover\" srcset=\"https:\/\/fundaciongrupoalerta.org\/blog\/wp-content\/uploads\/2026\/07\/Captura-de-pantalla-2026-07-21-134629.png 323w, https:\/\/fundaciongrupoalerta.org\/blog\/wp-content\/uploads\/2026\/07\/Captura-de-pantalla-2026-07-21-134629-225x300.png 225w\" sizes=\"(max-width: 323px) 100vw, 323px\" \/><\/figure>\n<\/div>\n\n\n\n<div class=\"wp-block-column is-layout-flow wp-block-column-is-layout-flow\" style=\"flex-basis:33.33%\">\n<figure class=\"wp-block-image size-full\"><img loading=\"lazy\" decoding=\"async\" width=\"318\" height=\"430\" src=\"https:\/\/fundaciongrupoalerta.org\/blog\/wp-content\/uploads\/2026\/07\/Captura-de-pantalla-2026-07-21-134259.png\" alt=\"\" class=\"wp-image-987\" style=\"aspect-ratio:2\/3;object-fit:cover\" srcset=\"https:\/\/fundaciongrupoalerta.org\/blog\/wp-content\/uploads\/2026\/07\/Captura-de-pantalla-2026-07-21-134259.png 318w, https:\/\/fundaciongrupoalerta.org\/blog\/wp-content\/uploads\/2026\/07\/Captura-de-pantalla-2026-07-21-134259-222x300.png 222w\" sizes=\"(max-width: 318px) 100vw, 318px\" \/><\/figure>\n<\/div>\n<\/div>\n\n\n\n<h1 class=\"wp-block-heading has-text-align-center has-vivid-purple-color has-text-color has-link-color has-large-font-size wp-elements-f57a2b74c8daeaec4a91c02cdee61a20\"><strong>RECONOCEMOS A QUIENES, CON SU TIEMPO Y COMPROMISO, HICIERON POSIBLE ESTA TRANSFORMACI\u00d3N.<\/strong><\/h1>\n\n\n\n<div class=\"wp-block-columns is-layout-flex wp-container-core-columns-is-layout-7387b849 wp-block-columns-is-layout-flex\">\n<div class=\"wp-block-column is-layout-flow wp-block-column-is-layout-flow\" style=\"flex-basis:25.01%\">\n<figure class=\"wp-block-image size-full\"><img loading=\"lazy\" decoding=\"async\" width=\"311\" height=\"433\" src=\"https:\/\/fundaciongrupoalerta.org\/blog\/wp-content\/uploads\/2026\/07\/image-20.png\" alt=\"\" class=\"wp-image-988\" style=\"aspect-ratio:2\/3;object-fit:cover\" srcset=\"https:\/\/fundaciongrupoalerta.org\/blog\/wp-content\/uploads\/2026\/07\/image-20.png 311w, https:\/\/fundaciongrupoalerta.org\/blog\/wp-content\/uploads\/2026\/07\/image-20-215x300.png 215w\" sizes=\"(max-width: 311px) 100vw, 311px\" \/><\/figure>\n<\/div>\n\n\n\n<div class=\"wp-block-column is-layout-flow wp-block-column-is-layout-flow\" style=\"flex-basis:25%\">\n<figure class=\"wp-block-image size-full\"><img loading=\"lazy\" decoding=\"async\" width=\"310\" height=\"434\" src=\"https:\/\/fundaciongrupoalerta.org\/blog\/wp-content\/uploads\/2026\/07\/Captura-de-pantalla-2026-07-21-134413.png\" alt=\"\" class=\"wp-image-989\" style=\"aspect-ratio:2\/3;object-fit:cover\" srcset=\"https:\/\/fundaciongrupoalerta.org\/blog\/wp-content\/uploads\/2026\/07\/Captura-de-pantalla-2026-07-21-134413.png 310w, https:\/\/fundaciongrupoalerta.org\/blog\/wp-content\/uploads\/2026\/07\/Captura-de-pantalla-2026-07-21-134413-214x300.png 214w\" sizes=\"(max-width: 310px) 100vw, 310px\" \/><\/figure>\n<\/div>\n\n\n\n<div class=\"wp-block-column is-layout-flow wp-block-column-is-layout-flow\" style=\"flex-basis:25%\">\n<figure class=\"wp-block-image size-full\"><img loading=\"lazy\" decoding=\"async\" width=\"309\" height=\"431\" src=\"https:\/\/fundaciongrupoalerta.org\/blog\/wp-content\/uploads\/2026\/07\/Captura-de-pantalla-2026-07-21-134446.png\" alt=\"\" class=\"wp-image-990\" style=\"aspect-ratio:2\/3;object-fit:cover\" srcset=\"https:\/\/fundaciongrupoalerta.org\/blog\/wp-content\/uploads\/2026\/07\/Captura-de-pantalla-2026-07-21-134446.png 309w, https:\/\/fundaciongrupoalerta.org\/blog\/wp-content\/uploads\/2026\/07\/Captura-de-pantalla-2026-07-21-134446-215x300.png 215w\" sizes=\"(max-width: 309px) 100vw, 309px\" \/><\/figure>\n<\/div>\n\n\n\n<div class=\"wp-block-column is-layout-flow wp-block-column-is-layout-flow\" style=\"flex-basis:25%\">\n<figure class=\"wp-block-image size-full\"><img loading=\"lazy\" decoding=\"async\" width=\"311\" height=\"435\" src=\"https:\/\/fundaciongrupoalerta.org\/blog\/wp-content\/uploads\/2026\/07\/Captura-de-pantalla-2026-07-21-134538.png\" alt=\"\" class=\"wp-image-992\" style=\"aspect-ratio:2\/3;object-fit:cover\" srcset=\"https:\/\/fundaciongrupoalerta.org\/blog\/wp-content\/uploads\/2026\/07\/Captura-de-pantalla-2026-07-21-134538.png 311w, https:\/\/fundaciongrupoalerta.org\/blog\/wp-content\/uploads\/2026\/07\/Captura-de-pantalla-2026-07-21-134538-214x300.png 214w\" sizes=\"(max-width: 311px) 100vw, 311px\" \/><\/figure>\n<\/div>\n<\/div>\n\n\n\n<p class=\"wp-block-paragraph\" style=\"line-height:1.6\">Su participaci\u00f3n demuestra que el voluntariado no solo transforma espacios, sino tambi\u00e9n experiencias y momentos que dejan una huella positiva en quienes los viven.<\/p>\n\n\n\n<h3 class=\"wp-block-heading has-white-color has-luminous-vivid-amber-background-color has-text-color has-background has-link-color has-medium-font-size wp-elements-605d3493dd1419a78b0d3d2b6c831c8e\" style=\"line-height:1.6\">Aliados que suman al bienestar de la comunidad<\/h3>\n\n\n\n<p class=\"wp-block-paragraph\" style=\"line-height:1.6\">Fundaci\u00f3n Grupo Alerta agradece la colaboraci\u00f3n de CRIT Sinaloa, por hacer posible esta actividad y continuar impulsando acciones en favor de la inclusi\u00f3n; a Plaza Camino al Mar, por brindar el espacio para llevar a cabo este encuentro; y al Payaso Choko Roll, quien con su energ\u00eda, creatividad y sentido del humor llen\u00f3 la jornada de risas y momentos inolvidables para las ni\u00f1as y ni\u00f1os.<\/p>\n\n\n\n<div class=\"wp-block-columns is-layout-flex wp-container-core-columns-is-layout-7387b849 wp-block-columns-is-layout-flex\">\n<div class=\"wp-block-column is-layout-flow wp-block-column-is-layout-flow\" style=\"flex-basis:50%\">\n<div class=\"wp-block-group is-nowrap is-layout-flex wp-container-core-group-is-layout-7387b849 wp-block-group-is-layout-flex\">\n<div class=\"wp-block-columns is-layout-flex wp-container-core-columns-is-layout-7387b849 wp-block-columns-is-layout-flex\">\n<div class=\"wp-block-column is-layout-flow wp-block-column-is-layout-flow\" style=\"flex-basis:100%\">\n<figure class=\"wp-block-image aligncenter size-full\"><img loading=\"lazy\" decoding=\"async\" width=\"314\" height=\"433\" src=\"https:\/\/fundaciongrupoalerta.org\/blog\/wp-content\/uploads\/2026\/07\/image-21.png\" alt=\"\" class=\"wp-image-993\" style=\"aspect-ratio:2\/3;object-fit:cover\" srcset=\"https:\/\/fundaciongrupoalerta.org\/blog\/wp-content\/uploads\/2026\/07\/image-21.png 314w, https:\/\/fundaciongrupoalerta.org\/blog\/wp-content\/uploads\/2026\/07\/image-21-218x300.png 218w\" sizes=\"(max-width: 314px) 100vw, 314px\" \/><\/figure>\n<\/div>\n<\/div>\n<\/div>\n<\/div>\n\n\n\n<div class=\"wp-block-column is-layout-flow wp-block-column-is-layout-flow\" style=\"flex-basis:50%\">\n<figure class=\"wp-block-image aligncenter size-full\"><img loading=\"lazy\" decoding=\"async\" width=\"316\" height=\"432\" src=\"https:\/\/fundaciongrupoalerta.org\/blog\/wp-content\/uploads\/2026\/07\/Captura-de-pantalla-2026-07-21-135457.png\" alt=\"\" class=\"wp-image-994\" style=\"aspect-ratio:2\/3;object-fit:cover\" srcset=\"https:\/\/fundaciongrupoalerta.org\/blog\/wp-content\/uploads\/2026\/07\/Captura-de-pantalla-2026-07-21-135457.png 316w, https:\/\/fundaciongrupoalerta.org\/blog\/wp-content\/uploads\/2026\/07\/Captura-de-pantalla-2026-07-21-135457-219x300.png 219w\" sizes=\"(max-width: 316px) 100vw, 316px\" \/><\/figure>\n<\/div>\n<\/div>\n\n\n\n<p class=\"wp-block-paragraph\" style=\"line-height:1.6\">La participaci\u00f3n de cada aliado hizo posible que este d\u00eda se desarrollara en un ambiente de convivencia, entusiasmo y cercan\u00eda, record\u00e1ndonos que el trabajo conjunto multiplica el impacto de las acciones en beneficio de la comunidad.<\/p>\n\n\n\n<h3 class=\"wp-block-heading has-white-color has-vivid-purple-background-color has-text-color has-background has-link-color has-medium-font-size wp-elements-b7052e6888046455f2a79bc7dbb180ab\" style=\"line-height:1.6\"><strong>Un compromiso que contin\u00faa<\/strong><\/h3>\n\n\n\n<p class=\"wp-block-paragraph\" style=\"line-height:1.6\">Para Fundaci\u00f3n Grupo Alerta, impulsar actividades como esta representa una oportunidad para seguir fortaleciendo la inclusi\u00f3n, el bienestar y la participaci\u00f3n social. Cada encuentro reafirma la importancia de generar espacios donde las ni\u00f1as y los ni\u00f1os puedan convivir, disfrutar y crear recuerdos felices junto a sus familias.<\/p>\n\n\n\n<figure class=\"wp-block-image aligncenter size-full is-resized\"><img loading=\"lazy\" decoding=\"async\" width=\"325\" height=\"430\" src=\"https:\/\/fundaciongrupoalerta.org\/blog\/wp-content\/uploads\/2026\/07\/image-22.png\" alt=\"\" class=\"wp-image-995\" style=\"width:445px;height:auto\" srcset=\"https:\/\/fundaciongrupoalerta.org\/blog\/wp-content\/uploads\/2026\/07\/image-22.png 325w, https:\/\/fundaciongrupoalerta.org\/blog\/wp-content\/uploads\/2026\/07\/image-22-227x300.png 227w\" sizes=\"(max-width: 325px) 100vw, 325px\" \/><\/figure>\n\n\n\n<p class=\"wp-block-paragraph\" style=\"line-height:1.6\">Continuaremos promoviendo iniciativas que inspiren la participaci\u00f3n de m\u00e1s personas e instituciones, convencidos de que la colaboraci\u00f3n y la solidaridad son herramientas fundamentales para construir comunidades m\u00e1s fuertes, emp\u00e1ticas e incluyentes.<\/p>\n","protected":false},"excerpt":{"rendered":"<p>Una jornada de convivencia, diversi\u00f3n e inclusi\u00f3n que reuni\u00f3 a familias, voluntarios y aliados para crear momentos inolvidables para las ni\u00f1as y ni\u00f1os del CRIT Sinaloa. Un espacio para compartir sonrisas y construir recuerdos Las experiencias compartidas tienen el poder de fortalecer v\u00ednculos, fomentar la inclusi\u00f3n y crear recuerdos que permanecen con el paso del [&hellip;]<\/p>\n","protected":false},"author":4,"featured_media":977,"comment_status":"open","ping_status":"open","sticky":false,"template":"","format":"standard","meta":{"footnotes":""},"categories":[17,15],"tags":[],"class_list":["post-871","post","type-post","status-publish","format-standard","has-post-thumbnail","hentry","category-comunidad","category-voluntariado"],"_links":{"self":[{"href":"https:\/\/fundaciongrupoalerta.org\/blog\/wp-json\/wp\/v2\/posts\/871","targetHints":{"allow":["GET"]}}],"collection":[{"href":"https:\/\/fundaciongrupoalerta.org\/blog\/wp-json\/wp\/v2\/posts"}],"about":[{"href":"https:\/\/fundaciongrupoalerta.org\/blog\/wp-json\/wp\/v2\/types\/post"}],"author":[{"embeddable":true,"href":"https:\/\/fundaciongrupoalerta.org\/blog\/wp-json\/wp\/v2\/users\/4"}],"replies":[{"embeddable":true,"href":"https:\/\/fundaciongrupoalerta.org\/blog\/wp-json\/wp\/v2\/comments?post=871"}],"version-history":[{"count":2,"href":"https:\/\/fundaciongrupoalerta.org\/blog\/wp-json\/wp\/v2\/posts\/871\/revisions"}],"predecessor-version":[{"id":996,"href":"https:\/\/fundaciongrupoalerta.org\/blog\/wp-json\/wp\/v2\/posts\/871\/revisions\/996"}],"wp:featuredmedia":[{"embeddable":true,"href":"https:\/\/fundaciongrupoalerta.org\/blog\/wp-json\/wp\/v2\/media\/977"}],"wp:attachment":[{"href":"https:\/\/fundaciongrupoalerta.org\/blog\/wp-json\/wp\/v2\/media?parent=871"}],"wp:term":[{"taxonomy":"category","embeddable":true,"href":"https:\/\/fundaciongrupoalerta.org\/blog\/wp-json\/wp\/v2\/categories?post=871"},{"taxonomy":"post_tag","embeddable":true,"href":"https:\/\/fundaciongrupoalerta.org\/blog\/wp-json\/wp\/v2\/tags?post=871"}],"curies":[{"name":"wp","href":"https:\/\/api.w.org\/{rel}","templated":true}]}}