{"id":885,"date":"2025-10-21T16:33:54","date_gmt":"2025-10-21T16:33:54","guid":{"rendered":"https:\/\/fundaciongrupoalerta.org\/blog\/?p=885"},"modified":"2026-07-21T17:41:48","modified_gmt":"2026-07-21T17:41:48","slug":"tapaton-y-libroton-en-apoyo-a-casa-valentina-octubre-2025","status":"publish","type":"post","link":"https:\/\/fundaciongrupoalerta.org\/blog\/tapaton-y-libroton-en-apoyo-a-casa-valentina-octubre-2025\/","title":{"rendered":"TAPAT\u00d3N Y LIBROT\u00d3N EN APOYO A CASA VALENTINA OCTUBRE 2025"},"content":{"rendered":"\n<figure class=\"wp-block-image aligncenter size-large is-resized\"><img fetchpriority=\"high\" decoding=\"async\" width=\"960\" height=\"960\" src=\"https:\/\/fundaciongrupoalerta.org\/blog\/wp-content\/uploads\/2026\/07\/WhatsApp-Image-2026-06-16-at-4.18.44-PM-2-1-edited.jpeg\" alt=\"\" class=\"wp-image-887\" style=\"width:685px;height:auto\" srcset=\"https:\/\/fundaciongrupoalerta.org\/blog\/wp-content\/uploads\/2026\/07\/WhatsApp-Image-2026-06-16-at-4.18.44-PM-2-1-edited.jpeg 960w, https:\/\/fundaciongrupoalerta.org\/blog\/wp-content\/uploads\/2026\/07\/WhatsApp-Image-2026-06-16-at-4.18.44-PM-2-1-edited-300x300.jpeg 300w, https:\/\/fundaciongrupoalerta.org\/blog\/wp-content\/uploads\/2026\/07\/WhatsApp-Image-2026-06-16-at-4.18.44-PM-2-1-edited-150x150.jpeg 150w, https:\/\/fundaciongrupoalerta.org\/blog\/wp-content\/uploads\/2026\/07\/WhatsApp-Image-2026-06-16-at-4.18.44-PM-2-1-edited-768x768.jpeg 768w\" sizes=\"(max-width: 960px) 100vw, 960px\" \/><\/figure>\n\n\n\n<p class=\"wp-block-paragraph\" style=\"line-height:1.6\">Guiados por la convicci\u00f3n de generar un impacto positivo en nuestra comunidad, en <strong>Fundaci\u00f3n Grupo Alerta<\/strong> nos sumamos nuevamente con gran entusiasmo al <strong>Tapat\u00f3n y Librot\u00f3n 2025<\/strong>, contribuyendo con la donaci\u00f3n de tapitas de pl\u00e1stico, papel y material PET en beneficio de <strong>Casa Valentina<\/strong>.<\/p>\n\n\n\n<div class=\"wp-block-columns is-layout-flex wp-container-core-columns-is-layout-7387b849 wp-block-columns-is-layout-flex\">\n<div class=\"wp-block-column is-vertically-aligned-center is-layout-flow wp-block-column-is-layout-flow\" style=\"flex-basis:50%\">\n<figure class=\"wp-block-image\"><img decoding=\"async\" src=\"https:\/\/fundaciongrupoalerta.org\/blog\/wp-content\/uploads\/2026\/07\/WhatsApp-Image-2026-06-16-at-4.18.45-PM-2-1-edited.jpeg\" alt=\"\"\/><\/figure>\n<\/div>\n\n\n\n<div class=\"wp-block-column is-layout-flow wp-block-column-is-layout-flow\" style=\"flex-basis:50%\">\n<figure class=\"wp-block-image size-large\"><img decoding=\"async\" width=\"768\" height=\"1024\" src=\"https:\/\/fundaciongrupoalerta.org\/blog\/wp-content\/uploads\/2026\/07\/WhatsApp-Image-2026-06-16-at-4.18.45-PM-3-1-768x1024.jpeg\" alt=\"\" class=\"wp-image-890\" srcset=\"https:\/\/fundaciongrupoalerta.org\/blog\/wp-content\/uploads\/2026\/07\/WhatsApp-Image-2026-06-16-at-4.18.45-PM-3-1-768x1024.jpeg 768w, https:\/\/fundaciongrupoalerta.org\/blog\/wp-content\/uploads\/2026\/07\/WhatsApp-Image-2026-06-16-at-4.18.45-PM-3-1-225x300.jpeg 225w, https:\/\/fundaciongrupoalerta.org\/blog\/wp-content\/uploads\/2026\/07\/WhatsApp-Image-2026-06-16-at-4.18.45-PM-3-1.jpeg 960w\" sizes=\"(max-width: 768px) 100vw, 768px\" \/><\/figure>\n<\/div>\n<\/div>\n\n\n\n<p class=\"wp-block-paragraph\" style=\"line-height:1.6\">Esta iniciativa solidaria representa una valiosa oportunidad para tender una mano y aportar nuestro granito de arena a ni\u00f1as, ni\u00f1os y j\u00f3venes que enfrentan con valent\u00eda y fortaleza retos de salud todos los d\u00edas. Cada aportaci\u00f3n recolectada se traduce en un recurso clave para respaldar los programas de asistencia y acompa\u00f1amiento que la instituci\u00f3n brinda a las familias que m\u00e1s lo necesitan.<\/p>\n\n\n\n<p class=\"wp-block-paragraph\">&nbsp;<\/p>\n\n\n\n<p class=\"wp-block-paragraph\"><\/p>\n","protected":false},"excerpt":{"rendered":"<p>Unidos por una noble causa: Apoyamos a Casa Valentina a trav\u00e9s del Tapat\u00f3n y Librot\u00f3n. <\/p>\n","protected":false},"author":4,"featured_media":890,"comment_status":"open","ping_status":"open","sticky":false,"template":"","format":"standard","meta":{"footnotes":""},"categories":[17,16,15],"tags":[],"class_list":["post-885","post","type-post","status-publish","format-standard","has-post-thumbnail","hentry","category-comunidad","category-donatarias","category-voluntariado"],"_links":{"self":[{"href":"https:\/\/fundaciongrupoalerta.org\/blog\/wp-json\/wp\/v2\/posts\/885","targetHints":{"allow":["GET"]}}],"collection":[{"href":"https:\/\/fundaciongrupoalerta.org\/blog\/wp-json\/wp\/v2\/posts"}],"about":[{"href":"https:\/\/fundaciongrupoalerta.org\/blog\/wp-json\/wp\/v2\/types\/post"}],"author":[{"embeddable":true,"href":"https:\/\/fundaciongrupoalerta.org\/blog\/wp-json\/wp\/v2\/users\/4"}],"replies":[{"embeddable":true,"href":"https:\/\/fundaciongrupoalerta.org\/blog\/wp-json\/wp\/v2\/comments?post=885"}],"version-history":[{"count":4,"href":"https:\/\/fundaciongrupoalerta.org\/blog\/wp-json\/wp\/v2\/posts\/885\/revisions"}],"predecessor-version":[{"id":895,"href":"https:\/\/fundaciongrupoalerta.org\/blog\/wp-json\/wp\/v2\/posts\/885\/revisions\/895"}],"wp:featuredmedia":[{"embeddable":true,"href":"https:\/\/fundaciongrupoalerta.org\/blog\/wp-json\/wp\/v2\/media\/890"}],"wp:attachment":[{"href":"https:\/\/fundaciongrupoalerta.org\/blog\/wp-json\/wp\/v2\/media?parent=885"}],"wp:term":[{"taxonomy":"category","embeddable":true,"href":"https:\/\/fundaciongrupoalerta.org\/blog\/wp-json\/wp\/v2\/categories?post=885"},{"taxonomy":"post_tag","embeddable":true,"href":"https:\/\/fundaciongrupoalerta.org\/blog\/wp-json\/wp\/v2\/tags?post=885"}],"curies":[{"name":"wp","href":"https:\/\/api.w.org\/{rel}","templated":true}]}}