{"id":896,"date":"2025-10-17T16:39:00","date_gmt":"2025-10-17T16:39:00","guid":{"rendered":"https:\/\/fundaciongrupoalerta.org\/blog\/?p=896"},"modified":"2026-07-21T16:49:18","modified_gmt":"2026-07-21T16:49:18","slug":"entrega-de-donacion-de-medicamento-a-caritas-mazatlan-i-a-p","status":"publish","type":"post","link":"https:\/\/fundaciongrupoalerta.org\/blog\/entrega-de-donacion-de-medicamento-a-caritas-mazatlan-i-a-p\/","title":{"rendered":"ENTREGA DE DONACI\u00d3N DE MEDICAMENTO A C\u00c1RITAS MAZATL\u00c1N I.A.P."},"content":{"rendered":"\n<figure class=\"wp-block-image aligncenter size-large is-resized\"><img fetchpriority=\"high\" decoding=\"async\" width=\"1200\" height=\"1200\" src=\"https:\/\/fundaciongrupoalerta.org\/blog\/wp-content\/uploads\/2026\/07\/WhatsApp-Image-2026-07-21-at-9.42.46-AM-edited.jpeg\" alt=\"\" class=\"wp-image-898\" style=\"width:588px;height:auto\" srcset=\"https:\/\/fundaciongrupoalerta.org\/blog\/wp-content\/uploads\/2026\/07\/WhatsApp-Image-2026-07-21-at-9.42.46-AM-edited.jpeg 1200w, https:\/\/fundaciongrupoalerta.org\/blog\/wp-content\/uploads\/2026\/07\/WhatsApp-Image-2026-07-21-at-9.42.46-AM-edited-300x300.jpeg 300w, https:\/\/fundaciongrupoalerta.org\/blog\/wp-content\/uploads\/2026\/07\/WhatsApp-Image-2026-07-21-at-9.42.46-AM-edited-1024x1024.jpeg 1024w, https:\/\/fundaciongrupoalerta.org\/blog\/wp-content\/uploads\/2026\/07\/WhatsApp-Image-2026-07-21-at-9.42.46-AM-edited-150x150.jpeg 150w, https:\/\/fundaciongrupoalerta.org\/blog\/wp-content\/uploads\/2026\/07\/WhatsApp-Image-2026-07-21-at-9.42.46-AM-edited-768x768.jpeg 768w\" sizes=\"(max-width: 1200px) 100vw, 1200px\" \/><\/figure>\n\n\n\n<p class=\"wp-block-paragraph\" style=\"line-height:1.6\">Como parte fundamental de nuestro programa de apoyo a donatarias y de nuestro compromiso permanente con la salud comunitaria, en <strong>Fundaci\u00f3n Grupo Alerta<\/strong> realizamos la entrega de m\u00e1s de 100 cajas de medicamento a <strong>C\u00e1ritas Mazatl\u00e1n<\/strong>.<\/p>\n\n\n\n<p class=\"wp-block-paragraph\" style=\"line-height:1.6\">Este importante donativo es el resultado tangible de la campa\u00f1a permanente de recolecci\u00f3n impulsada con el valioso esfuerzo de nuestro equipo de voluntarios, colaboradores de Grupo Alerta y amigos solidarios, quienes una vez m\u00e1s demuestran su gran esp\u00edritu de generosidad y empat\u00eda.<\/p>\n\n\n\n<p class=\"wp-block-paragraph\" style=\"line-height:1.6\">A trav\u00e9s de acciones como esta, buscamos fortalecer la labor que realiza C\u00e1ritas Mazatl\u00e1n, facilitando el acceso a tratamientos y mejorando la calidad de vida de las personas en situaci\u00f3n de vulnerabilidad.<\/p>\n\n\n\n<p class=\"wp-block-paragraph\" style=\"line-height:1.6\">Reiteramos nuestro agradecimiento a todas las personas que se suman y participan de manera constante en estas iniciativas. Su aportaci\u00f3n demuestra que, trabajando en equipo, podemos llevar bienestar y esperanza a quienes m\u00e1s lo necesitan.<\/p>\n\n\n\n<p class=\"wp-block-paragraph\"><\/p>\n","protected":false},"excerpt":{"rendered":"<p>Entregamos m\u00e1s de 100 cajas de medicamento a C\u00e1ritas Mazatl\u00e1n en beneficio de quienes m\u00e1s lo necesitan.<\/p>\n","protected":false},"author":4,"featured_media":898,"comment_status":"open","ping_status":"open","sticky":false,"template":"","format":"standard","meta":{"footnotes":""},"categories":[16],"tags":[],"class_list":["post-896","post","type-post","status-publish","format-standard","has-post-thumbnail","hentry","category-donatarias"],"_links":{"self":[{"href":"https:\/\/fundaciongrupoalerta.org\/blog\/wp-json\/wp\/v2\/posts\/896","targetHints":{"allow":["GET"]}}],"collection":[{"href":"https:\/\/fundaciongrupoalerta.org\/blog\/wp-json\/wp\/v2\/posts"}],"about":[{"href":"https:\/\/fundaciongrupoalerta.org\/blog\/wp-json\/wp\/v2\/types\/post"}],"author":[{"embeddable":true,"href":"https:\/\/fundaciongrupoalerta.org\/blog\/wp-json\/wp\/v2\/users\/4"}],"replies":[{"embeddable":true,"href":"https:\/\/fundaciongrupoalerta.org\/blog\/wp-json\/wp\/v2\/comments?post=896"}],"version-history":[{"count":1,"href":"https:\/\/fundaciongrupoalerta.org\/blog\/wp-json\/wp\/v2\/posts\/896\/revisions"}],"predecessor-version":[{"id":899,"href":"https:\/\/fundaciongrupoalerta.org\/blog\/wp-json\/wp\/v2\/posts\/896\/revisions\/899"}],"wp:featuredmedia":[{"embeddable":true,"href":"https:\/\/fundaciongrupoalerta.org\/blog\/wp-json\/wp\/v2\/media\/898"}],"wp:attachment":[{"href":"https:\/\/fundaciongrupoalerta.org\/blog\/wp-json\/wp\/v2\/media?parent=896"}],"wp:term":[{"taxonomy":"category","embeddable":true,"href":"https:\/\/fundaciongrupoalerta.org\/blog\/wp-json\/wp\/v2\/categories?post=896"},{"taxonomy":"post_tag","embeddable":true,"href":"https:\/\/fundaciongrupoalerta.org\/blog\/wp-json\/wp\/v2\/tags?post=896"}],"curies":[{"name":"wp","href":"https:\/\/api.w.org\/{rel}","templated":true}]}}