{"id":900,"date":"2025-10-21T16:51:00","date_gmt":"2025-10-21T16:51:00","guid":{"rendered":"https:\/\/fundaciongrupoalerta.org\/blog\/?p=900"},"modified":"2026-07-31T23:17:21","modified_gmt":"2026-07-31T23:17:21","slug":"entrega-de-materiales-y-suministros-a-escuela-vasco-de-quiroga","status":"publish","type":"post","link":"https:\/\/fundaciongrupoalerta.org\/blog\/entrega-de-materiales-y-suministros-a-escuela-vasco-de-quiroga\/","title":{"rendered":"ENTREGA DE MATERIALES Y SUMINISTROS A ESCUELA VASCO DE QUIROGA"},"content":{"rendered":"\n<figure class=\"wp-block-image aligncenter size-large is-resized\"><img fetchpriority=\"high\" decoding=\"async\" width=\"768\" height=\"1024\" src=\"https:\/\/fundaciongrupoalerta.org\/blog\/wp-content\/uploads\/2026\/07\/WhatsApp-Image-2026-06-16-at-4.32.25-PM-5-768x1024.jpeg\" alt=\"\" class=\"wp-image-905\" style=\"width:680px;height:auto\" srcset=\"https:\/\/fundaciongrupoalerta.org\/blog\/wp-content\/uploads\/2026\/07\/WhatsApp-Image-2026-06-16-at-4.32.25-PM-5-768x1024.jpeg 768w, https:\/\/fundaciongrupoalerta.org\/blog\/wp-content\/uploads\/2026\/07\/WhatsApp-Image-2026-06-16-at-4.32.25-PM-5-225x300.jpeg 225w, https:\/\/fundaciongrupoalerta.org\/blog\/wp-content\/uploads\/2026\/07\/WhatsApp-Image-2026-06-16-at-4.32.25-PM-5-1152x1536.jpeg 1152w, https:\/\/fundaciongrupoalerta.org\/blog\/wp-content\/uploads\/2026\/07\/WhatsApp-Image-2026-06-16-at-4.32.25-PM-5-1536x2048.jpeg 1536w, https:\/\/fundaciongrupoalerta.org\/blog\/wp-content\/uploads\/2026\/07\/WhatsApp-Image-2026-06-16-at-4.32.25-PM-5-scaled.jpeg 1920w\" sizes=\"(max-width: 768px) 100vw, 768px\" \/><\/figure>\n\n\n\n<p class=\"wp-block-paragraph\" style=\"line-height:1.6\">Como parte de nuestro firme compromiso con la educaci\u00f3n y el desarrollo de la ni\u00f1ez, en <strong>Fundaci\u00f3n Grupo Alerta<\/strong> \u2014a trav\u00e9s de nuestra valiosa alianza con <strong>Proeduca Sinaloa<\/strong>\u2014 realizamos la entrega de un importante donativo en especie a la escuela primaria <strong>Vasco de Quiroga<\/strong>, tras obtener el <strong>1er lugar en desempe\u00f1o<\/strong> dentro del programa Consejos Escolares.<\/p>\n\n\n\n<div class=\"wp-block-columns is-layout-flex wp-container-core-columns-is-layout-7387b849 wp-block-columns-is-layout-flex\">\n<div class=\"wp-block-column is-layout-flow wp-block-column-is-layout-flow\" style=\"flex-basis:50%\">\n<figure class=\"wp-block-image size-large\"><img decoding=\"async\" width=\"768\" height=\"1024\" src=\"https:\/\/fundaciongrupoalerta.org\/blog\/wp-content\/uploads\/2026\/07\/WhatsApp-Image-2026-06-16-at-4.32.24-PM-1-1-768x1024.jpeg\" alt=\"\" class=\"wp-image-903\" srcset=\"https:\/\/fundaciongrupoalerta.org\/blog\/wp-content\/uploads\/2026\/07\/WhatsApp-Image-2026-06-16-at-4.32.24-PM-1-1-768x1024.jpeg 768w, https:\/\/fundaciongrupoalerta.org\/blog\/wp-content\/uploads\/2026\/07\/WhatsApp-Image-2026-06-16-at-4.32.24-PM-1-1-225x300.jpeg 225w, https:\/\/fundaciongrupoalerta.org\/blog\/wp-content\/uploads\/2026\/07\/WhatsApp-Image-2026-06-16-at-4.32.24-PM-1-1-1152x1536.jpeg 1152w, https:\/\/fundaciongrupoalerta.org\/blog\/wp-content\/uploads\/2026\/07\/WhatsApp-Image-2026-06-16-at-4.32.24-PM-1-1-1536x2048.jpeg 1536w, https:\/\/fundaciongrupoalerta.org\/blog\/wp-content\/uploads\/2026\/07\/WhatsApp-Image-2026-06-16-at-4.32.24-PM-1-1-scaled.jpeg 1920w\" sizes=\"(max-width: 768px) 100vw, 768px\" \/><\/figure>\n<\/div>\n\n\n\n<div class=\"wp-block-column is-layout-flow wp-block-column-is-layout-flow\" style=\"flex-basis:50%\">\n<figure class=\"wp-block-image size-large\"><img decoding=\"async\" width=\"768\" height=\"1024\" src=\"https:\/\/fundaciongrupoalerta.org\/blog\/wp-content\/uploads\/2026\/07\/WhatsApp-Image-2026-06-16-at-4.32.25-PM-4-1-768x1024.jpeg\" alt=\"\" class=\"wp-image-904\" srcset=\"https:\/\/fundaciongrupoalerta.org\/blog\/wp-content\/uploads\/2026\/07\/WhatsApp-Image-2026-06-16-at-4.32.25-PM-4-1-768x1024.jpeg 768w, https:\/\/fundaciongrupoalerta.org\/blog\/wp-content\/uploads\/2026\/07\/WhatsApp-Image-2026-06-16-at-4.32.25-PM-4-1-225x300.jpeg 225w, https:\/\/fundaciongrupoalerta.org\/blog\/wp-content\/uploads\/2026\/07\/WhatsApp-Image-2026-06-16-at-4.32.25-PM-4-1-1152x1536.jpeg 1152w, https:\/\/fundaciongrupoalerta.org\/blog\/wp-content\/uploads\/2026\/07\/WhatsApp-Image-2026-06-16-at-4.32.25-PM-4-1-1536x2048.jpeg 1536w, https:\/\/fundaciongrupoalerta.org\/blog\/wp-content\/uploads\/2026\/07\/WhatsApp-Image-2026-06-16-at-4.32.25-PM-4-1-scaled.jpeg 1920w\" sizes=\"(max-width: 768px) 100vw, 768px\" \/><\/figure>\n<\/div>\n<\/div>\n\n\n\n<p class=\"wp-block-paragraph\" style=\"line-height:1.6\">La emotiva entrega se llev\u00f3 a cabo en un marco muy especial, enmarcado por las tradiciones mexicanas del <strong>D\u00eda de Muertos<\/strong>, donde adem\u00e1s se premi\u00f3 el talento de los estudiantes participantes en el concurso de calaveritas literarias. <\/p>\n\n\n\n<figure class=\"wp-block-image aligncenter size-large is-resized\"><img loading=\"lazy\" decoding=\"async\" width=\"2560\" height=\"2560\" src=\"https:\/\/fundaciongrupoalerta.org\/blog\/wp-content\/uploads\/2026\/07\/WhatsApp-Image-2026-06-16-at-4.32.25-PM-2-1-1-edited-scaled.jpeg\" alt=\"\" class=\"wp-image-907\" style=\"width:700px;height:auto\" srcset=\"https:\/\/fundaciongrupoalerta.org\/blog\/wp-content\/uploads\/2026\/07\/WhatsApp-Image-2026-06-16-at-4.32.25-PM-2-1-1-edited-scaled.jpeg 2560w, https:\/\/fundaciongrupoalerta.org\/blog\/wp-content\/uploads\/2026\/07\/WhatsApp-Image-2026-06-16-at-4.32.25-PM-2-1-1-edited-300x300.jpeg 300w, https:\/\/fundaciongrupoalerta.org\/blog\/wp-content\/uploads\/2026\/07\/WhatsApp-Image-2026-06-16-at-4.32.25-PM-2-1-1-edited-1024x1024.jpeg 1024w, https:\/\/fundaciongrupoalerta.org\/blog\/wp-content\/uploads\/2026\/07\/WhatsApp-Image-2026-06-16-at-4.32.25-PM-2-1-1-edited-150x150.jpeg 150w, https:\/\/fundaciongrupoalerta.org\/blog\/wp-content\/uploads\/2026\/07\/WhatsApp-Image-2026-06-16-at-4.32.25-PM-2-1-1-edited-768x768.jpeg 768w, https:\/\/fundaciongrupoalerta.org\/blog\/wp-content\/uploads\/2026\/07\/WhatsApp-Image-2026-06-16-at-4.32.25-PM-2-1-1-edited-1536x1536.jpeg 1536w, https:\/\/fundaciongrupoalerta.org\/blog\/wp-content\/uploads\/2026\/07\/WhatsApp-Image-2026-06-16-at-4.32.25-PM-2-1-1-edited-2048x2048.jpeg 2048w\" sizes=\"(max-width: 2560px) 100vw, 2560px\" \/><\/figure>\n\n\n\n<p class=\"wp-block-paragraph\" style=\"line-height:1.6\">Este logro es el reflejo del esfuerzo conjunto, la dedicaci\u00f3n y el trabajo en equipo entre padres de familia, maestros y facilitadores de Proeduca. Gracias a su compromiso, el reconocimiento se tradujo en beneficios reales y significativos para los alumnos, consistentes en pintura para puertas y ventanas, dos pintarrones y una bocina para eventos escolares, representando una inversi\u00f3n de <strong>$25,000 pesos<\/strong> orientada a mejorar sus espacios de aprendizaje.<\/p>\n\n\n\n<p class=\"wp-block-paragraph\"><\/p>\n","protected":false},"excerpt":{"rendered":"<p>Reconocemos la excelencia escolar: Premiamos a la Escuela Primaria Vasco de Quiroga en alianza con PROEDUCA Sinaloa.<\/p>\n","protected":false},"author":4,"featured_media":902,"comment_status":"open","ping_status":"open","sticky":false,"template":"","format":"standard","meta":{"footnotes":""},"categories":[16],"tags":[],"class_list":["post-900","post","type-post","status-publish","format-standard","has-post-thumbnail","hentry","category-donatarias"],"_links":{"self":[{"href":"https:\/\/fundaciongrupoalerta.org\/blog\/wp-json\/wp\/v2\/posts\/900","targetHints":{"allow":["GET"]}}],"collection":[{"href":"https:\/\/fundaciongrupoalerta.org\/blog\/wp-json\/wp\/v2\/posts"}],"about":[{"href":"https:\/\/fundaciongrupoalerta.org\/blog\/wp-json\/wp\/v2\/types\/post"}],"author":[{"embeddable":true,"href":"https:\/\/fundaciongrupoalerta.org\/blog\/wp-json\/wp\/v2\/users\/4"}],"replies":[{"embeddable":true,"href":"https:\/\/fundaciongrupoalerta.org\/blog\/wp-json\/wp\/v2\/comments?post=900"}],"version-history":[{"count":1,"href":"https:\/\/fundaciongrupoalerta.org\/blog\/wp-json\/wp\/v2\/posts\/900\/revisions"}],"predecessor-version":[{"id":908,"href":"https:\/\/fundaciongrupoalerta.org\/blog\/wp-json\/wp\/v2\/posts\/900\/revisions\/908"}],"wp:featuredmedia":[{"embeddable":true,"href":"https:\/\/fundaciongrupoalerta.org\/blog\/wp-json\/wp\/v2\/media\/902"}],"wp:attachment":[{"href":"https:\/\/fundaciongrupoalerta.org\/blog\/wp-json\/wp\/v2\/media?parent=900"}],"wp:term":[{"taxonomy":"category","embeddable":true,"href":"https:\/\/fundaciongrupoalerta.org\/blog\/wp-json\/wp\/v2\/categories?post=900"},{"taxonomy":"post_tag","embeddable":true,"href":"https:\/\/fundaciongrupoalerta.org\/blog\/wp-json\/wp\/v2\/tags?post=900"}],"curies":[{"name":"wp","href":"https:\/\/api.w.org\/{rel}","templated":true}]}}